{"id":668,"date":"2019-05-12T12:03:53","date_gmt":"2019-05-12T12:03:53","guid":{"rendered":"https:\/\/blog.ilgiornale.it\/angelini\/?p=668"},"modified":"2019-05-12T12:22:33","modified_gmt":"2019-05-12T12:22:33","slug":"rimpasto-di-governo-post-elezioni","status":"publish","type":"post","link":"https:\/\/blog.ilgiornale.it\/angelini\/2019\/05\/12\/rimpasto-di-governo-post-elezioni\/","title":{"rendered":"Trenta-Toninelli : rimpasto di governo post elezioni?"},"content":{"rendered":"<p>In toscana i bandi per l&#8217; accoglienza degli immigrati vanno deserti. Ma non erano tutte opere caritatevoli fatte da volontari? Evidentemente no. Ci hanno riempito le citt\u00e0 e i paesetti di immigrati difficilmente integrabili per fare soldi. Come volevasi dimostrare.<\/p>\n<p>Nel frattempo il libro su Salvini va alla grandissima e la casa editrice Altaforte anche.<\/p>\n<p>Tutto l&#8217; opposto di quello che avrebbero voluto i piddin\/globalist\/politically correct.<\/p>\n<p>BENE.<\/p>\n<p>Parallelamente Di Maio sposta sempre pi\u00f9 a sinistra l&#8217; offerta M5S. Si sta preparando ad un futuro governo con il PD oppure solo tattica elettorale? Mattarella per Di Maio \u00e8 diventato recentemente il baluardo della democrazia quando un anno fa ne chiedeva l&#8217; impeachment per la storia di Savona. Proprio quella storia che in questi giorni \u00e8 stata raccontata bene anche da Stefano Fassina. Savona divent\u00f2 inaccettabile come ministro dell&#8217; economia perch\u00e8 aveva scritto cose che non andavano bene a qualcuno.. \u00a0 (Bankintalia?) .<\/p>\n<p>Molto dipender\u00e0 dal risultato della elezioni europee. Se Salvini vincer\u00e0 con largo scarto, allora i 5 stelle dovranno subire un rimpasto di governo con riequilibrio dei ministeri . Calcolando che i due in quota Mattarella-UE non si toccheranno (Moavero-Tria) , allora<em><strong> la Trenta e\/o Toninelli dovranno fare le valigie se il governo rester\u00e0 gialloverde.<\/strong> <\/em>D&#8217; altronde sono apparsi a tutti i meno preparati. Dubito che la Trenta goda della fiducia di gran parte delle forze armate e soprattutto della Marina.\u00a0 Su Toninelli non ho altri commenti da fare.<\/p>\n<p>Dubito altres\u00ec\u00a0 che Mattarella in caso di crisi di governo vorr\u00e0 concedere le elezioni anticipate in tempi brevi. Troppo rischio che Salvini faccia il pieno magari in alleanza solo con Fratelli d&#8217; Italia.<\/p>\n<p>Pi\u00f9 facile che in caso di crisi di governo ci sia un governo Cottarelli-Draghi appoggiato da pentastellati e PD. Ma questo vuole il paese?<\/p>\n<p>Io non lo credo. Penso che la maggiornanza del paese voglia la flat tax e la chiusura dei porti e che non voglia sottostare ai diktat di Moscovici e company. Bisogna dimostrarlo alle elezioni.<\/p>\n<p><a href=\"https:\/\/blog.ilgiornale.it\/angelini\/files\/2019\/03\/1530471984159.jpg-luigi_di_maio__la_condanna_a_morte_di_mediaset__e_rai____perche_hanno_i_giorni_contati_.jpg\"><img loading=\"lazy\" class=\"alignnone size-medium wp-image-614\" src=\"https:\/\/blog.ilgiornale.it\/angelini\/files\/2019\/03\/1530471984159.jpg-luigi_di_maio__la_condanna_a_morte_di_mediaset__e_rai____perche_hanno_i_giorni_contati_-300x200.jpg\" alt=\"1530471984159.jpg--luigi_di_maio__la_condanna_a_morte_di_mediaset__e_rai____perche_hanno_i_giorni_contati_\" width=\"300\" height=\"200\" srcset=\"https:\/\/blog.ilgiornale.it\/angelini\/files\/2019\/03\/1530471984159.jpg-luigi_di_maio__la_condanna_a_morte_di_mediaset__e_rai____perche_hanno_i_giorni_contati_-300x200.jpg 300w, https:\/\/blog.ilgiornale.it\/angelini\/files\/2019\/03\/1530471984159.jpg-luigi_di_maio__la_condanna_a_morte_di_mediaset__e_rai____perche_hanno_i_giorni_contati_.jpg 610w\" sizes=\"(max-width: 300px) 100vw, 300px\" \/><\/a><\/p>\n","protected":false},"excerpt":{"rendered":"<p><p>In toscana i bandi per l&#8217; accoglienza degli immigrati vanno deserti. Ma non erano tutte opere caritatevoli fatte da volontari? Evidentemente no. Ci hanno riempito le citt\u00e0 e i paesetti di immigrati difficilmente integrabili per fare soldi. Come volevasi dimostrare. Nel frattempo il libro su Salvini va alla grandissima e la casa editrice Altaforte anche. Tutto l&#8217; opposto di quello che avrebbero voluto i piddin\/globalist\/politically correct. BENE. Parallelamente Di Maio sposta sempre pi\u00f9 a sinistra l&#8217; offerta M5S. Si sta preparando ad un futuro governo con il PD oppure solo tattica elettorale? Mattarella per Di Maio \u00e8 diventato recentemente il [&hellip;]<\/p>\n&nbsp;&nbsp;<div class=\"readmore\"><a href=\"https:\/\/blog.ilgiornale.it\/angelini\/2019\/05\/12\/rimpasto-di-governo-post-elezioni\/\">Continua a leggere...<\/a><\/div><\/p>","protected":false},"author":1042,"featured_media":672,"comment_status":"open","ping_status":"closed","sticky":false,"template":"","format":"standard","meta":[],"categories":[74273,829,121434,246064,25887,64],"tags":[60352,78232,64114,40865],"_links":{"self":[{"href":"https:\/\/blog.ilgiornale.it\/angelini\/wp-json\/wp\/v2\/posts\/668"}],"collection":[{"href":"https:\/\/blog.ilgiornale.it\/angelini\/wp-json\/wp\/v2\/posts"}],"about":[{"href":"https:\/\/blog.ilgiornale.it\/angelini\/wp-json\/wp\/v2\/types\/post"}],"author":[{"embeddable":true,"href":"https:\/\/blog.ilgiornale.it\/angelini\/wp-json\/wp\/v2\/users\/1042"}],"replies":[{"embeddable":true,"href":"https:\/\/blog.ilgiornale.it\/angelini\/wp-json\/wp\/v2\/comments?post=668"}],"version-history":[{"count":7,"href":"https:\/\/blog.ilgiornale.it\/angelini\/wp-json\/wp\/v2\/posts\/668\/revisions"}],"predecessor-version":[{"id":676,"href":"https:\/\/blog.ilgiornale.it\/angelini\/wp-json\/wp\/v2\/posts\/668\/revisions\/676"}],"wp:featuredmedia":[{"embeddable":true,"href":"https:\/\/blog.ilgiornale.it\/angelini\/wp-json\/wp\/v2\/media\/672"}],"wp:attachment":[{"href":"https:\/\/blog.ilgiornale.it\/angelini\/wp-json\/wp\/v2\/media?parent=668"}],"wp:term":[{"taxonomy":"category","embeddable":true,"href":"https:\/\/blog.ilgiornale.it\/angelini\/wp-json\/wp\/v2\/categories?post=668"},{"taxonomy":"post_tag","embeddable":true,"href":"https:\/\/blog.ilgiornale.it\/angelini\/wp-json\/wp\/v2\/tags?post=668"}],"curies":[{"name":"wp","href":"https:\/\/api.w.org\/{rel}","templated":true}]}}