{"id":1346,"date":"2016-05-09T07:00:45","date_gmt":"2016-05-09T05:00:45","guid":{"rendered":"https:\/\/blog.ilgiornale.it\/bertirotti\/?p=1346"},"modified":"2016-05-09T07:00:45","modified_gmt":"2016-05-09T05:00:45","slug":"maschi-debolucci-eh-si-sempre-peggio","status":"publish","type":"post","link":"https:\/\/blog.ilgiornale.it\/bertirotti\/2016\/05\/09\/maschi-debolucci-eh-si-sempre-peggio\/","title":{"rendered":"Maschi debolucci? Eh, s\u00ec\u2026 sempre peggio."},"content":{"rendered":"<p><a href=\"https:\/\/blog.ilgiornale.it\/bertirotti\/files\/2016\/05\/BENE-E-MALE.jpg\"><img loading=\"lazy\" class=\"alignleft size-thumbnail wp-image-1348\" src=\"https:\/\/blog.ilgiornale.it\/bertirotti\/files\/2016\/05\/BENE-E-MALE-150x150.jpg\" alt=\"IMMAGINE PRESA DAL WEB\" width=\"150\" height=\"150\" \/><\/a>\u00c8 tutta questione di\u2026\u00a0<strong>realt\u00e0<\/strong>.<\/p>\n<p>Noi sappiamo, almeno lo sanno tutti coloro che utilizzano il cervello e la mente nelle loro funzioni evidenti,\u00a0 che la realt\u00e0 non esiste se non attraverso una costruzione della stessa nella mente di colui che la osserva. E sono molti gli studi neuro-cognitivi che lo dimostrano e lo evidenziano. Certo gli <strong>studi<\/strong>, vanno letti, altrimenti si crede che le cose siano realmente come il nostro cervello le ricostruisce sotto forma di modelli e rappresentazioni che chiamiamo, appunto, realt\u00e0.<\/p>\n<p>Questa premessa \u00e8 utile a chiarire, una volta per tutte in questo blog, che le lamentazioni infantili dei maschi che si sentono vittime della violenza femminile, come se fossero indifesi di fronte alla loro scelta di frequentare streghe contemporanee, sono, dal mio punto di vista, ridicole manifestazioni di individui monolitici. Che esista violenza nel mondo femminile, specialmente in quello adolescenziale (sempre in costante <strong><em>escalation<\/em><\/strong> verso pratiche aggressive esasperate), e che sia sempre esistita, non meraviglia nessuno, ma che si possa credere in una maggiore espressione di questa violenza contro i maschi a livello mondiale mi sembra davvero una esagerazione.<\/p>\n<p>Quindi, coloro che si accorgono in tarda et\u00e0 di essersi accompagnati con una femmina violenta sono in stato di sofferenza mentale esattamente come quelle femmine che credono di redimere, con spirito missionario, la violenza del maschio. Esistono avvisaglie nel comportamento che fanno comprendere con chiarezza la natura concreta sottesa a comportamenti di coppia patologici, tanto maschili quanto femminili e coloro che permettono, maschi e femmine, violenza ed aggressioni &#8220;si meritano&#8221; tali comportamenti.<\/p>\n<p>Si <strong>meritano<\/strong>? S\u00ec, perch\u00e9 se al primo dito che si alza, maschile o femminile, non si incontra il partner\/la partner che telefona ai carabinieri, significa che si vede la realt\u00e0 costruendosi un&#8217;idea diversa del rapporto reale di coppia. E poich\u00e9, come ho scritto pi\u00f9 sopra, la realt\u00e0 \u00e8 una costruzione neuro-cognitiva nella quale prendono forma le nostre convinzioni, \u00e8 bene verificare, assieme ai carabinieri, se la violenza \u00e8 vera, presunta, ossia meravigliosamente costruita. E si badi bene, la violenza non \u00e8 lo schiaffo finale, l&#8217;aggressione omicida, perch\u00e9 la violenza reale \u00e8 l&#8217;insieme degli atteggiamenti e comportamenti quotidiani che costituiscono questa escalation sino al suo culmine. Ho gi\u00e0 scritto in questo blog che il &#8220;raptus&#8221; \u00e8 una fandonia scientifica, perch\u00e9 \u00e8 raro impazzire di colpo, senza che si possa cogliere nel comportamento di una persona qualche avvisaglia precedente.<\/p>\n<p>Questo vale tanto per le femmine, quanto per il maschi.<\/p>\n<p>Quindi, care <strong>femminucce<\/strong> e cari <strong>maschietti<\/strong>, cerchiamo tutti di maturare, una volta per tutte, ossia di comprendere che siamo deboli, fragili e davvero stupidi individui, specialmente quando crediamo di enunciare una \u201cverit\u00e0 sacrosanta\u201d affermando che esistono vittime e carnefici perfettamente separabili.<\/p>\n<p>La realt\u00e0 mentale di tutti noi \u00e8 che in ognuno di noi abitano il male ed il bene, perfettamente confusi e solo un rapporto di coppia severo e razionale potr\u00e0 chiarire il nostro modo di amare il peggio di noi, che vogliamo troppo spesso riconoscere solo nell&#8217;altro\/a.<\/p>\n","protected":false},"excerpt":{"rendered":"<p><p>\u00c8 tutta questione di\u2026\u00a0realt\u00e0. Noi sappiamo, almeno lo sanno tutti coloro che utilizzano il cervello e la mente nelle loro funzioni evidenti,\u00a0 che la realt\u00e0 non esiste se non attraverso una costruzione della stessa nella mente di colui che la osserva. E sono molti gli studi neuro-cognitivi che lo dimostrano e lo evidenziano. Certo gli studi, vanno letti, altrimenti si crede che le cose siano realmente come il nostro cervello le ricostruisce sotto forma di modelli e rappresentazioni che chiamiamo, appunto, realt\u00e0. Questa premessa \u00e8 utile a chiarire, una volta per tutte in questo blog, che le lamentazioni infantili dei [&hellip;]<\/p>\n&nbsp;&nbsp;<div class=\"readmore\"><a href=\"https:\/\/blog.ilgiornale.it\/bertirotti\/2016\/05\/09\/maschi-debolucci-eh-si-sempre-peggio\/\">Continua a leggere...<\/a><\/div><\/p>","protected":false},"author":1039,"featured_media":1348,"comment_status":"open","ping_status":"closed","sticky":false,"template":"","format":"standard","meta":[],"categories":[41326],"tags":[53957,63170,63171,405285],"_links":{"self":[{"href":"https:\/\/blog.ilgiornale.it\/bertirotti\/wp-json\/wp\/v2\/posts\/1346"}],"collection":[{"href":"https:\/\/blog.ilgiornale.it\/bertirotti\/wp-json\/wp\/v2\/posts"}],"about":[{"href":"https:\/\/blog.ilgiornale.it\/bertirotti\/wp-json\/wp\/v2\/types\/post"}],"author":[{"embeddable":true,"href":"https:\/\/blog.ilgiornale.it\/bertirotti\/wp-json\/wp\/v2\/users\/1039"}],"replies":[{"embeddable":true,"href":"https:\/\/blog.ilgiornale.it\/bertirotti\/wp-json\/wp\/v2\/comments?post=1346"}],"version-history":[{"count":2,"href":"https:\/\/blog.ilgiornale.it\/bertirotti\/wp-json\/wp\/v2\/posts\/1346\/revisions"}],"predecessor-version":[{"id":1349,"href":"https:\/\/blog.ilgiornale.it\/bertirotti\/wp-json\/wp\/v2\/posts\/1346\/revisions\/1349"}],"wp:featuredmedia":[{"embeddable":true,"href":"https:\/\/blog.ilgiornale.it\/bertirotti\/wp-json\/wp\/v2\/media\/1348"}],"wp:attachment":[{"href":"https:\/\/blog.ilgiornale.it\/bertirotti\/wp-json\/wp\/v2\/media?parent=1346"}],"wp:term":[{"taxonomy":"category","embeddable":true,"href":"https:\/\/blog.ilgiornale.it\/bertirotti\/wp-json\/wp\/v2\/categories?post=1346"},{"taxonomy":"post_tag","embeddable":true,"href":"https:\/\/blog.ilgiornale.it\/bertirotti\/wp-json\/wp\/v2\/tags?post=1346"}],"curies":[{"name":"wp","href":"https:\/\/api.w.org\/{rel}","templated":true}]}}