{"id":1452,"date":"2016-07-21T08:18:45","date_gmt":"2016-07-21T06:18:45","guid":{"rendered":"https:\/\/blog.ilgiornale.it\/bertirotti\/?p=1452"},"modified":"2016-07-21T08:18:45","modified_gmt":"2016-07-21T06:18:45","slug":"non-ci-resta-che-credere","status":"publish","type":"post","link":"https:\/\/blog.ilgiornale.it\/bertirotti\/2016\/07\/21\/non-ci-resta-che-credere\/","title":{"rendered":"Non ci resta che credere"},"content":{"rendered":"<p><a href=\"https:\/\/blog.ilgiornale.it\/bertirotti\/files\/2016\/07\/immagine-presa-dal-web.jpg\"><img loading=\"lazy\" class=\"alignleft size-thumbnail wp-image-1455\" src=\"https:\/\/blog.ilgiornale.it\/bertirotti\/files\/2016\/07\/immagine-presa-dal-web-150x150.jpg\" alt=\"immagine presa dal web\" width=\"150\" height=\"150\" \/><\/a>\u00c8 tutta questione di\u2026 <strong>volont\u00e0<\/strong>.<\/p>\n<p>Quante volte abbiamo dato la colpa alla volont\u00e0, la nostra oppure quella altrui, per giustificare, nel positivo, come nel negativo, i nostri comportamenti? Credo tante volte, e forse non sono il solo ad averlo fatto.<\/p>\n<p>Eppure, non \u00e8 semplice definire la volont\u00e0, e tanto meno i processi cognitivi che intervengono quando decidiamo di utilizzarla. Sappiamo molto sul funzionamento della zona critica del nostro cervello, la corteccia prefrontale e frontale, ma non abbiamo ancora compreso come arriviamo a determinare quella serie di azioni che ci conducono all&#8217;esercizio della volont\u00e0. In questo processo, la coscienza, di cui sappiamo ancora meno, interviene in modo determinante, e gli studi sul <em>decision making<\/em> affrontano con seriet\u00e0 il tema.<\/p>\n<p>Per far comprendere ai miei studenti la complessit\u00e0 della volizione cito questa poesia della mia amata <strong>Emily Dickinson<\/strong>:<\/p>\n<p>&#8220;Ci sono due potrei,<\/p>\n<p>e poi un devo<\/p>\n<p>e dopo ancora un sar\u00f2.<\/p>\n<p>Che infinit\u00e0 di compromessi<\/p>\n<p>per indicare l&#8217;io voglio&#8221;.<\/p>\n<p>E siamo alla fine dell&#8217;Ottocento, quando questa grande donna riesce, nella sua solitudine e con la sua sensibilit\u00e0 poetica, ad indicare perfettamente il processo mentale che ci porta ad esercitare la volont\u00e0, in tutte le situazioni della vita, da quelle sentimentali, le pi\u00f9 difficili ma importanti che possiamo incontrare nel nostro cammino, a quelle professionali, altra faccia delle prime.<\/p>\n<p>Ebbene, dopo anni di riflessione, ma non solo su questo tema, credo che l&#8217;atto pi\u00f9 evidente e sublime della nostra volont\u00e0 sia il <strong><em>credere<\/em><\/strong>, ossia l&#8217;<em>avere fede in qualche cosa o qualcuno<\/em>, e non importa affatto conoscere l&#8217;identit\u00e0 di questo <em>qualche cosa<\/em> o <em>qualcuno<\/em>. Solo la fede, di qualsiasi tipo essa sia, \u00e8 l&#8217;atto magistrale della nostra volont\u00e0, perch\u00e9 dipende esclusivamente da noi, senza altro tipo di condizionamento. Non crediamo con la ragione, altrimenti non inizieremmo mai a credere; non lo facciamo con l&#8217;analisi delle cose, perch\u00e9 avremo sempre qualche elemento che ce lo sconsiglia; non crediamo con l&#8217;esempio altrui, altrimenti, facendo generalmente riferimento al negativo, nessuno penserebbe positivo.<\/p>\n<p>Crediamo per necessit\u00e0 e per bisogno. S\u00ec, e non si tratta di un delitto della ragione, come sostengono e hanno sostenuto alcuni intellettuali. Non \u00e8 un paradosso dire che abbiamo bisogno di credere, perch\u00e9 tutta la nostra esistenza \u00e8 un bisogno, perch\u00e9 non possiamo rimanere consapevolmente soli, mentre desideriamo che la nostra conoscenza, di noi stessi e delle cose, ci porti a sentirci uniti al mondo intero, anche quando questa unione ci fa male.<\/p>\n<p>E il <strong>dolore<\/strong> diventa cos\u00ec la forma pi\u00f9 evidente e sovrana della nostra fede.<\/p>\n","protected":false},"excerpt":{"rendered":"<p><p>\u00c8 tutta questione di\u2026 volont\u00e0. Quante volte abbiamo dato la colpa alla volont\u00e0, la nostra oppure quella altrui, per giustificare, nel positivo, come nel negativo, i nostri comportamenti? Credo tante volte, e forse non sono il solo ad averlo fatto. Eppure, non \u00e8 semplice definire la volont\u00e0, e tanto meno i processi cognitivi che intervengono quando decidiamo di utilizzarla. Sappiamo molto sul funzionamento della zona critica del nostro cervello, la corteccia prefrontale e frontale, ma non abbiamo ancora compreso come arriviamo a determinare quella serie di azioni che ci conducono all&#8217;esercizio della volont\u00e0. In questo processo, la coscienza, di cui [&hellip;]<\/p>\n&nbsp;&nbsp;<div class=\"readmore\"><a href=\"https:\/\/blog.ilgiornale.it\/bertirotti\/2016\/07\/21\/non-ci-resta-che-credere\/\">Continua a leggere...<\/a><\/div><\/p>","protected":false},"author":1039,"featured_media":1455,"comment_status":"open","ping_status":"closed","sticky":false,"template":"","format":"standard","meta":[],"categories":[53964],"tags":[53957,152398,60861,7820,152396,53965],"_links":{"self":[{"href":"https:\/\/blog.ilgiornale.it\/bertirotti\/wp-json\/wp\/v2\/posts\/1452"}],"collection":[{"href":"https:\/\/blog.ilgiornale.it\/bertirotti\/wp-json\/wp\/v2\/posts"}],"about":[{"href":"https:\/\/blog.ilgiornale.it\/bertirotti\/wp-json\/wp\/v2\/types\/post"}],"author":[{"embeddable":true,"href":"https:\/\/blog.ilgiornale.it\/bertirotti\/wp-json\/wp\/v2\/users\/1039"}],"replies":[{"embeddable":true,"href":"https:\/\/blog.ilgiornale.it\/bertirotti\/wp-json\/wp\/v2\/comments?post=1452"}],"version-history":[{"count":3,"href":"https:\/\/blog.ilgiornale.it\/bertirotti\/wp-json\/wp\/v2\/posts\/1452\/revisions"}],"predecessor-version":[{"id":1456,"href":"https:\/\/blog.ilgiornale.it\/bertirotti\/wp-json\/wp\/v2\/posts\/1452\/revisions\/1456"}],"wp:featuredmedia":[{"embeddable":true,"href":"https:\/\/blog.ilgiornale.it\/bertirotti\/wp-json\/wp\/v2\/media\/1455"}],"wp:attachment":[{"href":"https:\/\/blog.ilgiornale.it\/bertirotti\/wp-json\/wp\/v2\/media?parent=1452"}],"wp:term":[{"taxonomy":"category","embeddable":true,"href":"https:\/\/blog.ilgiornale.it\/bertirotti\/wp-json\/wp\/v2\/categories?post=1452"},{"taxonomy":"post_tag","embeddable":true,"href":"https:\/\/blog.ilgiornale.it\/bertirotti\/wp-json\/wp\/v2\/tags?post=1452"}],"curies":[{"name":"wp","href":"https:\/\/api.w.org\/{rel}","templated":true}]}}