{"id":2035,"date":"2017-08-31T06:48:19","date_gmt":"2017-08-31T04:48:19","guid":{"rendered":"https:\/\/blog.ilgiornale.it\/bertirotti\/?p=2035"},"modified":"2017-08-31T17:02:52","modified_gmt":"2017-08-31T15:02:52","slug":"caro-francesco-ti-scrivo","status":"publish","type":"post","link":"https:\/\/blog.ilgiornale.it\/bertirotti\/2017\/08\/31\/caro-francesco-ti-scrivo\/","title":{"rendered":"Caro Francesco ti scrivo&#8230;"},"content":{"rendered":"<p><a href=\"https:\/\/blog.ilgiornale.it\/bertirotti\/files\/2017\/08\/papa.jpg\"><img loading=\"lazy\" class=\"alignleft size-thumbnail wp-image-2041\" src=\"https:\/\/blog.ilgiornale.it\/bertirotti\/files\/2017\/08\/papa-150x150.jpg\" alt=\"\" width=\"150\" height=\"150\" \/><\/a>\u00c8 tutta questione di\u2026 <strong>chiarezza e coraggio<\/strong>.<\/p>\n<p>Come avevo preannunciato, scrivo queste poche righe a Papa Francesco, che avr\u00e0 ben altro da fare che leggermi, ovviamente. Ma non importa, perch\u00e9 con la mia coscienza sono a posto, anche di fronte a Dio.<\/p>\n<p>\u00c8 necessaria una premessa, senza della quale potrei essere frainteso. Le mie parole sono di un cattolico apostolico romano, che vuole ardentemente rimanere tale, per una serie di motivazioni che non evidenzio qui, perch\u00e9 toglierebbero spazio a quello che voglio dirle.<\/p>\n<p>Bene, precisato questo, una ulteriore puntualizzazione riguarda il fatto che le mie parole seguono il sentire della fede, della mia misera conoscenza del Vangelo e non della ragione, ma forse della ragionevolezza.<\/p>\n<p>Nel <strong>Vangelo<\/strong> della scorsa domenica, Mt 16, 13-20, il Cristo chiede ai suoi apostoli chi credeva il mondo che lui fosse; e continua ponendo la stessa domanda agli apostoli interrogandoli sulla loro stessa credenza nei suoi confronti. Simone figlio di Giona, ossia Pietro, risponde che il Figlio dell&#8217;Uomo \u00e8 Cristo, il Figlio del Dio Vivente. Lo dice un pescatore rozzo, quasi analfabeta, persona semplice, umile e certamente non dotta.\u00a0 E quindi, io riconosco, Caro Francesco, che anche tu sia illuminato dallo Spirito Santo e che quello che dici, quando \u00e8 in sintonia esatta con il Vangelo, \u00e8 infallibile. Certo, quando \u00e8 presente tale sintonia. Quando \u00e8 assente questa sintonia, e ti preoccupi di dare consigli sulla politica di uno Stato, mi piacerebbe sapere da te perch\u00e9 lo fai. E ti do anche del tu, proprio come il Cristo diceva di desiderare, quando\u00a0 affermava che saremmo diventati suoi amici, e non ci sarebbero pi\u00f9 stati padroni e servi.<\/p>\n<p>Quello che dici, nelle tue importanti dichiarazioni, encicliche e lettere \u00e8 personalmente assai apprezzato, e lo apprezzo con il Lume della fede. Eppure, la storia temporale della Chiesa ha avuto espressioni papali non sempre degne di essere ricordate con fierezza, ma questo \u00e8 previsto. Il Cristo conosceva colui che lo avrebbe rinnegato ben tre volte, impaurito dalla possibilit\u00e0 di fare la stessa fine in croce, una fine che certo si \u00e8 presentata contro-intuitiva, anche per un pescatore, perch\u00e9 molto lontana dall&#8217;idea che si era fatto di un Re.<\/p>\n<p>Quindi, al di l\u00e0 del fatto che sei un <strong>gesuita<\/strong>, e conosciamo la storia di Sant&#8217;Ignazio di Loyola, e sappiamo ci\u00f2 che accaduto con lui nell&#8217;America del Sud dal quale tu stesso provieni, non pensi che sarebbe molto importante che i cristiani avessero una guida <em>super partes<\/em>, rispetto a tutte le tematiche temporali? E non pensi che solo in questo modo, il messaggio cristologico potrebbe davvero superare qualsiasi barriera temporale e produrre quegli effetti che lo stesso Cristo ha prodotto nella storia dell&#8217;Umanit\u00e0 intera?<\/p>\n<p>Scusami se mi sono permesso, ma per la prima volta in vita mia, e forse anche l&#8217;ultima, avevo la necessit\u00e0 di parlare al mio Papa. E tu porti un nome che non hai scelto a caso e forse il tuo Santo predecessore ha agito politicamente consapevole che la portata storica del suo dire sarebbe stata tale solo se avesse, come ha fatto, inviato messaggi chiari spiritualmente, senza trattare temi di politica medievale.<\/p>\n<p>Cari saluti, Alessandro.<\/p>\n","protected":false},"excerpt":{"rendered":"<p><p>\u00c8 tutta questione di\u2026 chiarezza e coraggio. Come avevo preannunciato, scrivo queste poche righe a Papa Francesco, che avr\u00e0 ben altro da fare che leggermi, ovviamente. Ma non importa, perch\u00e9 con la mia coscienza sono a posto, anche di fronte a Dio. \u00c8 necessaria una premessa, senza della quale potrei essere frainteso. Le mie parole sono di un cattolico apostolico romano, che vuole ardentemente rimanere tale, per una serie di motivazioni che non evidenzio qui, perch\u00e9 toglierebbero spazio a quello che voglio dirle. Bene, precisato questo, una ulteriore puntualizzazione riguarda il fatto che le mie parole seguono il sentire della [&hellip;]<\/p>\n&nbsp;&nbsp;<div class=\"readmore\"><a href=\"https:\/\/blog.ilgiornale.it\/bertirotti\/2017\/08\/31\/caro-francesco-ti-scrivo\/\">Continua a leggere...<\/a><\/div><\/p>","protected":false},"author":1039,"featured_media":2041,"comment_status":"open","ping_status":"closed","sticky":false,"template":"","format":"standard","meta":[],"categories":[152355],"tags":[53957,405339,23456,405261,48259],"_links":{"self":[{"href":"https:\/\/blog.ilgiornale.it\/bertirotti\/wp-json\/wp\/v2\/posts\/2035"}],"collection":[{"href":"https:\/\/blog.ilgiornale.it\/bertirotti\/wp-json\/wp\/v2\/posts"}],"about":[{"href":"https:\/\/blog.ilgiornale.it\/bertirotti\/wp-json\/wp\/v2\/types\/post"}],"author":[{"embeddable":true,"href":"https:\/\/blog.ilgiornale.it\/bertirotti\/wp-json\/wp\/v2\/users\/1039"}],"replies":[{"embeddable":true,"href":"https:\/\/blog.ilgiornale.it\/bertirotti\/wp-json\/wp\/v2\/comments?post=2035"}],"version-history":[{"count":4,"href":"https:\/\/blog.ilgiornale.it\/bertirotti\/wp-json\/wp\/v2\/posts\/2035\/revisions"}],"predecessor-version":[{"id":2042,"href":"https:\/\/blog.ilgiornale.it\/bertirotti\/wp-json\/wp\/v2\/posts\/2035\/revisions\/2042"}],"wp:featuredmedia":[{"embeddable":true,"href":"https:\/\/blog.ilgiornale.it\/bertirotti\/wp-json\/wp\/v2\/media\/2041"}],"wp:attachment":[{"href":"https:\/\/blog.ilgiornale.it\/bertirotti\/wp-json\/wp\/v2\/media?parent=2035"}],"wp:term":[{"taxonomy":"category","embeddable":true,"href":"https:\/\/blog.ilgiornale.it\/bertirotti\/wp-json\/wp\/v2\/categories?post=2035"},{"taxonomy":"post_tag","embeddable":true,"href":"https:\/\/blog.ilgiornale.it\/bertirotti\/wp-json\/wp\/v2\/tags?post=2035"}],"curies":[{"name":"wp","href":"https:\/\/api.w.org\/{rel}","templated":true}]}}