{"id":2357,"date":"2018-04-19T11:14:53","date_gmt":"2018-04-19T09:14:53","guid":{"rendered":"https:\/\/blog.ilgiornale.it\/bertirotti\/?p=2357"},"modified":"2018-04-19T11:14:53","modified_gmt":"2018-04-19T09:14:53","slug":"urlare-fa-moda","status":"publish","type":"post","link":"https:\/\/blog.ilgiornale.it\/bertirotti\/2018\/04\/19\/urlare-fa-moda\/","title":{"rendered":"Urlare fa moda"},"content":{"rendered":"<p><a href=\"https:\/\/blog.ilgiornale.it\/bertirotti\/files\/2018\/04\/odio.jpg\"><img loading=\"lazy\" class=\"alignleft size-thumbnail wp-image-2360\" src=\"https:\/\/blog.ilgiornale.it\/bertirotti\/files\/2018\/04\/odio-150x150.jpg\" alt=\"odio\" width=\"150\" height=\"150\" \/><\/a>Tutta questione di\u2026 <strong>rappresentanza imperfetta<\/strong>.<\/p>\n<p>Come siamo arrivati a questo\u201d?<\/p>\n<p>Due giorni fa \u00e8 andata in scena (\u00e8 proprio il caso di dire cos\u00ec\u2026) la <a href=\"https:\/\/www.ilgiornale.it\/news\/milano\/nessun-ok-allevento-anti-ebraico-1516250.html\" target=\"_blank\">performance<\/a> \u201cAssemblea #Cambiagiro \u2013 Universit\u00e0 Statale\u201d, organizzata dall\u2019Assemblea studentesca della Statale di Milano, in unione col \u201cFronte Palestina\u201d. L\u2019intento \u00e8 stato quello di manifestare, in modo indiscriminato, contro la partecipazione della Brigata ebraica alle celebrazioni del 25 aprile, e contro la partenza del giro d\u2019Italia da Israele.<\/p>\n<p>Il Giro d\u2019Italia inizia il 15 maggio prossimo, nel 70\u00b0 anniversario della nascita di Israele, e secondo questi signori si tratta di una \u201cmarchetta\u201d allo <strong>Stato<\/strong> sionista.<\/p>\n<p>Non ho nessuna intenzione di addentrarmi nella diatriba tra antisemitismo da un lato e antisionismo dall\u2019altro. Mi sembra invece giusto sottolineare che il Giro d\u2019Italia di quest\u2019anno \u00e8 intitolato a Gino Bartali. Lui, \u201cGiusto tra le Nazioni\u201d, che ha salvato quasi mille ebrei dalle persecuzioni nazifasciste.<\/p>\n<p>Detto questo, ci\u00f2 che mi disturba \u00e8 il fatto che la prestigiosa Universit\u00e0 Statale di Milano non abbia posto un fermo veto alla celebrazione dell\u2019evento, proprio all\u2019interno della sua sede. Le scuse ufficiali sodo ridicole, persino offensive, dal punto di vista storico e generale. Inoltre, non si \u00e8 ancora spento il suono oltraggioso dello slogan \u201cKhaybar, Khaybar, o ebrei, l\u2019armata di <strong>Maometto<\/strong> ritorner\u00e0\u201d, urlato dai manifestanti il 9 dicembre scorso, durante la manifestazione antisemita tenutasi a Milano, in Piazza Cavour.<\/p>\n<p>Da quello che so io, l\u2019Universit\u00e0 dovrebbe essere, per proprio statuto, il tempio laico di una societ\u00e0 multietnica, multiculturale, dove si celebri l\u2019incontro delle diversit\u00e0, per favorire il dialogo tra realt\u00e0 politiche diverse. La vedo invece avvilita, nel ruolo di fucina dell\u2019odio antiebraico. Soprattutto a pochi giorni di distanza dal brutale omicidio di Mireille Knoll, opportunamente torturata prima della morte. \u00c8 triste assistere a queste manifestazioni e alle <em>difese<\/em> di una Universit\u00e0 che disattende uno dei suoi compiti, quello educativo.<\/p>\n<p>Significa porre le basi istituzionali per l\u2019inquinamento dell\u2019Umanesimo che, da sempre, ha contraddistinto il nostro Paese e la nostra cultura. Ma lo conoscono gli universitari docenti, amministratori e dirigenti l\u2019Umanesimo? Forse, un tempo.<\/p>\n<p>E si sa, le cose cambiano.<\/p>\n","protected":false},"excerpt":{"rendered":"<p><p>Tutta questione di\u2026 rappresentanza imperfetta. Come siamo arrivati a questo\u201d? Due giorni fa \u00e8 andata in scena (\u00e8 proprio il caso di dire cos\u00ec\u2026) la performance \u201cAssemblea #Cambiagiro \u2013 Universit\u00e0 Statale\u201d, organizzata dall\u2019Assemblea studentesca della Statale di Milano, in unione col \u201cFronte Palestina\u201d. L\u2019intento \u00e8 stato quello di manifestare, in modo indiscriminato, contro la partecipazione della Brigata ebraica alle celebrazioni del 25 aprile, e contro la partenza del giro d\u2019Italia da Israele. Il Giro d\u2019Italia inizia il 15 maggio prossimo, nel 70\u00b0 anniversario della nascita di Israele, e secondo questi signori si tratta di una \u201cmarchetta\u201d allo Stato sionista. Non [&hellip;]<\/p>\n&nbsp;&nbsp;<div class=\"readmore\"><a href=\"https:\/\/blog.ilgiornale.it\/bertirotti\/2018\/04\/19\/urlare-fa-moda\/\">Continua a leggere...<\/a><\/div><\/p>","protected":false},"author":1039,"featured_media":2360,"comment_status":"open","ping_status":"closed","sticky":false,"template":"","format":"standard","meta":[],"categories":[73724],"tags":[53957,215963,11280,59532,38887,405319,180285],"_links":{"self":[{"href":"https:\/\/blog.ilgiornale.it\/bertirotti\/wp-json\/wp\/v2\/posts\/2357"}],"collection":[{"href":"https:\/\/blog.ilgiornale.it\/bertirotti\/wp-json\/wp\/v2\/posts"}],"about":[{"href":"https:\/\/blog.ilgiornale.it\/bertirotti\/wp-json\/wp\/v2\/types\/post"}],"author":[{"embeddable":true,"href":"https:\/\/blog.ilgiornale.it\/bertirotti\/wp-json\/wp\/v2\/users\/1039"}],"replies":[{"embeddable":true,"href":"https:\/\/blog.ilgiornale.it\/bertirotti\/wp-json\/wp\/v2\/comments?post=2357"}],"version-history":[{"count":3,"href":"https:\/\/blog.ilgiornale.it\/bertirotti\/wp-json\/wp\/v2\/posts\/2357\/revisions"}],"predecessor-version":[{"id":2361,"href":"https:\/\/blog.ilgiornale.it\/bertirotti\/wp-json\/wp\/v2\/posts\/2357\/revisions\/2361"}],"wp:featuredmedia":[{"embeddable":true,"href":"https:\/\/blog.ilgiornale.it\/bertirotti\/wp-json\/wp\/v2\/media\/2360"}],"wp:attachment":[{"href":"https:\/\/blog.ilgiornale.it\/bertirotti\/wp-json\/wp\/v2\/media?parent=2357"}],"wp:term":[{"taxonomy":"category","embeddable":true,"href":"https:\/\/blog.ilgiornale.it\/bertirotti\/wp-json\/wp\/v2\/categories?post=2357"},{"taxonomy":"post_tag","embeddable":true,"href":"https:\/\/blog.ilgiornale.it\/bertirotti\/wp-json\/wp\/v2\/tags?post=2357"}],"curies":[{"name":"wp","href":"https:\/\/api.w.org\/{rel}","templated":true}]}}