{"id":2709,"date":"2019-04-01T07:16:14","date_gmt":"2019-04-01T05:16:14","guid":{"rendered":"https:\/\/blog.ilgiornale.it\/bertirotti\/?p=2709"},"modified":"2019-04-01T07:16:14","modified_gmt":"2019-04-01T05:16:14","slug":"pericolo-a-sinistra","status":"publish","type":"post","link":"https:\/\/blog.ilgiornale.it\/bertirotti\/2019\/04\/01\/pericolo-a-sinistra\/","title":{"rendered":"Pericolo a sinistra"},"content":{"rendered":"<p><a href=\"https:\/\/blog.ilgiornale.it\/bertirotti\/files\/2019\/03\/Sinistra-pericolosa.png\"><img loading=\"lazy\" class=\"alignleft size-thumbnail wp-image-2710\" src=\"https:\/\/blog.ilgiornale.it\/bertirotti\/files\/2019\/03\/Sinistra-pericolosa-150x150.png\" alt=\"Sinistra pericolosa\" width=\"150\" height=\"150\" \/><\/a>\u00c8 tutta questione di\u2026 <strong>realt\u00e0<\/strong>.<\/p>\n<p>Che la sinistra sia alla frutta; che gli unici esponenti rimasti di questa antica ed utile posizione di pensiero siano alcuni giornalisti Rai; che la disperazione cognitiva e sentimentale sia oramai evidente, anche nelle manifestazioni di massa; che Zingaretti sia il curatore fallimentare delle macerie lasciate dal democristiano Renzi; che questa disperazione sia talmente palpabile da allontanare qualsiasi essere umano appena sufficientemente equilibrato; insomma che si sia arrivati alla frutta sembra oramai chiaro. Tristemente chiaro.<\/p>\n<p>Meno chiaro, sembra per ora, invece il fatto che queste manifestazioni siano potenzialmente pericolose. Lo si pu\u00f2 comprendere assai bene da questo <a href=\"https:\/\/www.ilgiornale.it\/news\/politica\/quelle-donne-marcia-sfila-lodio-anti-famiglie-1671633.html\">articolo<\/a>.<\/p>\n<p>\u00c8 vero, in passato vi sono stati fenomeni verbali di origine partitica diversa e nondimeno altrettanto deprecabili. Ma, essere portatori di valori come il pacifismo, l&#8217;accettazione delle diversit\u00e0, il rispetto per la dignit\u00e0 altrui, e poi utilizzare questo linguaggio, fa della attuale sinistra nazional-popolare qualcosa di <strong>oltremodo<\/strong> negativo. Ed ho la sensazione che se qualcuno desidera fomentare violenza da parti avverse, altri stiano cadendo nella rete a pi\u00e8 pari, senza nessuna consapevolezza sociale, quella che dichiarano di possedere solo a parole, perch\u00e9 i fatti come questi la negano con assoluta evidenza.<\/p>\n<p>La mia conclusione \u00e8 dunque che qualcuno dei politici di questa partizione culturale cerchi di non annullare del tutto quel poco che di civile rimane, ammesso che sia mai davvero esistito. \u00c8 necessario smettere di urlare nelle piazze frasi dementi, anti-evolutive e testimonianza della propria frustrazione esistenziale, mentre potrebbe essere utile produrre iniziative educative, mediatiche e pi\u00f9 intelligenti, specialmente finalizzate alla costruzione di un progetto a lungo <strong>termine<\/strong>. Un progetto nel quale i giovani, invece di dimostrare la loro necessaria e meravigliosa esuberanza ormonale, assieme a qualche attempato nostalgico e sovietico, siano portati per mano a sviluppare quella tolleranza che prevede la discussione civile. Certo, mi direte che questo vale anche per gli altri, quelli di destra (sempre ammesso che si possa continuare ad utilizzare questi obsoleti termini\u2026). \u00c8 vero, come \u00e8 altrettanto vero che la destra non ha quasi mai espresso una intelligenza dialogante, mentre si \u00e8 sempre dedicata ad ostentare monolitiche posizioni teoriche e sociali, e solo in questi ultimi anni sta lentamente dimostrando di essere anche intelligente. A fatica, \u00e8 vero, ma ci prova, come sta <strong>accadendo<\/strong> in questo periodo in cui riesce a governare anche in situazioni politicamente antitetiche. Perch\u00e9 la strada che dovremmo percorrere tutti, secondo me, dal punto di vista antropologico-mentale, \u00e8 proprio quella di imparare a convivere con i paradossi, ossia con le luci e le ombre che albergano in ogni essere umano. Tutti esprimiamo a parole quello che difficilmente riusciamo a realizzare in azioni, ed una delle funzioni evolutive della <em>parola<\/em> \u00e8 proprio quella: indicare nella nostra mente questi paesaggi culturali e sociali che desideriamo concretizzare.<\/p>\n<p>Non sempre la <em>parola<\/em> registra quello che \u00e8, ma spesso definisce quello che vorremmo fosse, oppure divenisse.<\/p>\n<p>\u00c8 utile <span style=\"color: #ff00ff\">ricordarlo<\/span>, secondo me.<\/p>\n","protected":false},"excerpt":{"rendered":"<p><p>\u00c8 tutta questione di\u2026 realt\u00e0. Che la sinistra sia alla frutta; che gli unici esponenti rimasti di questa antica ed utile posizione di pensiero siano alcuni giornalisti Rai; che la disperazione cognitiva e sentimentale sia oramai evidente, anche nelle manifestazioni di massa; che Zingaretti sia il curatore fallimentare delle macerie lasciate dal democristiano Renzi; che questa disperazione sia talmente palpabile da allontanare qualsiasi essere umano appena sufficientemente equilibrato; insomma che si sia arrivati alla frutta sembra oramai chiaro. Tristemente chiaro. Meno chiaro, sembra per ora, invece il fatto che queste manifestazioni siano potenzialmente pericolose. Lo si pu\u00f2 comprendere assai bene [&hellip;]<\/p>\n&nbsp;&nbsp;<div class=\"readmore\"><a href=\"https:\/\/blog.ilgiornale.it\/bertirotti\/2019\/04\/01\/pericolo-a-sinistra\/\">Continua a leggere...<\/a><\/div><\/p>","protected":false},"author":1039,"featured_media":2710,"comment_status":"open","ping_status":"closed","sticky":false,"template":"","format":"standard","meta":[],"categories":[41326],"tags":[53957,336060,230050,344338,89,191174,238,125,820,13658,26,65,260763,14505,68145,11738,344333,405261,288436,6111,197190,14714,14563],"_links":{"self":[{"href":"https:\/\/blog.ilgiornale.it\/bertirotti\/wp-json\/wp\/v2\/posts\/2709"}],"collection":[{"href":"https:\/\/blog.ilgiornale.it\/bertirotti\/wp-json\/wp\/v2\/posts"}],"about":[{"href":"https:\/\/blog.ilgiornale.it\/bertirotti\/wp-json\/wp\/v2\/types\/post"}],"author":[{"embeddable":true,"href":"https:\/\/blog.ilgiornale.it\/bertirotti\/wp-json\/wp\/v2\/users\/1039"}],"replies":[{"embeddable":true,"href":"https:\/\/blog.ilgiornale.it\/bertirotti\/wp-json\/wp\/v2\/comments?post=2709"}],"version-history":[{"count":2,"href":"https:\/\/blog.ilgiornale.it\/bertirotti\/wp-json\/wp\/v2\/posts\/2709\/revisions"}],"predecessor-version":[{"id":2712,"href":"https:\/\/blog.ilgiornale.it\/bertirotti\/wp-json\/wp\/v2\/posts\/2709\/revisions\/2712"}],"wp:featuredmedia":[{"embeddable":true,"href":"https:\/\/blog.ilgiornale.it\/bertirotti\/wp-json\/wp\/v2\/media\/2710"}],"wp:attachment":[{"href":"https:\/\/blog.ilgiornale.it\/bertirotti\/wp-json\/wp\/v2\/media?parent=2709"}],"wp:term":[{"taxonomy":"category","embeddable":true,"href":"https:\/\/blog.ilgiornale.it\/bertirotti\/wp-json\/wp\/v2\/categories?post=2709"},{"taxonomy":"post_tag","embeddable":true,"href":"https:\/\/blog.ilgiornale.it\/bertirotti\/wp-json\/wp\/v2\/tags?post=2709"}],"curies":[{"name":"wp","href":"https:\/\/api.w.org\/{rel}","templated":true}]}}