{"id":2720,"date":"2019-04-11T09:46:13","date_gmt":"2019-04-11T07:46:13","guid":{"rendered":"https:\/\/blog.ilgiornale.it\/bertirotti\/?p=2720"},"modified":"2019-04-11T09:46:13","modified_gmt":"2019-04-11T07:46:13","slug":"sinistra-cercasi","status":"publish","type":"post","link":"https:\/\/blog.ilgiornale.it\/bertirotti\/2019\/04\/11\/sinistra-cercasi\/","title":{"rendered":"Sinistra cercasi"},"content":{"rendered":"<p><a href=\"https:\/\/blog.ilgiornale.it\/bertirotti\/files\/2019\/04\/c\u00e8vitasinistra.jpg\"><img loading=\"lazy\" class=\"alignleft size-thumbnail wp-image-2721\" src=\"https:\/\/blog.ilgiornale.it\/bertirotti\/files\/2019\/04\/c\u00e8vitasinistra-150x150.jpg\" alt=\"c\u00e8vitasinistra\" width=\"150\" height=\"150\" \/><\/a>\u00c8 tutta questione di\u2026 <strong>crisi<\/strong>.<\/p>\n<p>Quando si dice non aver imparato alcunch\u00e9 dal passato!<\/p>\n<p>Nel ripercorrere le orme del suo predecessore, Pier Luigi Bersani (che nel 2013 battezz\u00f2 nelle file del PD l\u2019allora Procuratore Pietro Grasso), ecco che il novello Segretario Nicola Zingaretti lancia il Procuratore <a href=\"https:\/\/www.ilgiornale.it\/news\/politica\/zingaretti-riscopre-i-pm-roberti-capolista-pd-sud-1676639.html\">Franco Roberti<\/a>, candidandolo europeo per la circoscrizione Sud. Sulla persona del Dott. Roberti <em>nulla quaestio<\/em>. Il suo curriculum parla per lui. Dunque non \u00e8 in discussione la scelta sull\u2019uomo.<\/p>\n<p>Ci\u00f2 di cui, invece, si pu\u00f2 (e si deve) discutere \u00e8 ben altro.<\/p>\n<p>Tutti conosciamo l\u2019ascesa politica del Dott. Grasso, culminata con la sua fuoriuscita dal PD, la co-fondazione di LEU, un partito che il 4 marzo 2018 ha <strong>ottenuto<\/strong> poco pi\u00f9 del 3%.La storia ha un senso, legato non soltanto al mero sviluppo cronologico degli eventi, ma anche al suo ruolo pedagogico. Il detto popolare secondo cui \u201cla storia insegna\u201d, \u00e8 vero. E se insegna a noi cittadini, perch\u00e9 non insegna a chi, per mestiere, fa politica ed \u00e8 destinato ad incidere sulle nostre sorti, a prescindere se dai banchi del Governo o da quelli dell\u2019opposizione?<\/p>\n<p>Il PD \u00e8 refrattario agli insegnamenti della storia. Lo ha ampiamente dimostrato. Potremmo, persino, dire che la sua stessa esistenza in vita \u00e8 antistorica. L\u2019attuale esperienza di Governo, specie se <strong>rapportata<\/strong> alle ragioni della sconfitta della sinistra, durante le ultime consultazioni elettorali, dimostra un fatto. La scelta delle persone da candidare conta moltissimo, certo. D\u2019altro canto \u00e8 proprio dalle file dei candidati che \u201cescono\u201d i prossimi parlamentari e ministri.<\/p>\n<p>Ma la scelta dei candidati, di per s\u00e9, non basta.<\/p>\n<p>Occorre che questi ultimi possano spendere un valido programma di Governo, sul quale basare la propria campagna elettorale, in quanto destinato ad essere attuato una volta vinte le elezioni. Il PD non ha ancora compreso che gli elettori non <strong>guardano<\/strong> tanto ai candidati (di cui, per lo pi\u00f9, neppure hanno sentito parlare prima di quella specifica campagna elettorale) ma ai programmi. I cittadini scelgono i partiti da mandare al Governo, sulla base dell\u2019offerta politico-programmatica che viene offerta loro.<\/p>\n<p>Ed ora, pi\u00f9 che in altri periodi storici, le singole persone si auto-derminano al voto, scegliendo tra chi sa offrire risposte concrete ai problemi sociali ed economici e chi, al contrario, non ha risposte spendibili. Ad un mese e mezzo dalle consultazioni europee il PD non ci ha ancora comunicato la sua idea di <strong>programma<\/strong> per queste elezioni europee. Solo slogan contro la destra. E, sottolineo, al PD non basta aver aderito a \u201cSiamo Europei\u201d, e mutuare il programma di Calenda per poter dire di avere un proprio specifico programma di governo europeo.<\/p>\n<p>Pertanto, le domande sono: ben venga la candidatura del Dott. Roberti, ma quali sono gli interventi economici e le misure sociali che il PD intende far valere come azionista di \u201cSiamo Europei\u201d? Qual \u00e8 l\u2019idea di Europa che il PD intende <strong>promuovere<\/strong>, candidare e, ove possibile, realizzare?<\/p>\n<p>Credo che rimarremo con questi interrogativi anche dopo il voto. E, di nuovo, la storia passer\u00e0 sulla sinistra senza lasciarle traccia.<\/p>\n","protected":false},"excerpt":{"rendered":"<p><p>\u00c8 tutta questione di\u2026 crisi. Quando si dice non aver imparato alcunch\u00e9 dal passato! Nel ripercorrere le orme del suo predecessore, Pier Luigi Bersani (che nel 2013 battezz\u00f2 nelle file del PD l\u2019allora Procuratore Pietro Grasso), ecco che il novello Segretario Nicola Zingaretti lancia il Procuratore Franco Roberti, candidandolo europeo per la circoscrizione Sud. Sulla persona del Dott. Roberti nulla quaestio. Il suo curriculum parla per lui. Dunque non \u00e8 in discussione la scelta sull\u2019uomo. Ci\u00f2 di cui, invece, si pu\u00f2 (e si deve) discutere \u00e8 ben altro. Tutti conosciamo l\u2019ascesa politica del Dott. Grasso, culminata con la sua fuoriuscita [&hellip;]<\/p>\n&nbsp;&nbsp;<div class=\"readmore\"><a href=\"https:\/\/blog.ilgiornale.it\/bertirotti\/2019\/04\/11\/sinistra-cercasi\/\">Continua a leggere...<\/a><\/div><\/p>","protected":false},"author":1039,"featured_media":2721,"comment_status":"open","ping_status":"closed","sticky":false,"template":"","format":"standard","meta":[],"categories":[60],"tags":[53957,106,3736,40711,45474,344366,115,22693,110,405261,70839,344364,344362,87720,88,4625,8204,14563],"_links":{"self":[{"href":"https:\/\/blog.ilgiornale.it\/bertirotti\/wp-json\/wp\/v2\/posts\/2720"}],"collection":[{"href":"https:\/\/blog.ilgiornale.it\/bertirotti\/wp-json\/wp\/v2\/posts"}],"about":[{"href":"https:\/\/blog.ilgiornale.it\/bertirotti\/wp-json\/wp\/v2\/types\/post"}],"author":[{"embeddable":true,"href":"https:\/\/blog.ilgiornale.it\/bertirotti\/wp-json\/wp\/v2\/users\/1039"}],"replies":[{"embeddable":true,"href":"https:\/\/blog.ilgiornale.it\/bertirotti\/wp-json\/wp\/v2\/comments?post=2720"}],"version-history":[{"count":1,"href":"https:\/\/blog.ilgiornale.it\/bertirotti\/wp-json\/wp\/v2\/posts\/2720\/revisions"}],"predecessor-version":[{"id":2722,"href":"https:\/\/blog.ilgiornale.it\/bertirotti\/wp-json\/wp\/v2\/posts\/2720\/revisions\/2722"}],"wp:featuredmedia":[{"embeddable":true,"href":"https:\/\/blog.ilgiornale.it\/bertirotti\/wp-json\/wp\/v2\/media\/2721"}],"wp:attachment":[{"href":"https:\/\/blog.ilgiornale.it\/bertirotti\/wp-json\/wp\/v2\/media?parent=2720"}],"wp:term":[{"taxonomy":"category","embeddable":true,"href":"https:\/\/blog.ilgiornale.it\/bertirotti\/wp-json\/wp\/v2\/categories?post=2720"},{"taxonomy":"post_tag","embeddable":true,"href":"https:\/\/blog.ilgiornale.it\/bertirotti\/wp-json\/wp\/v2\/tags?post=2720"}],"curies":[{"name":"wp","href":"https:\/\/api.w.org\/{rel}","templated":true}]}}