{"id":2734,"date":"2019-04-22T09:27:31","date_gmt":"2019-04-22T07:27:31","guid":{"rendered":"https:\/\/blog.ilgiornale.it\/bertirotti\/?p=2734"},"modified":"2019-04-22T09:27:31","modified_gmt":"2019-04-22T07:27:31","slug":"mangia-mangia","status":"publish","type":"post","link":"https:\/\/blog.ilgiornale.it\/bertirotti\/2019\/04\/22\/mangia-mangia\/","title":{"rendered":"Mangia, mangia&#8230;"},"content":{"rendered":"<p><a href=\"https:\/\/blog.ilgiornale.it\/bertirotti\/files\/2019\/04\/Mangiare.png\"><img loading=\"lazy\" class=\"alignleft size-thumbnail wp-image-2735\" src=\"https:\/\/blog.ilgiornale.it\/bertirotti\/files\/2019\/04\/Mangiare-150x150.png\" alt=\"Mangiare\" width=\"150\" height=\"150\" \/><\/a>\u00c8 tutta questione di\u2026\u00a0<strong>povert\u00e0 mentale<\/strong>.<\/p>\n<p>Che Joe Bastianich fosse un uomo sopra le righe gi\u00e0 lo sapevamo.<\/p>\n<p>Stavolta ha alzato l\u2019asticella lanciando sui social una foto che lo ritrae sotto la riproduzione de \u201cL\u2019Ultima Cena\u201d e <a href=\"https:\/\/www.ilgiornale.it\/news\/spettacoli\/joe-bastianich-scatena-l-ira-web-foto-cenacolo-1682114.html\">postandola<\/a> con la scritta: <em>\u201d<\/em><em>Si mangia!!! #buonapasqua #happyeaster<\/em><em>\u201d<\/em>.<\/p>\n<p>Inutile dire che si \u00e8 scatenata l\u2019ira di quanti hanno visto la foto. Se la <strong>fisiognomica<\/strong> e la mimica vogliono dire qualcosa, questo scatto mette in evidenza un Bastianich dal sorriso tra l\u2019ironico e l\u2019allusivo; le mani, composte in un gesto che pu\u00f2 apparire di preghiera, aumentano il tono dissacrante dell\u2019immagine complessiva.<\/p>\n<p>La domanda che mi <strong>sono<\/strong> posto \u00e8: cui prodest? Qual \u00e8 il messaggio che questo personaggio pubblico intende veicolare?<\/p>\n<p>Andiamo con ordine.<\/p>\n<p>Bastianich \u00e8 un esperto in ambito culinario ed \u00e8 il testimonial della Mac Donald. \u00c8 anche un manager che ha costruito la propria immagine basandosi sul paradigma di un personaggio istrionico, che strizza benevolmente l\u2019occhio all\u2019Italia, dove ha costruito parte della propria fortuna. Al contempo, fa lo yankee, bacchettando la goffaggine, la latente inconcludenza, la lentezza, peculiarit\u00e0 tutte italiane. Insomma, prende l\u2019ottimo che il mondo imprenditoriale, la cultura e la tradizione italiane gli offrono e gioca con i nostri difettucci. Si tratta di una strategia comunicativa che serve a tracciare discrimini di tipo intellettuale, <strong>psicologico<\/strong> e mentale, finalizzati a mostrare la superiorit\u00e0 del mondo statunitense.<\/p>\n<p>Se dunque vogliamo considerare questi elementi, possiamo soltanto concludere che la foto mira a veicolare un unico messaggio: la promozione del personaggio Joe Bastianich, con la tecnica dello stupore e della provocazione, stuzzicando il pi\u00f9 alto livello che il contesto offriva ovvero il tag a Papa Francesco In altre parole, \u00e8 stata una scelta comunicativo-figurativa esclusivamente pro domo propria. Da un punto di vista collettivo, zero. Questa iniziativa non ha alcun impatto sociale, non <strong>porta<\/strong> alcun messaggio socio-culturale utile.<\/p>\n<p>Ed allora l\u2019interrogativo \u00e8 duplice. Quanto e fin quando \u00e8 giusto che un personaggio notorio alzi continuamente l\u2019asticella della sorpresa, dello sbigottimento altrui, al solo scopo di aumentare la propria notoriet\u00e0 sulla scorta dell\u2019adagio \u201cparlatene male, purch\u00e9 se ne parli\u201d?<\/p>\n<p>Non sarebbe, forse, gradevole che ogni tanto un <strong>personaggio<\/strong> conosciuto al grande pubblico, specialmente quando lo \u00e8 per il suo successo economico, unito al causticismo dialettico, utilizzasse diversamente quel successo? Per esempio, le sue naturali capacit\u00e0 manageriali, la forza di carattere, l\u2019apparente impossibilit\u00e0 di subire sconfitte, le frecce dialettiche al suo arco potrebbero stupire il pubblico, lasciando una profonda e positiva traccia umana.<\/p>\n<p>Lo scandalo, lo shock <strong>emotivo<\/strong> \u00e8 qualcosa da maneggiare con molta cura.<\/p>\n<p>Utilizziamolo, qualche volta, a vantaggio del prossimo. Parlare di <em>prossimo<\/em> in questo periodo storico \u00e8 molto pi\u00f9 shockante di qualsiasi altro argomento, secondo me.<\/p>\n","protected":false},"excerpt":{"rendered":"<p><p>\u00c8 tutta questione di\u2026\u00a0povert\u00e0 mentale. Che Joe Bastianich fosse un uomo sopra le righe gi\u00e0 lo sapevamo. Stavolta ha alzato l\u2019asticella lanciando sui social una foto che lo ritrae sotto la riproduzione de \u201cL\u2019Ultima Cena\u201d e postandola con la scritta: \u201dSi mangia!!! #buonapasqua #happyeaster\u201d. Inutile dire che si \u00e8 scatenata l\u2019ira di quanti hanno visto la foto. Se la fisiognomica e la mimica vogliono dire qualcosa, questo scatto mette in evidenza un Bastianich dal sorriso tra l\u2019ironico e l\u2019allusivo; le mani, composte in un gesto che pu\u00f2 apparire di preghiera, aumentano il tono dissacrante dell\u2019immagine complessiva. La domanda che mi [&hellip;]<\/p>\n&nbsp;&nbsp;<div class=\"readmore\"><a href=\"https:\/\/blog.ilgiornale.it\/bertirotti\/2019\/04\/22\/mangia-mangia\/\">Continua a leggere...<\/a><\/div><\/p>","protected":false},"author":1039,"featured_media":2735,"comment_status":"open","ping_status":"closed","sticky":false,"template":"","format":"standard","meta":[],"categories":[63165,87777],"tags":[48350,53957,52316,62,263026,364467,364465,364468,405293,26,364461,15808,364466,23456,68128,87721,206,58370],"_links":{"self":[{"href":"https:\/\/blog.ilgiornale.it\/bertirotti\/wp-json\/wp\/v2\/posts\/2734"}],"collection":[{"href":"https:\/\/blog.ilgiornale.it\/bertirotti\/wp-json\/wp\/v2\/posts"}],"about":[{"href":"https:\/\/blog.ilgiornale.it\/bertirotti\/wp-json\/wp\/v2\/types\/post"}],"author":[{"embeddable":true,"href":"https:\/\/blog.ilgiornale.it\/bertirotti\/wp-json\/wp\/v2\/users\/1039"}],"replies":[{"embeddable":true,"href":"https:\/\/blog.ilgiornale.it\/bertirotti\/wp-json\/wp\/v2\/comments?post=2734"}],"version-history":[{"count":2,"href":"https:\/\/blog.ilgiornale.it\/bertirotti\/wp-json\/wp\/v2\/posts\/2734\/revisions"}],"predecessor-version":[{"id":2737,"href":"https:\/\/blog.ilgiornale.it\/bertirotti\/wp-json\/wp\/v2\/posts\/2734\/revisions\/2737"}],"wp:featuredmedia":[{"embeddable":true,"href":"https:\/\/blog.ilgiornale.it\/bertirotti\/wp-json\/wp\/v2\/media\/2735"}],"wp:attachment":[{"href":"https:\/\/blog.ilgiornale.it\/bertirotti\/wp-json\/wp\/v2\/media?parent=2734"}],"wp:term":[{"taxonomy":"category","embeddable":true,"href":"https:\/\/blog.ilgiornale.it\/bertirotti\/wp-json\/wp\/v2\/categories?post=2734"},{"taxonomy":"post_tag","embeddable":true,"href":"https:\/\/blog.ilgiornale.it\/bertirotti\/wp-json\/wp\/v2\/tags?post=2734"}],"curies":[{"name":"wp","href":"https:\/\/api.w.org\/{rel}","templated":true}]}}