{"id":2918,"date":"2019-09-30T06:51:02","date_gmt":"2019-09-30T04:51:02","guid":{"rendered":"https:\/\/blog.ilgiornale.it\/bertirotti\/?p=2918"},"modified":"2019-09-30T06:51:02","modified_gmt":"2019-09-30T04:51:02","slug":"per-divertimento","status":"publish","type":"post","link":"https:\/\/blog.ilgiornale.it\/bertirotti\/2019\/09\/30\/per-divertimento\/","title":{"rendered":"Per divertimento"},"content":{"rendered":"<p><a href=\"https:\/\/blog.ilgiornale.it\/bertirotti\/files\/2019\/09\/Incidente-stradale-Ferrara-ottobre-2019.png\"><img loading=\"lazy\" class=\"alignleft size-thumbnail wp-image-2919\" src=\"https:\/\/blog.ilgiornale.it\/bertirotti\/files\/2019\/09\/Incidente-stradale-Ferrara-ottobre-2019-150x132.png\" alt=\"Incidente stradale Ferrara ottobre 2019\" width=\"150\" height=\"132\" \/><\/a>\u00c8 tutta questione di\u2026\u00a0<strong>riflessione<\/strong>.<\/p>\n<p>Loro, i giovani, non ci arrivano con il cervello. I genitori, evidentemente, nemmeno. Non parliamo dei politici, che sono occupati a garantirsi il loro lauto stipendio. Ma, la situazione \u00e8 <a href=\"https:\/\/www.ilgiornale.it\/news\/cronache\/ferrara-incidente-all-uscita-discoteca-morti-tre-ragazzi-1759770.html\">questa<\/a>, da tempo.<\/p>\n<p>Capisco che il problema del clima sia sentito, oggi particolarmente seguito e lo si voglia risolvere a suon di slogan pubblicitari con qualche gretino invasato, e un tantino inquinante; capisco anche che sia importante trovare la soluzione a quella cosiddetta &#8220;sindrome dissociativa temporanea&#8221; (che non mi convince affatto scientificamente\u2026) per cui ci si <strong>dimentica<\/strong> i figli in auto; capisco anche che sia difficile sensibilizzare le strutture di divertimento istituzionalizzato, come sono le discoteche, ad interessarsi davvero, concretamente al benessere dei loro clienti (tutelando la loro vita, per esempio).<\/p>\n<p>Insomma, capisco molte cose. E devo ringraziare un follower twitter, @Alien1it, ossia Open Your Mind, se ho scritto queste riflessioni.<\/p>\n<p>\u00c8 troppo chiedere una legge che impedisca ai nostri giovani di recarsi in discoteca in auto? Che obblighi a prenotare i biglietti di entrata on line, per verificare dove i ragazzi vogliono recarsi la sera mettendo a disposizione pi\u00f9 autobus a spese della discoteca e dei <strong>giovani<\/strong> stessi? Tutto andrebbe, ovviamente pensato e ben strutturato secondo un articolato di legge, e questo non \u00e8 il mio mestiere. Mi limito solo a lanciare una semplice idea.<\/p>\n<p>E se volessimo davvero affrontare il tema dell&#8217;alcol, delle droghe d&#8217;abuso? Magari seriamente, informando i giovani in tutte le scuole, a partire dalle elementari, sino all&#8217;universit\u00e0 con corsi obbligatori e curriculari? \u00c8 <strong>possibile<\/strong> che sia io a parlare in classe ai miei studenti degli effetti devastanti, anche se invisibili, dell&#8217;alcol e delle droghe di abuso, e vederli sconvolti dall&#8217;apprendere, per la prima volta, ci\u00f2 che tutto questo produce nei loro neuroni, a partire da subito oppure nell&#8217;arco del tempo?<\/p>\n<p>Ci sarebbero tante iniziative da prendere per avere pensioni pagate, o giovani italiani che rimangono in questa nazione per scelta, e non perch\u00e9 non possono andarsene. Sarebbe utile mantenerli in vita, questi nostri figli, con operazioni legislative ed educative che trovino il modo di <strong>sostituire<\/strong> ci\u00f2 che era una volta il compito di genitori e del mondo sociale che orbitava attorno alle famiglie. Ora, purtroppo, la scuola non pu\u00f2 limitarsi solo ad insegnare, anche se questo dovrebbe essere il suo compito, ma \u00e8 diventata una badante ante litteram, una agenzia di babysitteraggio, perch\u00e9 tutto, intorno, sembra sfaldarsi.<\/p>\n<p>E, i nostri <span style=\"color: #ff00ff\">giovani<\/span>, intanto, muoiono cos\u00ec, per divertimento.<\/p>\n","protected":false},"excerpt":{"rendered":"<p><p>\u00c8 tutta questione di\u2026\u00a0riflessione. Loro, i giovani, non ci arrivano con il cervello. I genitori, evidentemente, nemmeno. Non parliamo dei politici, che sono occupati a garantirsi il loro lauto stipendio. Ma, la situazione \u00e8 questa, da tempo. Capisco che il problema del clima sia sentito, oggi particolarmente seguito e lo si voglia risolvere a suon di slogan pubblicitari con qualche gretino invasato, e un tantino inquinante; capisco anche che sia importante trovare la soluzione a quella cosiddetta &#8220;sindrome dissociativa temporanea&#8221; (che non mi convince affatto scientificamente\u2026) per cui ci si dimentica i figli in auto; capisco anche che sia difficile [&hellip;]<\/p>\n&nbsp;&nbsp;<div class=\"readmore\"><a href=\"https:\/\/blog.ilgiornale.it\/bertirotti\/2019\/09\/30\/per-divertimento\/\">Continua a leggere...<\/a><\/div><\/p>","protected":false},"author":1039,"featured_media":2919,"comment_status":"open","ping_status":"closed","sticky":false,"template":"","format":"standard","meta":[],"categories":[13598],"tags":[42083,53957,40869,59976,54025,18784,105,240,38204,25439,18093,379642,38902,7545,405325,405311,53,379635,45041,37799,1996,379643],"_links":{"self":[{"href":"https:\/\/blog.ilgiornale.it\/bertirotti\/wp-json\/wp\/v2\/posts\/2918"}],"collection":[{"href":"https:\/\/blog.ilgiornale.it\/bertirotti\/wp-json\/wp\/v2\/posts"}],"about":[{"href":"https:\/\/blog.ilgiornale.it\/bertirotti\/wp-json\/wp\/v2\/types\/post"}],"author":[{"embeddable":true,"href":"https:\/\/blog.ilgiornale.it\/bertirotti\/wp-json\/wp\/v2\/users\/1039"}],"replies":[{"embeddable":true,"href":"https:\/\/blog.ilgiornale.it\/bertirotti\/wp-json\/wp\/v2\/comments?post=2918"}],"version-history":[{"count":2,"href":"https:\/\/blog.ilgiornale.it\/bertirotti\/wp-json\/wp\/v2\/posts\/2918\/revisions"}],"predecessor-version":[{"id":2921,"href":"https:\/\/blog.ilgiornale.it\/bertirotti\/wp-json\/wp\/v2\/posts\/2918\/revisions\/2921"}],"wp:featuredmedia":[{"embeddable":true,"href":"https:\/\/blog.ilgiornale.it\/bertirotti\/wp-json\/wp\/v2\/media\/2919"}],"wp:attachment":[{"href":"https:\/\/blog.ilgiornale.it\/bertirotti\/wp-json\/wp\/v2\/media?parent=2918"}],"wp:term":[{"taxonomy":"category","embeddable":true,"href":"https:\/\/blog.ilgiornale.it\/bertirotti\/wp-json\/wp\/v2\/categories?post=2918"},{"taxonomy":"post_tag","embeddable":true,"href":"https:\/\/blog.ilgiornale.it\/bertirotti\/wp-json\/wp\/v2\/tags?post=2918"}],"curies":[{"name":"wp","href":"https:\/\/api.w.org\/{rel}","templated":true}]}}