{"id":3102,"date":"2020-02-27T09:29:19","date_gmt":"2020-02-27T07:29:19","guid":{"rendered":"https:\/\/blog.ilgiornale.it\/bertirotti\/?p=3102"},"modified":"2020-02-27T09:29:19","modified_gmt":"2020-02-27T07:29:19","slug":"allitaliana","status":"publish","type":"post","link":"https:\/\/blog.ilgiornale.it\/bertirotti\/2020\/02\/27\/allitaliana\/","title":{"rendered":"All&#8217;italiana"},"content":{"rendered":"<p><a href=\"https:\/\/blog.ilgiornale.it\/bertirotti\/files\/2020\/02\/Test_00.jpg\"><img loading=\"lazy\" class=\"alignleft size-thumbnail wp-image-3106\" src=\"https:\/\/blog.ilgiornale.it\/bertirotti\/files\/2020\/02\/Test_00-150x150.jpg\" alt=\"Test_00\" width=\"150\" height=\"150\" srcset=\"https:\/\/blog.ilgiornale.it\/bertirotti\/files\/2020\/02\/Test_00-150x150.jpg 150w, https:\/\/blog.ilgiornale.it\/bertirotti\/files\/2020\/02\/Test_00-300x300.jpg 300w, https:\/\/blog.ilgiornale.it\/bertirotti\/files\/2020\/02\/Test_00.jpg 352w\" sizes=\"(max-width: 150px) 100vw, 150px\" \/><\/a>\u00c8 tutta questione di\u2026\u00a0<strong>stupidit\u00e0<\/strong>.<\/p>\n<p>Cosa vogliamo di pi\u00f9, in questo periodo meraviglioso e in questa nazione, rispetto a quello che gi\u00e0 abbiamo? Non saprei, anche se tutti noi siamo convinti che <em>non c\u2019\u00e8 un limite al peggio<\/em> e lo stiamo sperimentando a livello globale, anche se siamo solo agli inizi.<\/p>\n<p>Proviamo a fare un breve elenco di come questo governo sia esattamente lo specchio di una societ\u00e0 italiana frantumata <strong>neuro-cognitivamente<\/strong>. Mi riferisco, con questo termine, al sistema neuronale medio degli italiani. Un popolo che sembra ritrovarsi con un assai limitato numero di neuriti e, per di pi\u00f9, incapaci di comunicare tra loro, secondo categorie logiche occidentali di uso comune.<\/p>\n<p>Abbiamo famiglie che scappano dalle zone rosse, e si trasferiscono al mare, oppure in meridione, credendo di sottrarsi cos\u00ec al contagio del potenziale virus, come se lo si potesse perdere per strada; gli esponenti del <strong>Governo<\/strong> comunicano parlando ad una popolazione che non li ascolta affatto (e questo avviene da tempo, molto tempo, a dire il vero); intanto, l&#8217;esponente delle <strong>Sardine<\/strong>, il movimento culturale della rivoluzione intellettuale emiliana (patria dei tortellini e della <em>mortadella<\/em>) si reca dalla guru dell&#8217;empatia commerciale, una certa <strong>Maria De Filippi<\/strong> (osannata, ovviamente dai sarcofagi di sinistra). Su <strong>Rai Uno<\/strong>, giustamente, continuano a propinarci ricette succulente, come se potessimo andare ai supermercati a comprare derrate alimentari in normalit\u00e0, mentre di normale \u00e8 rimasto poco e gli scaffali sono rimasti vuoti. I <strong>virologi<\/strong>, che forse non sono dotati di una loro Associazione Nazionale, parlano perch\u00e9 hanno un muscolo linguale abituato al silenzio del laboratorio, e che necessita di trovare le migliori e pubbliche occasioni per mettersi in movimento e dare il meglio di s\u00e9; i <strong>Governatori<\/strong> delle regioni (o quello che resta delle regioni di una volta\u2026) affermano una cosa e la negano subito dopo, in seguito a telefonate con l&#8217;espressione nazionale della vigilanza cognitiva governativa: il Presidente <strong>Conte<\/strong>, che \u00e8 la fotografia della concentrazione di tutto il fosforo pescato nei nostri mari. <strong>Codogno<\/strong> \u00e8 diventato il paesello pi\u00f9 amato e importante del mondo, del quale nessuno conosceva n\u00e9 il nome n\u00e9 l\u2019esistenza ma che ci ha insegnato che il Carnevale pi\u00f9 contagioso del nord non \u00e8 pi\u00f9 quello di Venezia. Le <strong>scuole<\/strong> sono chiuse, assieme a qualche bar e discoteca, mentre i treni e le metropolitane (che viaggiano\u2026) sono diventati antivirali potenti, senza che nessuno se ne fosse mai accorto. Per fortuna, alcuni Paesi europei si sono resi conto che gli italiani vanno tenuti a distanza, e stanno vietando l&#8217;ingresso di questa povera gente che fa vacanze ad oltranza, anche se siamo in tempi di crisi. Era ora che qualcuno al mondo esprimesse davvero un po&#8217; di sano, utile e fondamentalmente evolutivo <strong><em>determinismo raziale<\/em><\/strong>. Infine, il nostro Presidente della Repubblica tace, perch\u00e9 ultimamente si \u00e8 recato in molti luoghi, per dimostrare la sua vicinanza alle minoranze etniche, e non trova nulla da dire alla maggioranza (ancora per poco, questo \u00e8 vero\u2026) etnica degli italiani.<\/p>\n<p>Bene, in questa situazione, tutti noi, forse, possiamo renderci conto che siamo responsabili, senza nessuna esclusione di persone (me compreso, dunque) delle nostre scelte. E lo siamo maggiormente quando <strong>crediamo<\/strong> che se le cose vanno bene a noi, significa che vanno bene al mondo intero. Il fatto \u00e8 uno solo, per\u00f2: il mondo intero \u00e8 governato da interessi schifosamente malefici e legati ai soldi, dove i nostri politici sono a libro paga, e non hanno il minimo potere d&#8217;azione.<\/p>\n<p>Allora, fate come me, non disperate per il Covid-19, ma attendete con pazienza la venuta del <strong>Covid-20 e 21<\/strong>.<\/p>\n<p>L&#8217;unione fa la forza.<\/p>\n<p>Speriamo <span style=\"color: #ff00ff\">definitivamente<\/span>, questa volta.<\/p>\n","protected":false},"excerpt":{"rendered":"<p><p>\u00c8 tutta questione di\u2026\u00a0stupidit\u00e0. Cosa vogliamo di pi\u00f9, in questo periodo meraviglioso e in questa nazione, rispetto a quello che gi\u00e0 abbiamo? Non saprei, anche se tutti noi siamo convinti che non c\u2019\u00e8 un limite al peggio e lo stiamo sperimentando a livello globale, anche se siamo solo agli inizi. Proviamo a fare un breve elenco di come questo governo sia esattamente lo specchio di una societ\u00e0 italiana frantumata neuro-cognitivamente. Mi riferisco, con questo termine, al sistema neuronale medio degli italiani. Un popolo che sembra ritrovarsi con un assai limitato numero di neuriti e, per di pi\u00f9, incapaci di comunicare [&hellip;]<\/p>\n&nbsp;&nbsp;<div class=\"readmore\"><a href=\"https:\/\/blog.ilgiornale.it\/bertirotti\/2020\/02\/27\/allitaliana\/\">Continua a leggere...<\/a><\/div><\/p>","protected":false},"author":1039,"featured_media":3106,"comment_status":"open","ping_status":"closed","sticky":false,"template":"","format":"standard","meta":[],"categories":[87697],"tags":[53957,52161,387573,62,261104,387511,387565,387590,42,32233,387570,26,8141,387589,55495,2225,170,2210,249,20879,40181,40330,387587,3155,336081,9138,139,387586,72510,3392,54110,4743,48,2762,2659,35932,16887,387585,9213],"_links":{"self":[{"href":"https:\/\/blog.ilgiornale.it\/bertirotti\/wp-json\/wp\/v2\/posts\/3102"}],"collection":[{"href":"https:\/\/blog.ilgiornale.it\/bertirotti\/wp-json\/wp\/v2\/posts"}],"about":[{"href":"https:\/\/blog.ilgiornale.it\/bertirotti\/wp-json\/wp\/v2\/types\/post"}],"author":[{"embeddable":true,"href":"https:\/\/blog.ilgiornale.it\/bertirotti\/wp-json\/wp\/v2\/users\/1039"}],"replies":[{"embeddable":true,"href":"https:\/\/blog.ilgiornale.it\/bertirotti\/wp-json\/wp\/v2\/comments?post=3102"}],"version-history":[{"count":3,"href":"https:\/\/blog.ilgiornale.it\/bertirotti\/wp-json\/wp\/v2\/posts\/3102\/revisions"}],"predecessor-version":[{"id":3107,"href":"https:\/\/blog.ilgiornale.it\/bertirotti\/wp-json\/wp\/v2\/posts\/3102\/revisions\/3107"}],"wp:featuredmedia":[{"embeddable":true,"href":"https:\/\/blog.ilgiornale.it\/bertirotti\/wp-json\/wp\/v2\/media\/3106"}],"wp:attachment":[{"href":"https:\/\/blog.ilgiornale.it\/bertirotti\/wp-json\/wp\/v2\/media?parent=3102"}],"wp:term":[{"taxonomy":"category","embeddable":true,"href":"https:\/\/blog.ilgiornale.it\/bertirotti\/wp-json\/wp\/v2\/categories?post=3102"},{"taxonomy":"post_tag","embeddable":true,"href":"https:\/\/blog.ilgiornale.it\/bertirotti\/wp-json\/wp\/v2\/tags?post=3102"}],"curies":[{"name":"wp","href":"https:\/\/api.w.org\/{rel}","templated":true}]}}