{"id":3132,"date":"2020-03-19T07:56:40","date_gmt":"2020-03-19T05:56:40","guid":{"rendered":"https:\/\/blog.ilgiornale.it\/bertirotti\/?p=3132"},"modified":"2020-03-19T07:56:40","modified_gmt":"2020-03-19T05:56:40","slug":"linfluenza-che-influenza","status":"publish","type":"post","link":"https:\/\/blog.ilgiornale.it\/bertirotti\/2020\/03\/19\/linfluenza-che-influenza\/","title":{"rendered":"L&#8217;influenza che influenza&#8230;"},"content":{"rendered":"<p style=\"text-align: justify;margin: 0cm 0cm 18.0pt 0cm\"><span style=\"font-size: 14.0pt;font-family: 'Futura Bk BT','sans-serif'\"><a href=\"https:\/\/blog.ilgiornale.it\/bertirotti\/files\/2020\/03\/Autostima-TAG.jpg\"><img loading=\"lazy\" class=\"alignleft size-thumbnail wp-image-3133\" src=\"https:\/\/blog.ilgiornale.it\/bertirotti\/files\/2020\/03\/Autostima-TAG-150x150.jpg\" alt=\"Autostima-TAG\" width=\"150\" height=\"150\" \/><\/a>\u00c8 tutta questione di\u2026 <strong>mediocrit\u00e0<\/strong>.<\/span><\/p>\n<p style=\"text-align: justify;margin: 0cm 0cm 18.0pt 0cm\"><span style=\"font-size: 14.0pt;font-family: 'Futura Bk BT','sans-serif'\">Continuo nelle mie riflessioni su quanto sta accadendo attualmente nel mondo. Oggi, sono oltremodo personali, e basate su convinzioni religiose, le mie, ovviamente. Non so se potranno e saranno condivise, ma, in genere, non scrivo le mie parole per cercare il consenso, preferisco siano stimolanti, e lo siano da molti punti di vista, rivolte a <strong>persone<\/strong> abituate a farsi domande anche complesse, difficili.<\/span><\/p>\n<p style=\"text-align: justify;margin: 0cm 0cm 18.0pt 0cm\"><span style=\"font-size: 14.0pt;font-family: 'Futura Bk BT','sans-serif'\">Bene, comincio.<\/span><\/p>\n<p style=\"text-align: justify;margin: 0cm 0cm 18.0pt 0cm\"><span style=\"font-size: 14.0pt;font-family: 'Futura Bk BT','sans-serif'\">Mi sto facendo questa domanda: &#8220;Cosa l&#8217;Uomo dovrebbe osservare e mettere in pratica per definirsi davvero <strong><i>saggio<\/i> <\/strong>e <strong><i>intelligente<\/i><\/strong>&#8220;? Ho una risposta, essenziale, anche se parziale: l&#8217;Uomo dovrebbe osservare il Cielo, la Natura, ossia tutto ci\u00f2 che esiste indipendentemente dalla sua presenza. E lo dovrebbe fare, per\u00f2, ragionando con quel cervello che la Natura stessa, o Dio per i credenti, gli ha fornito. Un cervello umile, dubbioso, cauto e prudente, ancorch\u00e9 talentuoso.<\/span><\/p>\n<p style=\"text-align: justify;margin: 0cm 0cm 18.0pt 0cm\"><span style=\"font-size: 14.0pt;font-family: 'Futura Bk BT','sans-serif'\">Ora, la questione, dal mio punto di vista, \u00e8 che noi esseri umani siamo sostanzialmente <strong><i>infedeli<\/i><\/strong>, verso noi stessi, le nostre intelligenze, e verso gli altri. Se facciamo ben attenzione, la reale fedelt\u00e0 \u00e8 qualche cosa che rimane tale sempre, specialmente durante le difficolt\u00e0 della nostra vita, indipendentemente dalle situazioni esterne a noi stessi. Una madre \u00e8 vera quando \u00e8 fedele ai suoi figli, e i suoi figli lo sono altrettanto quando rimangono fedeli alla loro madre.<\/span><\/p>\n<p style=\"text-align: justify;margin: 0cm 0cm 18.0pt 0cm\"><span style=\"font-size: 14.0pt;font-family: 'Futura Bk BT','sans-serif'\">In questa fedelt\u00e0 risiede la nostra verit\u00e0.<\/span><\/p>\n<p style=\"text-align: justify;margin: 0cm 0cm 18.0pt 0cm\"><span style=\"font-size: 14.0pt;font-family: 'Futura Bk BT','sans-serif'\"><strong>Ogni cosa \u00e8 vera se \u00e8 fedele<\/strong>.<\/span><\/p>\n<p style=\"text-align: justify;margin: 0cm 0cm 18.0pt 0cm\"><span style=\"font-size: 14.0pt;font-family: 'Futura Bk BT','sans-serif'\">E la verit\u00e0 assoluta prevede una fedelt\u00e0 assoluta, di cui facciamo esperienza parziale nell&#8217;amore umano, che unisce tutto ci\u00f2 che si potrebbe dividere, spezzare, rompere e distruggere.<\/span><\/p>\n<p style=\"text-align: justify;margin: 0cm 0cm 18.0pt 0cm\"><span style=\"font-size: 14.0pt;font-family: 'Futura Bk BT','sans-serif'\">Sulla base di queste considerazioni, come possiamo considerare la <strong><i>Manna dal Cielo<\/i><\/strong> che chiamiamo Covid-19?<\/span><\/p>\n<p style=\"text-align: justify;margin: 0cm 0cm 18.0pt 0cm\"><span style=\"font-size: 14.0pt;font-family: 'Futura Bk BT','sans-serif'\">\u00c8 una realt\u00e0 invisibile, come l&#8217;amore e l&#8217;odio, che esiste in Natura da sempre. Qualche cosa che non conosciamo, e rispetto al quale non sappiamo da quale parte girarci. Eppure, questa realt\u00e0 invisibile ad occhio nudo sta modificando il nostro <strong>modo<\/strong> di vivere, la nostra libert\u00e0 e le nostre azioni. E lo sta facendo indipendentemente dai Decreti Legge continui del Presidente del Consiglio dei Ministri italiano.<\/span><\/p>\n<p style=\"text-align: justify;margin: 0cm 0cm 18.0pt 0cm\"><span style=\"font-size: 14.0pt;font-family: 'Futura Bk BT','sans-serif'\">Ci \u00e8 stato detto che \u00e8 il Covid-19 \u00e8 una <i>influenza<\/i> di cui non si conosce nulla, e con un alto livello di <strong>contagiosit\u00e0<\/strong>, particolarmente efficace quando trova un corpo ospite debilitato da una serie di morbilit\u00e0. Anche se ora sta falcidiando persone sane, e ancora giovani.<\/span><\/p>\n<p style=\"text-align: justify;margin: 0cm 0cm 18.0pt 0cm\"><span style=\"font-size: 14.0pt;font-family: 'Futura Bk BT','sans-serif'\">Se un virus pu\u00f2 modificare i nostri comportamenti, le nostre idee e la nostra libert\u00e0, mi chiedo, come mai non siamo in grado di attuare le stesse modifiche che un Dio (con nomi diversi, ma uguale in tutto il mondo) da secoli ci chiede di attuare? Perch\u00e9 <strong>Dio<\/strong> non riesce ad influenzarci globalmente come sa fare, invece, un virus?<\/span><\/p>\n<p style=\"text-align: justify;margin: 0cm 0cm 18.0pt 0cm\"><span style=\"font-size: 14.0pt;font-family: 'Futura Bk BT','sans-serif'\">Perch\u00e9 Dio \u00e8 fedele, ossia vero, e lo \u00e8 nell&#8217;amore, nell&#8217;unione, nella vicinanza, nell&#8217;<strong>accoglimento<\/strong>, mentre il virus ci influenza nella paura, nella divisione, nella cattiveria e nella lontananza.<\/span><\/p>\n<p style=\"text-align: justify;margin: 0cm 0cm 18.0pt 0cm\"><span style=\"font-size: 14.0pt;font-family: 'Futura Bk BT','sans-serif'\">Eppure, Dio ci insegna che <strong>possiamo essere uniti nella separazione<\/strong>. Perch\u00e9 ognuno di noi sa di essere separato dall&#8217;altro, da qualsiasi altra persona, eppure sente e sa riflettere su come ci si possa percepire uniti nell&#8217;amore.<\/span><\/p>\n<p style=\"text-align: justify;margin: 0cm 0cm 18.0pt 0cm\"><span style=\"font-size: 14.0pt;font-family: 'Futura Bk BT','sans-serif'\">Ecco, questa \u00e8 la mia riflessione ulteriore.<\/span><\/p>\n<p style=\"text-align: justify;margin: 0cm 0cm 18.0pt 0cm\"><span style=\"font-size: 14.0pt;font-family: 'Futura Bk BT','sans-serif'\">E non solo del momento, ma <span style=\"color: #ff00ff\"><i>grazie<\/i> <\/span>a questo momento.<\/span><\/p>\n","protected":false},"excerpt":{"rendered":"<p><p>\u00c8 tutta questione di\u2026 mediocrit\u00e0. Continuo nelle mie riflessioni su quanto sta accadendo attualmente nel mondo. Oggi, sono oltremodo personali, e basate su convinzioni religiose, le mie, ovviamente. Non so se potranno e saranno condivise, ma, in genere, non scrivo le mie parole per cercare il consenso, preferisco siano stimolanti, e lo siano da molti punti di vista, rivolte a persone abituate a farsi domande anche complesse, difficili. Bene, comincio. Mi sto facendo questa domanda: &#8220;Cosa l&#8217;Uomo dovrebbe osservare e mettere in pratica per definirsi davvero saggio e intelligente&#8220;? Ho una risposta, essenziale, anche se parziale: l&#8217;Uomo dovrebbe osservare il [&hellip;]<\/p>\n&nbsp;&nbsp;<div class=\"readmore\"><a href=\"https:\/\/blog.ilgiornale.it\/bertirotti\/2020\/03\/19\/linfluenza-che-influenza\/\">Continua a leggere...<\/a><\/div><\/p>","protected":false},"author":1039,"featured_media":3133,"comment_status":"open","ping_status":"closed","sticky":false,"template":"","format":"standard","meta":[],"categories":[54063],"tags":[183297,389234,53957,245037,389241,59940,54058,801,387565,87,5316,389240,389237,54027,405293,87694,20879,389236,389235,364579,389239,48,389238,405271,53991,8991],"_links":{"self":[{"href":"https:\/\/blog.ilgiornale.it\/bertirotti\/wp-json\/wp\/v2\/posts\/3132"}],"collection":[{"href":"https:\/\/blog.ilgiornale.it\/bertirotti\/wp-json\/wp\/v2\/posts"}],"about":[{"href":"https:\/\/blog.ilgiornale.it\/bertirotti\/wp-json\/wp\/v2\/types\/post"}],"author":[{"embeddable":true,"href":"https:\/\/blog.ilgiornale.it\/bertirotti\/wp-json\/wp\/v2\/users\/1039"}],"replies":[{"embeddable":true,"href":"https:\/\/blog.ilgiornale.it\/bertirotti\/wp-json\/wp\/v2\/comments?post=3132"}],"version-history":[{"count":2,"href":"https:\/\/blog.ilgiornale.it\/bertirotti\/wp-json\/wp\/v2\/posts\/3132\/revisions"}],"predecessor-version":[{"id":3135,"href":"https:\/\/blog.ilgiornale.it\/bertirotti\/wp-json\/wp\/v2\/posts\/3132\/revisions\/3135"}],"wp:featuredmedia":[{"embeddable":true,"href":"https:\/\/blog.ilgiornale.it\/bertirotti\/wp-json\/wp\/v2\/media\/3133"}],"wp:attachment":[{"href":"https:\/\/blog.ilgiornale.it\/bertirotti\/wp-json\/wp\/v2\/media?parent=3132"}],"wp:term":[{"taxonomy":"category","embeddable":true,"href":"https:\/\/blog.ilgiornale.it\/bertirotti\/wp-json\/wp\/v2\/categories?post=3132"},{"taxonomy":"post_tag","embeddable":true,"href":"https:\/\/blog.ilgiornale.it\/bertirotti\/wp-json\/wp\/v2\/tags?post=3132"}],"curies":[{"name":"wp","href":"https:\/\/api.w.org\/{rel}","templated":true}]}}