{"id":3224,"date":"2020-04-27T07:10:28","date_gmt":"2020-04-27T05:10:28","guid":{"rendered":"https:\/\/blog.ilgiornale.it\/bertirotti\/?p=3224"},"modified":"2020-04-27T07:10:28","modified_gmt":"2020-04-27T05:10:28","slug":"un-mondo-di-pregiudizi","status":"publish","type":"post","link":"https:\/\/blog.ilgiornale.it\/bertirotti\/2020\/04\/27\/un-mondo-di-pregiudizi\/","title":{"rendered":"Un mondo di pregiudizi"},"content":{"rendered":"<p><a href=\"https:\/\/blog.ilgiornale.it\/bertirotti\/files\/2020\/04\/Il_pregiudizio_02.jpg\"><img loading=\"lazy\" class=\"alignleft size-thumbnail wp-image-3226\" src=\"https:\/\/blog.ilgiornale.it\/bertirotti\/files\/2020\/04\/Il_pregiudizio_02-150x150.jpg\" alt=\"Il_pregiudizio_02\" width=\"150\" height=\"150\" \/><\/a>\u00c8 tutta questione di\u2026 <strong>povert\u00e0 mentale<\/strong>.<\/p>\n<p>In senso generale, e letteralmente, il \u201cpregiudizio\u201d \u00e8 un giudizio anticipato rispetto ad una reale valutazione dei fatti. Ora, possiamo considerare questo atteggiamento mentale positivo e al tempo stesso negativo. Tutto dipende dal modo in cui <em>strumentalizziamo<\/em> il nostro <em>giudicare <\/em>anticipatamente, ossia per quale scopo, secondo quali motivazioni, utilizziamo questo processo cognitivo per rapportarci con la realt\u00e0.<\/p>\n<p>Quasi sempre connotiamo il termine in senso negativo, ossia considerandolo come esempio di superficialit\u00e0 e generalizzazioni che portano ad atteggiamenti mentali di rigidit\u00e0, senza la messa in <strong>dubbio<\/strong> della fondatezza o della pertinenza dei concetti che compongono lo stesso pregiudizio. \u00c8 questa la visione che riscontriamo, per esempio, nelle ricerche di <span style=\"color: #ff00ff\">Gordon Allport<\/span> del 1954, mentre la posizione del filosofo <span style=\"color: #ff00ff\">Hans-Georg Gadamer<\/span>, del 1965 ci apre ad una prospettiva diversa, ed \u00e8 quella che mi piace considerare qui.<\/p>\n<p>Secondo Gadamer, il pregiudizio \u00e8 quell\u2019atteggiamento mentale attraverso cui si pu\u00f2 esprimere una anticipazione generalizzata rispetto ad una situazione, che non abbiamo ancora sperimentata in prima persona. Una specie di <strong><em>azzardo ipotetico generalizzante<\/em><\/strong>, rispetto al quale \u00e8 possibile operare ulteriori verifiche che porteranno ad eventuali correzioni. E proprio in riferimento a queste correzioni io generalmente parlo di <span style=\"color: #ff00ff\"><em>post-giudizio<\/em><\/span>.<\/p>\n<p><a href=\"https:\/\/blog.ilgiornale.it\/bertirotti\/files\/2020\/04\/Il_pregiudizio_01.jpg\"><img loading=\"lazy\" class=\"alignright size-thumbnail wp-image-3227\" src=\"https:\/\/blog.ilgiornale.it\/bertirotti\/files\/2020\/04\/Il_pregiudizio_01-150x150.jpg\" alt=\"Il_pregiudizio_01\" width=\"150\" height=\"150\" \/><\/a><\/p>\n<p>In altri termini, considero positivamente l\u2019utilizzo del pregiudizio che porta a verificare o meno i concetti che lo compongono per giungere alla formulazione di un post giudizio, che generalmente va a modificare i giudizi intuitivi precedenti. Per esempio, molte persone nutrono pregiudizi precisi nei confronti di alcuni cibi, e quando si trovano in condizioni di poterli assaggiare dovranno decidere se confermare o meno il pregiudizio, sperimentando quei cibi diversi. Ci\u00f2 che risulta necessario, in questo <strong>processo<\/strong>, \u00e8 comunque voler sperimentare, per mettere in dubbio o confermare il pregiudizio iniziale. Se non si desidera questa sperimentazione (che deve essere comunque <em>leale<\/em>), \u00e8 evidente che il pregiudizio rimane tale, e siamo in presenza di una mente che potremmo definire <em>cristallizzata<\/em>, <em>immobile<\/em> e, semplicemente, <em>rovinata<\/em>.<\/p>\n<p>Bene, una volta chiarita questa duplice valenza del concetto di \u201cpregiudizio\u201c, lascio a voi fare le considerazioni necessarie rispetto alle dichiarazioni che i <strong>media<\/strong> ci stanno presentando e che provengono da alcuni uomini politici, oppure da professionisti della comunicazione.<\/p>\n<p>Ecco perch\u00e9 ho deciso, a partire proprio da questo pomeriggio, <strong>luned\u00ec 27 aprile 2020<\/strong>, alle ore <strong>18<\/strong>, dalla mia <a title=\"Pagina di Alessandro Bertirotti\" href=\"https:\/\/www.facebook.com\/Bertirotti\" target=\"_blank\"><strong>Pagina Facebook<\/strong><\/a>, di iniziare una serie di dirette sul tema, e ragionare, insieme a tutti coloro che vorranno essere presenti, sulla formazione dei pregiudizi, degli stereotipi e la loro funzione, a livello mentale e culturale.<\/p>\n<p>Se qualcuno di voi volesse partecipare, mi trovate su questo social, e intanto <span style=\"color: #ff00ff\">attendo<\/span> di leggere i vostri commenti.<\/p>\n","protected":false},"excerpt":{"rendered":"<p><p>\u00c8 tutta questione di\u2026 povert\u00e0 mentale. In senso generale, e letteralmente, il \u201cpregiudizio\u201d \u00e8 un giudizio anticipato rispetto ad una reale valutazione dei fatti. Ora, possiamo considerare questo atteggiamento mentale positivo e al tempo stesso negativo. Tutto dipende dal modo in cui strumentalizziamo il nostro giudicare anticipatamente, ossia per quale scopo, secondo quali motivazioni, utilizziamo questo processo cognitivo per rapportarci con la realt\u00e0. Quasi sempre connotiamo il termine in senso negativo, ossia considerandolo come esempio di superficialit\u00e0 e generalizzazioni che portano ad atteggiamenti mentali di rigidit\u00e0, senza la messa in dubbio della fondatezza o della pertinenza dei concetti che compongono [&hellip;]<\/p>\n&nbsp;&nbsp;<div class=\"readmore\"><a href=\"https:\/\/blog.ilgiornale.it\/bertirotti\/2020\/04\/27\/un-mondo-di-pregiudizi\/\">Continua a leggere...<\/a><\/div><\/p>","protected":false},"author":1039,"featured_media":3226,"comment_status":"open","ping_status":"closed","sticky":false,"template":"","format":"standard","meta":[],"categories":[87777],"tags":[399567,399569,53957,379433,387565,87,389282,399574,17018,399570,399566,399568,194796,73686,405345,170,399573,302651,40330,344197,37956,399575,152345,48,4853,386069,93200,399571,389285],"_links":{"self":[{"href":"https:\/\/blog.ilgiornale.it\/bertirotti\/wp-json\/wp\/v2\/posts\/3224"}],"collection":[{"href":"https:\/\/blog.ilgiornale.it\/bertirotti\/wp-json\/wp\/v2\/posts"}],"about":[{"href":"https:\/\/blog.ilgiornale.it\/bertirotti\/wp-json\/wp\/v2\/types\/post"}],"author":[{"embeddable":true,"href":"https:\/\/blog.ilgiornale.it\/bertirotti\/wp-json\/wp\/v2\/users\/1039"}],"replies":[{"embeddable":true,"href":"https:\/\/blog.ilgiornale.it\/bertirotti\/wp-json\/wp\/v2\/comments?post=3224"}],"version-history":[{"count":4,"href":"https:\/\/blog.ilgiornale.it\/bertirotti\/wp-json\/wp\/v2\/posts\/3224\/revisions"}],"predecessor-version":[{"id":3231,"href":"https:\/\/blog.ilgiornale.it\/bertirotti\/wp-json\/wp\/v2\/posts\/3224\/revisions\/3231"}],"wp:featuredmedia":[{"embeddable":true,"href":"https:\/\/blog.ilgiornale.it\/bertirotti\/wp-json\/wp\/v2\/media\/3226"}],"wp:attachment":[{"href":"https:\/\/blog.ilgiornale.it\/bertirotti\/wp-json\/wp\/v2\/media?parent=3224"}],"wp:term":[{"taxonomy":"category","embeddable":true,"href":"https:\/\/blog.ilgiornale.it\/bertirotti\/wp-json\/wp\/v2\/categories?post=3224"},{"taxonomy":"post_tag","embeddable":true,"href":"https:\/\/blog.ilgiornale.it\/bertirotti\/wp-json\/wp\/v2\/tags?post=3224"}],"curies":[{"name":"wp","href":"https:\/\/api.w.org\/{rel}","templated":true}]}}