{"id":3233,"date":"2020-04-30T06:02:25","date_gmt":"2020-04-30T04:02:25","guid":{"rendered":"https:\/\/blog.ilgiornale.it\/bertirotti\/?p=3233"},"modified":"2020-04-30T06:02:25","modified_gmt":"2020-04-30T04:02:25","slug":"a-a-a-offresi","status":"publish","type":"post","link":"https:\/\/blog.ilgiornale.it\/bertirotti\/2020\/04\/30\/a-a-a-offresi\/","title":{"rendered":"A.A.A. offresi"},"content":{"rendered":"<p style=\"text-align: justify;margin: 0cm 0cm 18.0pt 0cm\"><span style=\"font-size: 14.0pt;font-family: 'Futura Bk BT','sans-serif'\"><a href=\"https:\/\/blog.ilgiornale.it\/bertirotti\/files\/2020\/04\/offerta-speciale-1.png\"><img loading=\"lazy\" class=\"alignleft size-thumbnail wp-image-3234\" src=\"https:\/\/blog.ilgiornale.it\/bertirotti\/files\/2020\/04\/offerta-speciale-1-150x150.png\" alt=\"offerta-speciale-1\" width=\"150\" height=\"150\" \/><\/a>\u00c8 tutta questione di\u2026 <strong>futuro<\/strong>.<\/span><\/p>\n<p style=\"text-align: justify;margin: 0cm 0cm 18.0pt 0cm\"><span style=\"font-size: 14.0pt;font-family: 'Futura Bk BT','sans-serif'\">Vorrei fare un excursus veloce circa alcune considerazioni socio-politiche, quindi anche culturali, che possono derivare dalla lettura di alcuni titoli della stampa nazionale.<\/span><\/p>\n<p style=\"text-align: justify;margin: 0cm 0cm 18.0pt 0cm\"><span style=\"font-size: 14.0pt;font-family: 'Futura Bk BT','sans-serif'\">Come \u00e8 giusto che sia, campeggia la notizia del calo degli infettati italiani, in seguito all\u2019incontro con zio Covid-19; quindi, si continua a leggere delle schermaglie finto-amorose tra il governo e le regioni, tanto per continuare a farci credere che esiste un vero processo dialettico fra il governo centrale e quello periferico; continuando, troviamo una serie di considerazioni generali sulla nuova <strong>App Immuni<\/strong>, con una serie di regole che verranno attuate per il tracciamento dei dati, e rispetto alle quali personalmente non ho ancora un\u2019idea molto chiara; la Borsa di Milano ieri ha chiuso in rialzo, + 2,21%, mentre la Germania sembra stia pensando di proporre una tassa patrimoniale sulle propriet\u00e0 degli italiani; a dimostrazione dell\u2019ottimo funzionamento del nostro governo, <strong>apprendiamo<\/strong> anche che salta il Consiglio dei Ministri del 30 aprile, ossia quello chiamato a dare il via libera al \u201cDecreto Aprile\u201c, che necessariamente dovr\u00e0 chiamarsi \u201cDecreto Maggio\u201c (ma, oramai, tutti noi italiani, abituati alle <i>autocertificazioni<\/i>, sappiamo anche che ogni cosa viene <i>modificata<\/i>, <i>ratificata<\/i>, <i>rettificata<\/i>, <i>implementata<\/i>, <i>variata<\/i>, <i>rivista<\/i>, <i>ripensata<\/i>\u2026 e chi pi\u00f9 ne ha pi\u00f9 ne metta).<\/span><\/p>\n<p style=\"text-align: justify;margin: 0cm 0cm 18.0pt 0cm\"><span style=\"font-size: 14.0pt;font-family: 'Futura Bk BT','sans-serif'\">Si apprende anche, come ho gi\u00e0 avuto occasione di scrivere, che siamo diventati improvvisamente orgogliosi della velocit\u00e0 con cui si ricostruiscono i ponti, visto che ultimamente non era neanche pi\u00f9 il caso di andarci a dormire sotto. La Guardia di Finanza, nel suo meraviglioso lavoro, acquisisce i documenti nella sede della Protezione Civile, che riguardano l\u2019inchiesta sulla <strong>Only Logistics<\/strong>, di Irene Pivetti, indagata per la misteriosa questione delle mascherine non a norma. Infine, in questa esaltante situazione ambientale, vi sono, in tutta Italia, le manifestazioni di protesta di coloro che vogliono aprire, come i ristoratori e i gestori di locali, gli estetisti e parrucchieri (anche Vissani consegna le chiavi del suo ristorante).<\/span><\/p>\n<p style=\"text-align: justify;margin: 0cm 0cm 18.0pt 0cm\"><span style=\"font-size: 14.0pt;font-family: 'Futura Bk BT','sans-serif'\">Non ho inserito in questo elenco, piuttosto sintetico, le considerazioni che avrei potuto fare su ci\u00f2 che leggiamo nella stampa estera, perch\u00e9 altrimenti avrei annoiato tutti voi. Ma, non posso certo esimermi di ricordare la notizia che nel mondo abbiamo circa 3 milioni di contagi da zio <strong>Covid-19<\/strong>, e che il Pil degli Stati Uniti sta miseramente crollando. E le previsioni per la grande potenza mondiale sono, per un secondo trimestre, decisamente negativo, con un calo del Pil fino al 30%.<\/span><\/p>\n<p style=\"text-align: justify;margin: 0cm 0cm 18.0pt 0cm\"><span style=\"font-size: 14.0pt;font-family: 'Futura Bk BT','sans-serif'\">Quali conclusioni possiamo trarre da questo elenco?<\/span><\/p>\n<p style=\"text-align: justify;margin: 0cm 0cm 18.0pt 0cm\"><span style=\"font-size: 14.0pt;font-family: 'Futura Bk BT','sans-serif'\">Le lascio a voi, ovviamente, ai vostri commenti.<\/span><\/p>\n<p style=\"text-align: justify;margin: 0cm 0cm 18.0pt 0cm\"><span style=\"font-size: 14.0pt;font-family: 'Futura Bk BT','sans-serif'\">Dal canto mio, per\u00f2, posso solo fare una riflessione generale sul concetto di <strong>resilienza<\/strong>. Questo termine, in <span style=\"color: #ff00ff\">Fisica<\/span>, indica la capacit\u00e0 di un materiale di assorbire un urto senza rompersi. In <span style=\"color: #ff00ff\">Psicologia<\/span> \u00e8 la capacit\u00e0 di un individuo di affrontare e superare gli eventi traumatici o i periodi di difficolt\u00e0. In <span style=\"color: #ff00ff\">Antropologia della Mente<\/span>, il termine si riferisce alla velocit\u00e0 con cui una comunit\u00e0 di esseri viventi \u00e8 nelle condizioni di <strong><i>re-inventarsi<\/i><\/strong> la propria stabilit\u00e0, quando sottoposta a perturbazioni (proprio come sta accadendo in questo periodo di pandemia).<\/span><\/p>\n<p style=\"text-align: justify;margin: 0cm 0cm 18.0pt 0cm\"><span style=\"font-size: 14.0pt;font-family: 'Futura Bk BT','sans-serif'\">Bene, vi sembra che in questo elenco vi siano elementi che fanno pensare a un nuovo modo di considerare il mondo?<\/span><\/p>\n<p style=\"text-align: justify;margin: 0cm 0cm 18.0pt 0cm\"><span style=\"font-size: 14.0pt;font-family: 'Futura Bk BT','sans-serif'\"><span style=\"color: #ff00ff\">Finito<\/span>.<\/span><\/p>\n","protected":false},"excerpt":{"rendered":"<p><p>\u00c8 tutta questione di\u2026 futuro. Vorrei fare un excursus veloce circa alcune considerazioni socio-politiche, quindi anche culturali, che possono derivare dalla lettura di alcuni titoli della stampa nazionale. Come \u00e8 giusto che sia, campeggia la notizia del calo degli infettati italiani, in seguito all\u2019incontro con zio Covid-19; quindi, si continua a leggere delle schermaglie finto-amorose tra il governo e le regioni, tanto per continuare a farci credere che esiste un vero processo dialettico fra il governo centrale e quello periferico; continuando, troviamo una serie di considerazioni generali sulla nuova App Immuni, con una serie di regole che verranno attuate per [&hellip;]<\/p>\n&nbsp;&nbsp;<div class=\"readmore\"><a href=\"https:\/\/blog.ilgiornale.it\/bertirotti\/2020\/04\/30\/a-a-a-offresi\/\">Continua a leggere...<\/a><\/div><\/p>","protected":false},"author":1039,"featured_media":3234,"comment_status":"open","ping_status":"closed","sticky":false,"template":"","format":"standard","meta":[],"categories":[10760],"tags":[53957,399576,399583,87200,399580,387565,87,399581,399582,399584,405262,399586,302657,7491,35,820,15123,22815,399591,399585,26,115,399588,399587,399578,12994,405261,201177,37956,139,47077,59435,206,45041,399577,387400,62841],"_links":{"self":[{"href":"https:\/\/blog.ilgiornale.it\/bertirotti\/wp-json\/wp\/v2\/posts\/3233"}],"collection":[{"href":"https:\/\/blog.ilgiornale.it\/bertirotti\/wp-json\/wp\/v2\/posts"}],"about":[{"href":"https:\/\/blog.ilgiornale.it\/bertirotti\/wp-json\/wp\/v2\/types\/post"}],"author":[{"embeddable":true,"href":"https:\/\/blog.ilgiornale.it\/bertirotti\/wp-json\/wp\/v2\/users\/1039"}],"replies":[{"embeddable":true,"href":"https:\/\/blog.ilgiornale.it\/bertirotti\/wp-json\/wp\/v2\/comments?post=3233"}],"version-history":[{"count":1,"href":"https:\/\/blog.ilgiornale.it\/bertirotti\/wp-json\/wp\/v2\/posts\/3233\/revisions"}],"predecessor-version":[{"id":3235,"href":"https:\/\/blog.ilgiornale.it\/bertirotti\/wp-json\/wp\/v2\/posts\/3233\/revisions\/3235"}],"wp:featuredmedia":[{"embeddable":true,"href":"https:\/\/blog.ilgiornale.it\/bertirotti\/wp-json\/wp\/v2\/media\/3234"}],"wp:attachment":[{"href":"https:\/\/blog.ilgiornale.it\/bertirotti\/wp-json\/wp\/v2\/media?parent=3233"}],"wp:term":[{"taxonomy":"category","embeddable":true,"href":"https:\/\/blog.ilgiornale.it\/bertirotti\/wp-json\/wp\/v2\/categories?post=3233"},{"taxonomy":"post_tag","embeddable":true,"href":"https:\/\/blog.ilgiornale.it\/bertirotti\/wp-json\/wp\/v2\/tags?post=3233"}],"curies":[{"name":"wp","href":"https:\/\/api.w.org\/{rel}","templated":true}]}}