{"id":3269,"date":"2020-05-25T07:37:24","date_gmt":"2020-05-25T05:37:24","guid":{"rendered":"https:\/\/blog.ilgiornale.it\/bertirotti\/?p=3269"},"modified":"2020-05-25T07:37:24","modified_gmt":"2020-05-25T05:37:24","slug":"la-ribollita","status":"publish","type":"post","link":"https:\/\/blog.ilgiornale.it\/bertirotti\/2020\/05\/25\/la-ribollita\/","title":{"rendered":"La ribollita"},"content":{"rendered":"<p style=\"text-align: justify;margin: 0cm 0cm 18.0pt 0cm\"><span style=\"font-size: 14.0pt;font-family: 'Futura Bk BT','sans-serif'\"><a href=\"https:\/\/blog.ilgiornale.it\/bertirotti\/files\/2020\/05\/pubblica_istruzione.jpg\"><img loading=\"lazy\" class=\"alignleft size-thumbnail wp-image-3271\" src=\"https:\/\/blog.ilgiornale.it\/bertirotti\/files\/2020\/05\/pubblica_istruzione-150x150.jpg\" alt=\"pubblica_istruzione\" width=\"150\" height=\"150\" \/><\/a>\u00c8 tutta questione di\u2026 <strong>realismo<\/strong>.<\/span><\/p>\n<p style=\"text-align: justify;margin: 0cm 0cm 18.0pt 0cm\"><span style=\"font-size: 14.0pt;font-family: 'Futura Bk BT','sans-serif'\">Certo, rimpiangere la Minestra Fedeli \u00e8 segno o evidenza di qualche cosa di sconvolgente. D\u2019altra parte, non \u00e8 possibile fare altrimenti, quando abbiamo una nuova Minestra (in Toscana, meglio<strong><i> ribollita<\/i><\/strong>) che non \u00e8 nelle condizioni di parlare in italiano, sia dal punto di vista semiologico che semantico. E forse \u00e8 persino chiederle troppo: conoscere la differenza fra lo studio dei segni e quello dei significati.<\/span><\/p>\n<p style=\"text-align: justify;margin: 0cm 0cm 18.0pt 0cm\"><span style=\"font-size: 14.0pt;font-family: 'Futura Bk BT','sans-serif'\">Comunque, ci\u00f2 stabilito, questa volta mi trovo davvero in sintonia con il PD, anche se per motivi diversi da quelli che il \u201cmiope PD\u201d adduce. Quando parliamo di scuola, alfabetizzazione e \u201ccultura\u201c in generale, dobbiamo fare <strong>riferimento<\/strong> quasi esclusivamente ad una formazione di sinistra, perch\u00e9 la destra non \u00e8 mai stata in grado di proporre un progetto educativo che fosse di grande respiro, senza esclusivamente riferirsi al liberismo economico.<\/span><\/p>\n<p style=\"text-align: justify;margin: 0cm 0cm 18.0pt 0cm\"><span style=\"font-size: 14.0pt;font-family: 'Futura Bk BT','sans-serif'\">Ora, proprio in riferimento agli imbuti, che sono solo strumenti e non soggetti umani, l\u2019attuale Ribollita, che governa dall\u2019alto della sua \u201cattitudine\u201d (caratteristica comune ad altri suoi colleghi e colleghe dell\u2019attuale governo) sostiene che sia importante fare il concorso ad esami per migliaia di precari. \u00c8 chiaro che <strong>Minestra<\/strong> riscaldata non sa che questi docenti stanno insegnando da anni, chiaro esempio del solito sfruttamento tutto italiano. E che la preparazione ad un concorso, secondo i programmi che ha in mente, \u00e8 semplicemente una follia inutile, anche se caratterizza la nullit\u00e0 di cui lei stessa \u00e8 espressione.<\/span><\/p>\n<p style=\"text-align: justify;margin: 0cm 0cm 18.0pt 0cm\"><span style=\"font-size: 14.0pt;font-family: 'Futura Bk BT','sans-serif'\">Perch\u00e9 affermo questo?<a href=\"https:\/\/blog.ilgiornale.it\/bertirotti\/files\/2020\/05\/Ribollita_00.jpg\"><img loading=\"lazy\" class=\"alignright size-thumbnail wp-image-3272\" src=\"https:\/\/blog.ilgiornale.it\/bertirotti\/files\/2020\/05\/Ribollita_00-150x150.jpg\" alt=\"Ribollita_00\" width=\"150\" height=\"150\" \/><\/a><\/span><\/p>\n<p style=\"text-align: justify;margin: 0cm 0cm 18.0pt 0cm\"><span style=\"font-size: 14.0pt;font-family: 'Futura Bk BT','sans-serif'\">Ritengo che i concorsi siano assolutamente una farsa, specialmente quando sono rivolti a coloro che stanno gi\u00e0 esercitando il ruolo per cui si dovrebbe concorrere. In sostanza, \u00e8 come affermare che siamo di fronte ad individui che <strong>esercitano<\/strong> una professione per la quale non sono preparati, e nei confronti della quale lo Stato \u00e8 sostanzialmente un \u201cpagatore inutile\u201d. Non si capisce perch\u00e9 questi precari dovrebbero percepire lo stipendio quando non sono nelle condizioni di esercitare la loro professione. Inoltre, non penso che intenderanno cambiare il loro stile di insegnamento e la loro capacit\u00e0 cognitiva, nell\u2019eventualit\u00e0 dovessero strutturarsi a tempo indeterminato.<\/span><\/p>\n<p style=\"text-align: justify;margin: 0cm 0cm 18.0pt 0cm\"><span style=\"font-size: 14.0pt;font-family: 'Futura Bk BT','sans-serif'\">E non ne faccio nemmeno una questione di zio Covid-19, ossia di contagio, per quanto riguarda il luogo in cui fare un concorso (come, invece, afferma la sinistra). Si tratta proprio di una <strong>questione<\/strong> di principio. Si dovrebbe poter accedere alla strutturazione a tempo indeterminato sulla base del numero di anni gi\u00e0 \u201csprecati\u201d nell\u2019esercizio della professione.<\/span><\/p>\n<p style=\"text-align: justify;margin: 0cm 0cm 18.0pt 0cm\"><span style=\"font-size: 14.0pt;font-family: 'Futura Bk BT','sans-serif'\">E, al posto di indire nuovi concorsi, sarebbe davvero molto pi\u00f9 fruttuoso verificare il livello di aggiornamento dei docenti, la loro <strong>motivazione<\/strong> all\u2019insegnamento e, quindi, la spinta interiore che li porta ad esercitare una professione per la quale \u00e8 necessario un costante e continuo rapporto con la realt\u00e0 contemporanea dei nostri giovani.<\/span><\/p>\n<p style=\"text-align: justify;margin: 0cm 0cm 18.0pt 0cm\"><span style=\"font-size: 14.0pt;font-family: 'Futura Bk BT','sans-serif'\">Ma questo sarebbe troppo per una <span style=\"color: #ff00ff\">ribollita<\/span>.<\/span><\/p>\n","protected":false},"excerpt":{"rendered":"<p><p>\u00c8 tutta questione di\u2026 realismo. Certo, rimpiangere la Minestra Fedeli \u00e8 segno o evidenza di qualche cosa di sconvolgente. D\u2019altra parte, non \u00e8 possibile fare altrimenti, quando abbiamo una nuova Minestra (in Toscana, meglio ribollita) che non \u00e8 nelle condizioni di parlare in italiano, sia dal punto di vista semiologico che semantico. E forse \u00e8 persino chiederle troppo: conoscere la differenza fra lo studio dei segni e quello dei significati. Comunque, ci\u00f2 stabilito, questa volta mi trovo davvero in sintonia con il PD, anche se per motivi diversi da quelli che il \u201cmiope PD\u201d adduce. Quando parliamo di scuola, alfabetizzazione [&hellip;]<\/p>\n&nbsp;&nbsp;<div class=\"readmore\"><a href=\"https:\/\/blog.ilgiornale.it\/bertirotti\/2020\/05\/25\/la-ribollita\/\">Continua a leggere...<\/a><\/div><\/p>","protected":false},"author":1039,"featured_media":3271,"comment_status":"open","ping_status":"closed","sticky":false,"template":"","format":"standard","meta":[],"categories":[152369],"tags":[75615,53957,399677,399672,4865,87,89,41813,405262,27421,820,399674,387439,42096,26,399676,399673,399680,399675,312910,110,57388,399685,11968,399678,399679,88,2659,66657],"_links":{"self":[{"href":"https:\/\/blog.ilgiornale.it\/bertirotti\/wp-json\/wp\/v2\/posts\/3269"}],"collection":[{"href":"https:\/\/blog.ilgiornale.it\/bertirotti\/wp-json\/wp\/v2\/posts"}],"about":[{"href":"https:\/\/blog.ilgiornale.it\/bertirotti\/wp-json\/wp\/v2\/types\/post"}],"author":[{"embeddable":true,"href":"https:\/\/blog.ilgiornale.it\/bertirotti\/wp-json\/wp\/v2\/users\/1039"}],"replies":[{"embeddable":true,"href":"https:\/\/blog.ilgiornale.it\/bertirotti\/wp-json\/wp\/v2\/comments?post=3269"}],"version-history":[{"count":3,"href":"https:\/\/blog.ilgiornale.it\/bertirotti\/wp-json\/wp\/v2\/posts\/3269\/revisions"}],"predecessor-version":[{"id":3274,"href":"https:\/\/blog.ilgiornale.it\/bertirotti\/wp-json\/wp\/v2\/posts\/3269\/revisions\/3274"}],"wp:featuredmedia":[{"embeddable":true,"href":"https:\/\/blog.ilgiornale.it\/bertirotti\/wp-json\/wp\/v2\/media\/3271"}],"wp:attachment":[{"href":"https:\/\/blog.ilgiornale.it\/bertirotti\/wp-json\/wp\/v2\/media?parent=3269"}],"wp:term":[{"taxonomy":"category","embeddable":true,"href":"https:\/\/blog.ilgiornale.it\/bertirotti\/wp-json\/wp\/v2\/categories?post=3269"},{"taxonomy":"post_tag","embeddable":true,"href":"https:\/\/blog.ilgiornale.it\/bertirotti\/wp-json\/wp\/v2\/tags?post=3269"}],"curies":[{"name":"wp","href":"https:\/\/api.w.org\/{rel}","templated":true}]}}