{"id":3275,"date":"2020-05-28T07:45:21","date_gmt":"2020-05-28T05:45:21","guid":{"rendered":"https:\/\/blog.ilgiornale.it\/bertirotti\/?p=3275"},"modified":"2020-06-03T13:50:05","modified_gmt":"2020-06-03T11:50:05","slug":"il-ginocchio-poliziotto","status":"publish","type":"post","link":"https:\/\/blog.ilgiornale.it\/bertirotti\/2020\/05\/28\/il-ginocchio-poliziotto\/","title":{"rendered":"Il ginocchio poliziotto"},"content":{"rendered":"<p style=\"text-align: justify;margin: 0cm 0cm 18.0pt 0cm\"><span style=\"font-size: 14.0pt;font-family: 'Futura Bk BT','sans-serif'\"><a href=\"https:\/\/blog.ilgiornale.it\/bertirotti\/files\/2020\/05\/Poliziotto_USA.jpeg\"><img loading=\"lazy\" class=\"alignleft size-thumbnail wp-image-3276\" src=\"https:\/\/blog.ilgiornale.it\/bertirotti\/files\/2020\/05\/Poliziotto_USA-150x150.jpeg\" alt=\"Poliziotto_USA\" width=\"150\" height=\"150\" \/><\/a>\u00c8 tutta questione di\u2026 <strong>patologia<\/strong>.<\/span><\/p>\n<p style=\"text-align: justify;margin: 0cm 0cm 18.0pt 0cm\"><span style=\"font-size: 14.0pt;font-family: 'Futura Bk BT','sans-serif'\">E, cos\u00ec, muore un altro afroamericano, George Floyd, in diretta e per sette minuti lunghissimi, ad opera di un \u201cginocchio poliziotto\u201d.<\/span><\/p>\n<p style=\"text-align: justify;margin: 0cm 0cm 18.0pt 0cm\"><span style=\"font-size: 14.0pt;font-family: 'Futura Bk BT','sans-serif'\">Un fallimento totale, e socio-culturale, di integrazione etnica. E ci troviamo all\u2019interno di quella societ\u00e0 che il mondo occidentale ha sempre considerato il luogo della democrazia, in cui la salvaguardia della libert\u00e0 e della <strong>individualit\u00e0<\/strong> personale sono considerate qualcosa di sacro. E, se il risultato della sacralit\u00e0 \u00e8 questo, occorre qualche riflessione.<\/span><\/p>\n<p style=\"text-align: justify;margin: 0cm 0cm 18.0pt 0cm\"><span style=\"font-size: 14.0pt;font-family: 'Futura Bk BT','sans-serif'\">La salvaguardia della libert\u00e0 di tutti prevede necessariamente l\u2019adesione ad un gruppo di regole che una data comunit\u00e0 scrive per se stessa, proprio perch\u00e9 non esiste libert\u00e0 se non all\u2019interno di una <strong>sicurezza<\/strong> compartecipata. E questo dovrebbe valere per tutti, o almeno, per un numero soddisfacente di persone.<\/span><\/p>\n<p style=\"text-align: justify;margin: 0cm 0cm 18.0pt 0cm\"><span style=\"font-size: 14.0pt;font-family: 'Futura Bk BT','sans-serif'\">Ora, mi sembra che atteggiamenti di questo genere, specialmente quando provengono dalle forze dell\u2019ordine, che dovrebbero essere un punto di <strong>riferimento<\/strong> non solo per la legalit\u00e0, ma per il concetto stesso di sicurezza, siano completamente lontani dalle conquiste dei diritti civili, quelli che gli Stati Uniti hanno sempre dichiarato di rappresentare.<\/span><\/p>\n<p style=\"text-align: justify;margin: 0cm 0cm 18.0pt 0cm\"><span style=\"font-size: 14.0pt;font-family: 'Futura Bk BT','sans-serif'\">Al di l\u00e0 della situazione precisa alla quale mi riferisco in questo articolo, indipendentemente o meno dalla colpevolezza della persona catturata, atteggiamenti di cos\u00ec evidente aggressivit\u00e0 gratuita non sono ammissibili. Mai, in nessun Paese che voglia definirsi civile. \u00c8 anche vero che in alcune\u00a0nazioni degli <strong>Stati Uniti<\/strong> esiste la pena di morte, e che in altri Paesi orientali si spara alla nuca, per giustiziare i condannati ed in altri ancora si impiccano le persone. Insomma, abbiamo certo occasione di desiderare altre azioni, in questo mondo.<a href=\"https:\/\/blog.ilgiornale.it\/bertirotti\/files\/2020\/05\/Minneapolis.jpg\"><img loading=\"lazy\" class=\"alignright size-thumbnail wp-image-3277\" src=\"https:\/\/blog.ilgiornale.it\/bertirotti\/files\/2020\/05\/Minneapolis-150x150.jpg\" alt=\"Morte afroamericano a Minneapolis, proteste contro la violenza della polizia\" width=\"150\" height=\"150\" \/><\/a><\/span><\/p>\n<p style=\"text-align: justify;margin: 0cm 0cm 18.0pt 0cm\"><span style=\"font-size: 14.0pt;font-family: 'Futura Bk BT','sans-serif'\">Ora, sul caso specifico stanno indagando le autorit\u00e0 statali e quelle federali, anche se non \u00e8 stato ancora <strong>formulato<\/strong> un capo d\u2019accusa. \u00c8 anche vero, che con prontezza gli agenti coinvolti sono stati licenziati e dovranno certamente rispondere delle loro azioni.<\/span><\/p>\n<p style=\"text-align: justify;margin: 0cm 0cm 18.0pt 0cm\"><span style=\"font-size: 14.0pt;font-family: 'Futura Bk BT','sans-serif'\">\u201cLasciatemi, non riesco a respirare\u201d: ecco le ultime drammatiche parole di Floyd. Secondo le prime ricostruzioni, una pattuglia era stata allertata per la presenza di un uomo che in auto sembrava essere sotto l\u2019influenza di sostanze stupefacenti. Giunti sul posto, i poliziotti hanno intimato all\u2019uomo di <strong>scendere<\/strong> dalla vettura, ma l\u2019afroamericano ha cominciato ad opporre resistenza. Gli agenti lo hanno cos\u00ec bloccato a terra e, mentre cercavano di ammanettarlo, uno di loro gli ha tenuto un ginocchio premuto sul collo. L\u2019uomo, visibilmente in sofferenza nel video, implora pi\u00f9 volte di essere liberato dal ginocchio soffocante. Quando arriva l\u2019ambulanza \u00e8 troppo tardi: morir\u00e0 poco dopo.<\/span><\/p>\n<p style=\"text-align: justify;margin: 0cm 0cm 18.0pt 0cm\"><span style=\"font-size: 14.0pt;font-family: 'Futura Bk BT','sans-serif'\">Il sindaco di Minneapolis, <strong>Jacob Frey<\/strong>, sospende dapprima i poliziotti (con body-cam) e poi li licenzia, affermando che \u201cquello che ha visto \u00e8 terribile. Quell\u2019uomo non avrebbe dovuto morire. Essere un nero in America non dovrebbe essere una sentenza di morte\u201d.<\/span><\/p>\n<p style=\"text-align: justify;margin: 0cm 0cm 18.0pt 0cm\"><span style=\"font-size: 14.0pt;font-family: 'Futura Bk BT','sans-serif'\">Zio Covid-19 fa emergere quello che siamo, prima ancora di riuscire a <strong>modificare<\/strong> i nostri comportamenti in meglio, oppure in peggio.<\/span><\/p>\n<p style=\"text-align: justify;margin: 0cm 0cm 18.0pt 0cm\"><span style=\"font-size: 14.0pt;font-family: 'Futura Bk BT','sans-serif'\">A questo punto, non saprei cosa pensare, ma continuo a <span style=\"color: #ff00ff\">sperare<\/span> nel meglio.<\/span><\/p>\n","protected":false},"excerpt":{"rendered":"<p><p>\u00c8 tutta questione di\u2026 patologia. E, cos\u00ec, muore un altro afroamericano, George Floyd, in diretta e per sette minuti lunghissimi, ad opera di un \u201cginocchio poliziotto\u201d. Un fallimento totale, e socio-culturale, di integrazione etnica. E ci troviamo all\u2019interno di quella societ\u00e0 che il mondo occidentale ha sempre considerato il luogo della democrazia, in cui la salvaguardia della libert\u00e0 e della individualit\u00e0 personale sono considerate qualcosa di sacro. E, se il risultato della sacralit\u00e0 \u00e8 questo, occorre qualche riflessione. La salvaguardia della libert\u00e0 di tutti prevede necessariamente l\u2019adesione ad un gruppo di regole che una data comunit\u00e0 scrive per se stessa, [&hellip;]<\/p>\n&nbsp;&nbsp;<div class=\"readmore\"><a href=\"https:\/\/blog.ilgiornale.it\/bertirotti\/2020\/05\/28\/il-ginocchio-poliziotto\/\">Continua a leggere...<\/a><\/div><\/p>","protected":false},"author":1039,"featured_media":3276,"comment_status":"open","ping_status":"closed","sticky":false,"template":"","format":"standard","meta":[],"categories":[87760],"tags":[53957,245037,15644,46065,399700,399698,336,72,38,105,193212,54,399694,399693,160,399692,6797,399686,193532,72882,405287,40546,136926,405285,37076,152345,405328,405311,26324,18802,399688,23646,85,5461],"_links":{"self":[{"href":"https:\/\/blog.ilgiornale.it\/bertirotti\/wp-json\/wp\/v2\/posts\/3275"}],"collection":[{"href":"https:\/\/blog.ilgiornale.it\/bertirotti\/wp-json\/wp\/v2\/posts"}],"about":[{"href":"https:\/\/blog.ilgiornale.it\/bertirotti\/wp-json\/wp\/v2\/types\/post"}],"author":[{"embeddable":true,"href":"https:\/\/blog.ilgiornale.it\/bertirotti\/wp-json\/wp\/v2\/users\/1039"}],"replies":[{"embeddable":true,"href":"https:\/\/blog.ilgiornale.it\/bertirotti\/wp-json\/wp\/v2\/comments?post=3275"}],"version-history":[{"count":5,"href":"https:\/\/blog.ilgiornale.it\/bertirotti\/wp-json\/wp\/v2\/posts\/3275\/revisions"}],"predecessor-version":[{"id":3283,"href":"https:\/\/blog.ilgiornale.it\/bertirotti\/wp-json\/wp\/v2\/posts\/3275\/revisions\/3283"}],"wp:featuredmedia":[{"embeddable":true,"href":"https:\/\/blog.ilgiornale.it\/bertirotti\/wp-json\/wp\/v2\/media\/3276"}],"wp:attachment":[{"href":"https:\/\/blog.ilgiornale.it\/bertirotti\/wp-json\/wp\/v2\/media?parent=3275"}],"wp:term":[{"taxonomy":"category","embeddable":true,"href":"https:\/\/blog.ilgiornale.it\/bertirotti\/wp-json\/wp\/v2\/categories?post=3275"},{"taxonomy":"post_tag","embeddable":true,"href":"https:\/\/blog.ilgiornale.it\/bertirotti\/wp-json\/wp\/v2\/tags?post=3275"}],"curies":[{"name":"wp","href":"https:\/\/api.w.org\/{rel}","templated":true}]}}