{"id":3290,"date":"2020-06-08T09:35:20","date_gmt":"2020-06-08T07:35:20","guid":{"rendered":"https:\/\/blog.ilgiornale.it\/bertirotti\/?p=3290"},"modified":"2020-06-08T10:16:32","modified_gmt":"2020-06-08T08:16:32","slug":"bullismo-di-stato","status":"publish","type":"post","link":"https:\/\/blog.ilgiornale.it\/bertirotti\/2020\/06\/08\/bullismo-di-stato\/","title":{"rendered":"Bullismo di Stato"},"content":{"rendered":"<p><a href=\"https:\/\/blog.ilgiornale.it\/bertirotti\/files\/2020\/06\/Bullismo_di_Stato.jpg\"><img loading=\"lazy\" class=\"alignright size-thumbnail wp-image-3292\" src=\"https:\/\/blog.ilgiornale.it\/bertirotti\/files\/2020\/06\/Bullismo_di_Stato-150x150.jpg\" alt=\"Bullismo_di_Stato\" width=\"150\" height=\"150\" \/><\/a>\u00c8 tutta questione di\u2026 <strong>distorsione della realt\u00e0<\/strong>.<\/p>\n<p>Partiamo da <a href=\"https:\/\/www.ilgiornale.it\/news\/pezzo-su-ddl-scalfarotto-zan-1867853.html\">queste<\/a> considerazioni, che, personalmente, condivido appieno. Una condivisione nella sostanza di ci\u00f2 che si vuole minare, ossia l&#8217;espressione di un proprio dissenso, legittimato da proprie convinzioni etiche e persino <strong>scientifiche<\/strong>.<\/p>\n<p>\u00c8 indubbio che in questa nazione vi siano miriadi di problemi, e che il problema generale della violenza, esercitata verso gli altri e le cose, rappresenta un&#8217;evidenza italiana e mondiale. Eppure, ci\u00f2 che pi\u00f9 sconvolge, in questo ddl, \u00e8 la <strong><em>confusione semantica<\/em><\/strong> su cui si fonda. In altri termini, la scelta di essere contrari a forme educative che vogliano convincere della validit\u00e0 scientifica, etica e morale del gayume e del transgenderismo crea un precedente cognitivo grave.<\/p>\n<p>Mi spiego meglio.<\/p>\n<p>Quando una persona che potremmo definire cattiva prende il raffreddore, diventa una <em>persona cattiva con il raffreddore<\/em>, cos\u00ec come un <em>malato di mente cattivo<\/em> \u00e8 tanto malato quanto cattivo. L\u2019essere raffreddato, oppure un malato psichiatrico, non modifica automaticamente l&#8217;identit\u00e0 positiva o negativa della persona che manifesta quella patologia.<\/p>\n<p>Dunque, l&#8217;essere gay, oppure transgender, non \u00e8 essere ammalati, ma significa condurre una vita personale e pubblica nella quale le proprie scelte, o condizioni, sessuali ed affettive siano garantite nella loro espressione dallo Stato. Di fronte a questa garanzia, ogni persona pu\u00f2 volutamente, coscientemente scegliere di affidare l&#8217;educazione dei propri figli a persone che rappresentino il maschile e il femminile, cos\u00ec come su questo attuale <strong>sistema<\/strong> solare avviene da sempre, ossia nella relazione tra maschio biologico-mentale e femmina biologico-mentale. E coloro che, come me, difendono la dimensione scientifica che si cela dietro la <em>naturalit\u00e0<\/em> di questa differenza dovrebbero vedersi garantita dallo Stato l&#8217;occasione di dissentire di fronte a manifestazioni private e pubbliche che osannano la teoria gender.<\/p>\n<p>Ecco perch\u00e9, trovo particolarmente pericoloso questo ddl, e lo pongo alla stessa stregua dello <a href=\"http:\/\/www.spyit.it\/russia-lorribile-spot-contro-le-adozioni-gay-e-questo-il-paese-che-volete-video\/\">spot<\/a> che in questi giorni viene programmato nei media russi. Si tratta di due opposti, che evidenziano la profonda ignoranza <strong>dialogica<\/strong> che dovrebbe esistere di fronte a questa dimensione tanto sociale quanto cognitiva ed educativa.<\/p>\n<p>Esistono tutti gli strumenti per ostacolare la violenza, e la violenza non cambia se viene espressa verso un eterosessuale oppure un omosessuale, <strong>oppure<\/strong> ancora un transgender. Sempre di violenza si tratta, e diventa difficile, se non impossibile, determinare il discrimine fra l&#8217;espressione del diritto a dire &#8220;no&#8221;, rispetto all&#8217;espressione di un pregiudizio con il quale si continua a dire &#8220;no&#8221;.<\/p>\n<p>Mi sembra che questo governicchio di basse persone, non solo di statura, non sappia proprio cosa fare per avere un pugno di voti disperati. E sarebbe il caso che si limitassero ad avere solo buon senso, e potrei io stesso <strong>consigliare<\/strong> loro di istituire una task force alla cui direzione consiglierei la mia verduraia che ho sotto casa.<\/p>\n<p>Lei saprebbe indicare con precisione dove utilizzare i <span style=\"color: #ff00ff\">cetrioli<\/span>.<\/p>\n<p>Soprattutto con <span style=\"color: #ff00ff\">chi<\/span>.<\/p>\n","protected":false},"excerpt":{"rendered":"<p><p>\u00c8 tutta questione di\u2026 distorsione della realt\u00e0. Partiamo da queste considerazioni, che, personalmente, condivido appieno. Una condivisione nella sostanza di ci\u00f2 che si vuole minare, ossia l&#8217;espressione di un proprio dissenso, legittimato da proprie convinzioni etiche e persino scientifiche. \u00c8 indubbio che in questa nazione vi siano miriadi di problemi, e che il problema generale della violenza, esercitata verso gli altri e le cose, rappresenta un&#8217;evidenza italiana e mondiale. Eppure, ci\u00f2 che pi\u00f9 sconvolge, in questo ddl, \u00e8 la confusione semantica su cui si fonda. In altri termini, la scelta di essere contrari a forme educative che vogliano convincere della [&hellip;]<\/p>\n&nbsp;&nbsp;<div class=\"readmore\"><a href=\"https:\/\/blog.ilgiornale.it\/bertirotti\/2020\/06\/08\/bullismo-di-stato\/\">Continua a leggere...<\/a><\/div><\/p>","protected":false},"author":1039,"featured_media":3292,"comment_status":"open","ping_status":"closed","sticky":false,"template":"","format":"standard","meta":[],"categories":[63113],"tags":[211678,52639,53957,13607,399722,62,399719,399718,405303,829,69696,125,29629,820,73741,63198,69682,2759,399727,3155,331792,344194,37994,14471,113747,19,399678,162,16090,45041,387597,5461,35506],"_links":{"self":[{"href":"https:\/\/blog.ilgiornale.it\/bertirotti\/wp-json\/wp\/v2\/posts\/3290"}],"collection":[{"href":"https:\/\/blog.ilgiornale.it\/bertirotti\/wp-json\/wp\/v2\/posts"}],"about":[{"href":"https:\/\/blog.ilgiornale.it\/bertirotti\/wp-json\/wp\/v2\/types\/post"}],"author":[{"embeddable":true,"href":"https:\/\/blog.ilgiornale.it\/bertirotti\/wp-json\/wp\/v2\/users\/1039"}],"replies":[{"embeddable":true,"href":"https:\/\/blog.ilgiornale.it\/bertirotti\/wp-json\/wp\/v2\/comments?post=3290"}],"version-history":[{"count":4,"href":"https:\/\/blog.ilgiornale.it\/bertirotti\/wp-json\/wp\/v2\/posts\/3290\/revisions"}],"predecessor-version":[{"id":3295,"href":"https:\/\/blog.ilgiornale.it\/bertirotti\/wp-json\/wp\/v2\/posts\/3290\/revisions\/3295"}],"wp:featuredmedia":[{"embeddable":true,"href":"https:\/\/blog.ilgiornale.it\/bertirotti\/wp-json\/wp\/v2\/media\/3292"}],"wp:attachment":[{"href":"https:\/\/blog.ilgiornale.it\/bertirotti\/wp-json\/wp\/v2\/media?parent=3290"}],"wp:term":[{"taxonomy":"category","embeddable":true,"href":"https:\/\/blog.ilgiornale.it\/bertirotti\/wp-json\/wp\/v2\/categories?post=3290"},{"taxonomy":"post_tag","embeddable":true,"href":"https:\/\/blog.ilgiornale.it\/bertirotti\/wp-json\/wp\/v2\/tags?post=3290"}],"curies":[{"name":"wp","href":"https:\/\/api.w.org\/{rel}","templated":true}]}}