{"id":3331,"date":"2020-06-29T08:26:16","date_gmt":"2020-06-29T06:26:16","guid":{"rendered":"https:\/\/blog.ilgiornale.it\/bertirotti\/?p=3331"},"modified":"2020-06-29T08:26:16","modified_gmt":"2020-06-29T06:26:16","slug":"magistratura_poli","status":"publish","type":"post","link":"https:\/\/blog.ilgiornale.it\/bertirotti\/2020\/06\/29\/magistratura_poli\/","title":{"rendered":"Magistratura_poli"},"content":{"rendered":"<p style=\"text-align: justify;margin: 0cm 0cm 18.0pt 0cm\"><span style=\"font-size: 14.0pt;font-family: 'Futura Bk BT','sans-serif'\"><a href=\"https:\/\/blog.ilgiornale.it\/bertirotti\/files\/2020\/06\/palamara-1.jpg\"><img loading=\"lazy\" class=\"alignleft size-thumbnail wp-image-3333\" src=\"https:\/\/blog.ilgiornale.it\/bertirotti\/files\/2020\/06\/palamara-1-150x150.jpg\" alt=\"palamara-1\" width=\"150\" height=\"150\" \/><\/a>\u00c8 tutta questione di\u2026 <strong>schifezza<\/strong>.<\/span><\/p>\n<p style=\"text-align: justify;margin: 0cm 0cm 18.0pt 0cm\"><span style=\"font-size: 14.0pt;font-family: 'Futura Bk BT','sans-serif'\">Prima o poi (nella nostra nazione, potremmo togliere il &#8220;prima&#8221; e lasciare sempre e solo il &#8220;poi&#8221;\u2026) sarebbe venuto fuori &#8220;lo stile organizzativo&#8221; di uno dei poteri fondamentali dello <strong>Stato<\/strong>.<\/span><\/p>\n<p style=\"text-align: justify;margin: 0cm 0cm 18.0pt 0cm\"><span style=\"font-size: 14.0pt;font-family: 'Futura Bk BT','sans-serif'\">Il fatto \u00e8, nella sostanza e per arrivare immediatamente al punto centrale del mio articolo, che questo stile alligna <span style=\"color: #ff00ff\"><i>ovunque<\/i> <\/span>nella nostra nazione. Questo procedere per tradizione culinario-familistica \u00e8 nella politica, nella <strong>magistratura<\/strong>, nella vita quotidiana di ogni italiano.<\/span><\/p>\n<p style=\"text-align: justify;margin: 0cm 0cm 18.0pt 0cm\"><span style=\"font-size: 14.0pt;font-family: 'Futura Bk BT','sans-serif'\">Perch\u00e9? Perch\u00e9 siamo levantini, ed abbiamo la corruzione e la collusione nel DNA, con una particolare cura a tramandarla come essenziale ai nostri figli, quando desiderano farsi una posizione che permetta loro di sopravvivere. Una sopravvivenza al minimo, perch\u00e9 se si vuole ascendere agli alti gradini della scala sociale, entrano in gioco le <strong><i>diverse qualit\u00e0 dei rapporti clientelari e familistici<\/i><\/strong>. In altri termini, dipende da <span style=\"color: #0000ff\">quali famiglie<\/span> si conoscono, <span style=\"color: #0000ff\">quali rapporti<\/span> precostituiti esistono nella tradizione amicale con le diverse famiglie, e se \u00e8 ancora spendibile la serie quasi infinita di <i>crediti<\/i> e <i>debiti<\/i> esistenziali.<\/span><\/p>\n<p style=\"text-align: justify;margin: 0cm 0cm 18.0pt 0cm\"><span style=\"font-size: 14.0pt;font-family: 'Futura Bk BT','sans-serif'\">Ecco, tutto qui e semplicemente.<\/span><\/p>\n<p style=\"text-align: justify;margin: 0cm 0cm 18.0pt 0cm\"><span style=\"font-size: 14.0pt;font-family: 'Futura Bk BT','sans-serif'\">Infatti, \u00e8 il primo articolo che dedico alla questione Palamara (e non penso affatto sia un caso isolato), mentre ritengo che una parte della <strong>magistratura<\/strong> abbia vita assai difficile nel fare onestamente il proprio mestiere, utilizzando comportamenti e convinzioni etiche para-nazionali.<\/span><\/p>\n<p style=\"text-align: justify;margin: 0cm 0cm 18.0pt 0cm\"><span style=\"font-size: 14.0pt;font-family: 'Futura Bk BT','sans-serif'\">Siamo ad un punto tale di sfiducia nelle Istituzioni italiane, che, certamente, nel prossimo futuro qualche cosa dovr\u00e0 ben accadere, specialmente da parte di un popolo italiano che, per ora, ha ancora di che <strong>nutrirsi<\/strong>.<\/span><\/p>\n<p style=\"text-align: justify;margin: 0cm 0cm 18.0pt 0cm\"><span style=\"font-size: 14.0pt;font-family: 'Futura Bk BT','sans-serif'\">Non so quanto potr\u00e0 durare tutto questo.<\/span><\/p>\n<p style=\"text-align: justify;margin: 0cm 0cm 18.0pt 0cm\"><span style=\"font-size: 14.0pt;font-family: 'Futura Bk BT','sans-serif'\">Siamo di fronte ad un tale livello di <span style=\"color: #0000ff\">collusione massificata<\/span>, non disgiunta dalla relativa corruzione, che non restiamo <strong>affatto<\/strong> sorpresi di fronte ai &#8220;furbetti del cartellino&#8221;, alle tangenti metropolitane milanesi, ai vari &#8220;Bibbiano&#8221;, ai milioni non restituiti di qualche partito, alla presenza di parlamentari indagati e persino condannati, ai condoni edilizi romani, e via elencando.<\/span><\/p>\n<p style=\"text-align: justify;margin: 0cm 0cm 18.0pt 0cm\"><span style=\"font-size: 14.0pt;font-family: 'Futura Bk BT','sans-serif'\">Come potersi fermare, di fronte a questa decadenza?<\/span><\/p>\n<p style=\"text-align: justify;margin: 0cm 0cm 18.0pt 0cm\"><span style=\"font-size: 14.0pt;font-family: 'Futura Bk BT','sans-serif'\">Ci penser\u00e0 l&#8217;evoluzione, con la determinazione di quelle catastrofi che da sempre sono <strong>accadute<\/strong>, salvando i nuovi posteri, e con l&#8217;aiuto di quella umanit\u00e0 che continua a rendere la specie un insieme di individui abortivi.<\/span><\/p>\n<p style=\"text-align: justify;margin: 0cm 0cm 18.0pt 0cm\"><span style=\"font-size: 14.0pt;font-family: 'Futura Bk BT','sans-serif'\">La natura non tollera al suo <strong>interno<\/strong> la presenza di sistemi viventi che vadano contro la sua stessa sopravvivenza.<\/span><\/p>\n<p style=\"text-align: justify;margin: 0cm 0cm 18.0pt 0cm\"><span style=\"font-size: 14.0pt;font-family: 'Futura Bk BT','sans-serif'\">Ed io\u2026 che speravo in zio Covid-19. Dovr\u00f2 attendere, ma, come sapete, non perdo la <strong>speranza<\/strong>.<\/span><\/p>\n<p style=\"text-align: justify;margin: 0cm 0cm 18.0pt 0cm\"><span style=\"font-size: 14.0pt;font-family: 'Futura Bk BT','sans-serif'\"><span style=\"color: #ff00ff\">Mai<\/span>.<\/span><\/p>\n","protected":false},"excerpt":{"rendered":"<p><p>\u00c8 tutta questione di\u2026 schifezza. Prima o poi (nella nostra nazione, potremmo togliere il &#8220;prima&#8221; e lasciare sempre e solo il &#8220;poi&#8221;\u2026) sarebbe venuto fuori &#8220;lo stile organizzativo&#8221; di uno dei poteri fondamentali dello Stato. Il fatto \u00e8, nella sostanza e per arrivare immediatamente al punto centrale del mio articolo, che questo stile alligna ovunque nella nostra nazione. Questo procedere per tradizione culinario-familistica \u00e8 nella politica, nella magistratura, nella vita quotidiana di ogni italiano. Perch\u00e9? Perch\u00e9 siamo levantini, ed abbiamo la corruzione e la collusione nel DNA, con una particolare cura a tramandarla come essenziale ai nostri figli, quando desiderano [&hellip;]<\/p>\n&nbsp;&nbsp;<div class=\"readmore\"><a href=\"https:\/\/blog.ilgiornale.it\/bertirotti\/2020\/06\/29\/magistratura_poli\/\">Continua a leggere...<\/a><\/div><\/p>","protected":false},"author":1039,"featured_media":3333,"comment_status":"open","ping_status":"closed","sticky":false,"template":"","format":"standard","meta":[],"categories":[53996],"tags":[53957,379436,259190,336059,133,87,2605,29890,405167,405263,240,259187,405270,25439,27591,99,405169,115,399564,29891,405168,6935,146691,405261,62562,34534,218,231707,405170,2669,60099,405165,59435,54013,2660,45041,399554],"_links":{"self":[{"href":"https:\/\/blog.ilgiornale.it\/bertirotti\/wp-json\/wp\/v2\/posts\/3331"}],"collection":[{"href":"https:\/\/blog.ilgiornale.it\/bertirotti\/wp-json\/wp\/v2\/posts"}],"about":[{"href":"https:\/\/blog.ilgiornale.it\/bertirotti\/wp-json\/wp\/v2\/types\/post"}],"author":[{"embeddable":true,"href":"https:\/\/blog.ilgiornale.it\/bertirotti\/wp-json\/wp\/v2\/users\/1039"}],"replies":[{"embeddable":true,"href":"https:\/\/blog.ilgiornale.it\/bertirotti\/wp-json\/wp\/v2\/comments?post=3331"}],"version-history":[{"count":4,"href":"https:\/\/blog.ilgiornale.it\/bertirotti\/wp-json\/wp\/v2\/posts\/3331\/revisions"}],"predecessor-version":[{"id":3336,"href":"https:\/\/blog.ilgiornale.it\/bertirotti\/wp-json\/wp\/v2\/posts\/3331\/revisions\/3336"}],"wp:featuredmedia":[{"embeddable":true,"href":"https:\/\/blog.ilgiornale.it\/bertirotti\/wp-json\/wp\/v2\/media\/3333"}],"wp:attachment":[{"href":"https:\/\/blog.ilgiornale.it\/bertirotti\/wp-json\/wp\/v2\/media?parent=3331"}],"wp:term":[{"taxonomy":"category","embeddable":true,"href":"https:\/\/blog.ilgiornale.it\/bertirotti\/wp-json\/wp\/v2\/categories?post=3331"},{"taxonomy":"post_tag","embeddable":true,"href":"https:\/\/blog.ilgiornale.it\/bertirotti\/wp-json\/wp\/v2\/tags?post=3331"}],"curies":[{"name":"wp","href":"https:\/\/api.w.org\/{rel}","templated":true}]}}