{"id":3350,"date":"2020-07-09T07:31:38","date_gmt":"2020-07-09T05:31:38","guid":{"rendered":"https:\/\/blog.ilgiornale.it\/bertirotti\/?p=3350"},"modified":"2020-07-09T07:31:38","modified_gmt":"2020-07-09T05:31:38","slug":"meteorismi-cognitivi","status":"publish","type":"post","link":"https:\/\/blog.ilgiornale.it\/bertirotti\/2020\/07\/09\/meteorismi-cognitivi\/","title":{"rendered":"Meteorismi cognitivi"},"content":{"rendered":"<p style=\"text-align: justify;margin: 0cm 0cm 18.0pt 0cm\"><span style=\"font-size: 14.0pt;font-family: 'Futura Bk BT','sans-serif'\"><a href=\"https:\/\/blog.ilgiornale.it\/bertirotti\/files\/2020\/07\/Meteorismi_00.jpg\"><img loading=\"lazy\" class=\"alignleft size-thumbnail wp-image-3352\" src=\"https:\/\/blog.ilgiornale.it\/bertirotti\/files\/2020\/07\/Meteorismi_00-150x150.jpg\" alt=\"Meteorismi_00\" width=\"150\" height=\"150\" \/><\/a>\u00c8 tutta questione di\u2026 <strong>testa marcia<\/strong>.<\/span><\/p>\n<p style=\"text-align: justify;margin: 0cm 0cm 18.0pt 0cm\"><span style=\"font-size: 14.0pt;font-family: 'Futura Bk BT','sans-serif'\">In questo mio articolo di met\u00e0 settimana, mi piace fare il punto della situazione, evidenziando una serie di notizie, per poi trarre qualche conclusione che giustifichi il titolo.<\/span><\/p>\n<p style=\"text-align: justify;margin: 0cm 0cm 18.0pt 0cm\"><span style=\"font-size: 14.0pt;font-family: 'Futura Bk BT','sans-serif'\">Cominciamo con l&#8217;esaltante notizia che riguarda il <strong>Mega-Straordinario-Commissario<\/strong> Arcuri, presente, ancora una volta, nel Decreto Semplificazioni (chiaramente: <i>salvo intese<\/i>): &#8220;(\u2026) il commissario straordinario si <\/span><a href=\"https:\/\/www.ilgiornale.it\/news\/politica\/semplificazioni-arcuri-si-occuper-gestire-emergenza-nelle-1875718.html\"><span style=\"font-size: 14.0pt;font-family: 'Futura Bk BT','sans-serif'\">occuper\u00e0<\/span><\/a><span style=\"font-size: 14.0pt;font-family: 'Futura Bk BT','sans-serif'\"> di garantire la fornitura di tutti i dispositivi di protezione individuale come mascherine e guanti, laddove necessari, e di gel igienizzanti&#8221;. E far\u00e0 tutto questo sulla base del flop precedente, oltre a dover gestire i fondi. E su questo punto, mi taccio, perch\u00e9 questa <\/span><a href=\"https:\/\/www.ilgiornale.it\/news\/politica\/i-guai-mister-mascherina-indagine-sui-suoi-stipendi-1873884.html\"><span style=\"font-size: 14.0pt;font-family: 'Futura Bk BT','sans-serif'\">notizia<\/span><\/a><span style=\"font-size: 14.0pt;font-family: 'Futura Bk BT','sans-serif'\"> \u00e8 sufficientemente chiarificatrice.<\/span><\/p>\n<p style=\"text-align: justify;margin: 0cm 0cm 18.0pt 0cm\"><span style=\"font-size: 14.0pt;font-family: 'Futura Bk BT','sans-serif'\">Come seconda <\/span><a href=\"https:\/\/www.ilgiornale.it\/news\/politica\/pi-pericolo-razzismo-ora-che-salvini-sondaggio-imbarazza-1875524.html\"><span style=\"font-size: 14.0pt;font-family: 'Futura Bk BT','sans-serif'\">notizia<\/span><\/a><span style=\"font-size: 14.0pt;font-family: 'Futura Bk BT','sans-serif'\">, \u00e8 divertente soffermarsi qui: &#8220;C&#8217;\u00e8 un dettaglio passato inosservato nell&#8217;ultimo sondaggio Demos&amp;Pi pubblicato su <strong>Repubblica<\/strong> e commentato da Ilvo Diamanti. E cio\u00e8 che oggi rispetto al Medioevo del governo Conte I, cio\u00e8 quando al Viminale sedeva\u00a0Matteo Salvini, il &#8220;problema&#8221; razzismo non \u00e8 diminuito come ci saremmo aspettati. Tutt&#8217;altro: \u00e8 aumentato, almeno nella percezione degli italiani&#8221;. E l&#8217;aumento \u00e8 del 13%. Forse, ed anche un&#8217;ameba potrebbe persino accorgersene (nonostante sia priva di qualsiasi neurone\u2026), tale numero dovrebbe indicare qualche cosa. Non mi riferisco a ci\u00f2 che si liquida facilmente con razzismo, perch\u00e9 la questione qui \u00e8 legata alla reale percezione di benessere e futuro che, evidentemente, non sono affatto recepiti come possibili negli italiani.<a href=\"https:\/\/blog.ilgiornale.it\/bertirotti\/files\/2020\/07\/Cervello_malato_00.jpg\"><img loading=\"lazy\" class=\"alignright size-thumbnail wp-image-3353\" src=\"https:\/\/blog.ilgiornale.it\/bertirotti\/files\/2020\/07\/Cervello_malato_00-150x150.jpg\" alt=\"Cervello_malato_00\" width=\"150\" height=\"150\" \/><\/a><\/span><\/p>\n<p style=\"text-align: justify;margin: 0cm 0cm 18.0pt 0cm\"><span style=\"font-size: 14.0pt;font-family: 'Futura Bk BT','sans-serif'\">Come ultima notizia, vi riporto <\/span><a href=\"https:\/\/www.ilgiornale.it\/news\/mondo\/pericolo-coronavirus-adesso-arriva-dallalgeria-allerta-1875642.html\"><span style=\"font-size: 14.0pt;font-family: 'Futura Bk BT','sans-serif'\">questa<\/span><\/a><span style=\"font-size: 14.0pt;font-family: 'Futura Bk BT','sans-serif'\">. Su <strong><i>Liberation<\/i><\/strong>, &#8220;(\u2026) un quotidiano non certo vicino ad ambienti di destra (\u2026) \u00e8 stata ospitata un\u2019intervista ad un infettivologo francese che ha messo in guardia, senza giri di parole, (\u2026) la popolazione da una seconda ondata di Coronavirus legata all&#8217;arrivo dei migranti dall&#8217;Algeria&#8221;. Ora, \u00e8 vero che sono molti gli infettivologi che dicono quello che passa loro nella mente, giorno dopo giorno, settimana dopo settimana, seminando sia panico che menefreghismo, ma non si tratta di opinione quando vediamo e leggiamo degli sbarchi continui. In era pre-covid-19 sbarcavano sani e robusti, utili all&#8217;<strong>INPS<\/strong>, <i>risorse<\/i>, ma ora, se alcuni, e non proprio pochi, sbarcano <i>insani virulenti<\/i>, direi che non si possa pi\u00f9 parlare di <i>risorse Inps<\/i>.<\/span><\/p>\n<p style=\"text-align: justify;margin: 0cm 0cm 18.0pt 0cm\"><span style=\"font-size: 14.0pt;font-family: 'Futura Bk BT','sans-serif'\">In questo micro-scenario che vi ho proposto (una piccolissima parte dello strazio socio-culturale nel quale vive il Paese Italia), cosa fa questo governicchio?<\/span><\/p>\n<p style=\"text-align: justify;margin: 0cm 0cm 18.0pt 0cm\"><span style=\"font-size: 14.0pt;font-family: 'Futura Bk BT','sans-serif'\">Produce <span style=\"color: #ff00ff\">meteorismi cognitivi<\/span>.<\/span><\/p>\n<p style=\"text-align: justify;margin: 0cm 0cm 18.0pt 0cm\"><span style=\"font-size: 14.0pt;font-family: 'Futura Bk BT','sans-serif'\">Finito.<\/span><\/p>\n","protected":false},"excerpt":{"rendered":"<p><p>\u00c8 tutta questione di\u2026 testa marcia. In questo mio articolo di met\u00e0 settimana, mi piace fare il punto della situazione, evidenziando una serie di notizie, per poi trarre qualche conclusione che giustifichi il titolo. Cominciamo con l&#8217;esaltante notizia che riguarda il Mega-Straordinario-Commissario Arcuri, presente, ancora una volta, nel Decreto Semplificazioni (chiaramente: salvo intese): &#8220;(\u2026) il commissario straordinario si occuper\u00e0 di garantire la fornitura di tutti i dispositivi di protezione individuale come mascherine e guanti, laddove necessari, e di gel igienizzanti&#8221;. E far\u00e0 tutto questo sulla base del flop precedente, oltre a dover gestire i fondi. E su questo punto, mi [&hellip;]<\/p>\n&nbsp;&nbsp;<div class=\"readmore\"><a href=\"https:\/\/blog.ilgiornale.it\/bertirotti\/2020\/07\/09\/meteorismi-cognitivi\/\">Continua a leggere...<\/a><\/div><\/p>","protected":false},"author":1039,"featured_media":3352,"comment_status":"open","ping_status":"closed","sticky":false,"template":"","format":"standard","meta":[],"categories":[63096],"tags":[22810,53957,405192,32213,261104,387511,7198,387565,405194,15,405198,27591,15063,836,226543,336078,395719,2539,34299,405200,835,11968,405199,75551,4667,26324,15899,405202,23367,4561],"_links":{"self":[{"href":"https:\/\/blog.ilgiornale.it\/bertirotti\/wp-json\/wp\/v2\/posts\/3350"}],"collection":[{"href":"https:\/\/blog.ilgiornale.it\/bertirotti\/wp-json\/wp\/v2\/posts"}],"about":[{"href":"https:\/\/blog.ilgiornale.it\/bertirotti\/wp-json\/wp\/v2\/types\/post"}],"author":[{"embeddable":true,"href":"https:\/\/blog.ilgiornale.it\/bertirotti\/wp-json\/wp\/v2\/users\/1039"}],"replies":[{"embeddable":true,"href":"https:\/\/blog.ilgiornale.it\/bertirotti\/wp-json\/wp\/v2\/comments?post=3350"}],"version-history":[{"count":3,"href":"https:\/\/blog.ilgiornale.it\/bertirotti\/wp-json\/wp\/v2\/posts\/3350\/revisions"}],"predecessor-version":[{"id":3355,"href":"https:\/\/blog.ilgiornale.it\/bertirotti\/wp-json\/wp\/v2\/posts\/3350\/revisions\/3355"}],"wp:featuredmedia":[{"embeddable":true,"href":"https:\/\/blog.ilgiornale.it\/bertirotti\/wp-json\/wp\/v2\/media\/3352"}],"wp:attachment":[{"href":"https:\/\/blog.ilgiornale.it\/bertirotti\/wp-json\/wp\/v2\/media?parent=3350"}],"wp:term":[{"taxonomy":"category","embeddable":true,"href":"https:\/\/blog.ilgiornale.it\/bertirotti\/wp-json\/wp\/v2\/categories?post=3350"},{"taxonomy":"post_tag","embeddable":true,"href":"https:\/\/blog.ilgiornale.it\/bertirotti\/wp-json\/wp\/v2\/tags?post=3350"}],"curies":[{"name":"wp","href":"https:\/\/api.w.org\/{rel}","templated":true}]}}