{"id":3517,"date":"2020-09-25T11:07:43","date_gmt":"2020-09-25T09:07:43","guid":{"rendered":"https:\/\/blog.ilgiornale.it\/bertirotti\/?p=3517"},"modified":"2020-09-25T11:07:43","modified_gmt":"2020-09-25T09:07:43","slug":"quale-futuro-per-il-centro-destra","status":"publish","type":"post","link":"https:\/\/blog.ilgiornale.it\/bertirotti\/2020\/09\/25\/quale-futuro-per-il-centro-destra\/","title":{"rendered":"Quale futuro per il centro-destra?"},"content":{"rendered":"<p style=\"text-align: justify;margin: 0cm 0cm 18.0pt 0cm\"><span style=\"font-size: 14.0pt;font-family: 'Futura Bk BT','sans-serif'\"><a href=\"https:\/\/blog.ilgiornale.it\/bertirotti\/ioc-announcement-press-conference\/\"><img loading=\"lazy\" class=\"alignleft size-thumbnail wp-image-3514\" src=\"https:\/\/blog.ilgiornale.it\/bertirotti\/files\/2020\/09\/Luca-Zaia-150x150.jpg\" alt=\"\" width=\"150\" height=\"150\" \/><\/a>\u00c8 tutta questione di\u2026 ritorno alle origini<\/span><\/p>\n<p style=\"text-align: justify;margin: 0cm 0cm 18.0pt 0cm\"><span style=\"font-size: 14.0pt;font-family: 'Futura Bk BT','sans-serif'\">Sono totalmente in accordo con quello che dice il prof. <strong>Cacciari<\/strong>, e, in genere, non accade sempre. Eppure, potete leggere in questa <\/span><a href=\"https:\/\/www.ilgiornale.it\/news\/politica\/zaia-luomo-giusto-esportare-sud-modello-veneto-1892179.html\"><span style=\"font-size: 14.0pt;font-family: 'Futura Bk BT','sans-serif'\">intervista<\/span><\/a><span style=\"font-size: 14.0pt;font-family: 'Futura Bk BT','sans-serif'\"> un&#8217;analisi ed una sintesi chiara della situazione socio-politica, dunque culturale, nella quale versa una parte significativa dell&#8217;elettorato italiano.<\/span><\/p>\n<p style=\"text-align: justify;margin: 0cm 0cm 18.0pt 0cm\"><span style=\"font-size: 14.0pt;font-family: 'Futura Bk BT','sans-serif'\">Alcune considerazioni voglio dunque fare in riferimento alla diagnosi e prognosi che Cacciari propone a tutti noi. E, certo, mi auguro che qualche intelligenza ancora esistente nel panorama del centro-destra italiano, si renda conto che sarebbe proprio il caso di ragionare sui concetti che nell&#8217;intervista vengono analizzati. Si tratta, in effetti, di considerazioni altamente <strong>antropologiche<\/strong>, proprio perch\u00e9 si basano sulle necessit\u00e0 esistenziali che il voto in Veneto ha dimostrato essere essenziali per tutti coloro che si sentono italiani e, nello stesso tempo, desiderano avere un governo territoriale che risponda alle esigenze locali. Questa \u00e8 l&#8217;importanza reale, anche secondo me, del voto del Nord-Est italiano.<\/span><\/p>\n<p style=\"text-align: justify;margin: 0cm 0cm 18.0pt 0cm\"><span style=\"font-size: 14.0pt;font-family: 'Futura Bk BT','sans-serif'\">Inoltre, i veneti, che conosco bene, sono persone di una evidente e solida concretezza e praticit\u00e0, quelle stesse che hanno consentito loro di gestire economicamente e produttivamente il loro ruolo <strong>nazionale<\/strong>, presentandosi anche come il contro-altare industriale della Lombardia. Una Lombardia, secondo me, in declino da parecchi anni, rispetto, invece, alla continua ascesa del Veneto, appunto guidato da un persona attenta alla storia moderata di questo Paese e soprattutto alla voce della sua gente, come Zaia.<a href=\"https:\/\/blog.ilgiornale.it\/bertirotti\/simboli-coalizione-centrodestra\/\"><img loading=\"lazy\" class=\"alignright size-thumbnail wp-image-3516\" src=\"https:\/\/blog.ilgiornale.it\/bertirotti\/files\/2020\/09\/simboli-coalizione-centrodestra-150x150.jpg\" alt=\"\" width=\"150\" height=\"150\" \/><\/a><\/span><\/p>\n<p style=\"text-align: justify;margin: 0cm 0cm 18.0pt 0cm\"><span style=\"font-size: 14.0pt;font-family: 'Futura Bk BT','sans-serif'\">Esiste un asse: Zaia, Maroni e Giorgetti e la loro politica vincer\u00e0, e non dovremo attendere molto. E questo accadr\u00e0 grazie all&#8217;Hybris di due persone che sono l&#8217;espressione pi\u00f9 infantile della politica italiana: Matteo Salvini e Matteo Renzi. Certo, sono entrambi scaltri politici, ma senza la capacit\u00e0 di <strong>amministrare<\/strong> il proprio ego debordante, megalomane e presuntuoso. Sono molti i politici con il loro stesso ego, ma sanno gestirlo e nasconderlo bene al pubblico, per emergere nelle situazioni in cui \u00e8 invece necessario dimostrarlo. Certo, entrambi i Matteo hanno giocato un ruolo importante nella politica italiana, vincolando le azioni governative, in un modo o nell&#8217;altro.<\/span><\/p>\n<p style=\"text-align: justify;margin: 0cm 0cm 18.0pt 0cm\"><span style=\"font-size: 14.0pt;font-family: 'Futura Bk BT','sans-serif'\">Ma gli italiani, mi sembra, oggi vogliono &#8220;calma, progettazione e gestione&#8221;, anche dell&#8217;immigrazione, oltre che nella produzione industriale. Gli italiani vogliono un progetto che resti italiano e si faccia valere in <strong>Europa<\/strong>, per quello che la nostra storia ha significato per l&#8217;Europa intera.<\/span><\/p>\n<p style=\"text-align: justify;margin: 0cm 0cm 18.0pt 0cm\"><span style=\"font-size: 14.0pt;font-family: 'Futura Bk BT','sans-serif'\">Ecco, forse, se vincer\u00e0 la linea Zaia all&#8217;interno delle fazioni del centro-destra italiano, possiamo sperare in qualcosa di meglio, <strong>rispetto<\/strong> alla visione stantia ed esclusivamente bancaria di questo penoso centro-sinistra, senza idee, proposte e credibilit\u00e0.<a href=\"https:\/\/blog.ilgiornale.it\/bertirotti\/ansa-salvini-rilancia-lega-primo-partito-duello-con-meloni\/\"><img loading=\"lazy\" class=\"alignright size-thumbnail wp-image-3515\" src=\"https:\/\/blog.ilgiornale.it\/bertirotti\/files\/2020\/09\/Salvini_e_Meloni-150x150.jpg\" alt=\"\" width=\"150\" height=\"150\" \/><\/a><\/span><\/p>\n<p style=\"text-align: justify;margin: 0cm 0cm 18.0pt 0cm\"><span style=\"font-size: 14.0pt;font-family: 'Futura Bk BT','sans-serif'\">I territori ci salveranno.<\/span><\/p>\n<p style=\"text-align: justify;margin: 0cm 0cm 18.0pt 0cm\"><span style=\"font-size: 14.0pt;font-family: 'Futura Bk BT','sans-serif'\">Almeno, lo <span style=\"color: #ff00ff\">spero<\/span>.<\/span><\/p>\n","protected":false},"excerpt":{"rendered":"<p><p>\u00c8 tutta questione di\u2026 ritorno alle origini Sono totalmente in accordo con quello che dice il prof. Cacciari, e, in genere, non accade sempre. Eppure, potete leggere in questa intervista un&#8217;analisi ed una sintesi chiara della situazione socio-politica, dunque culturale, nella quale versa una parte significativa dell&#8217;elettorato italiano. Alcune considerazioni voglio dunque fare in riferimento alla diagnosi e prognosi che Cacciari propone a tutti noi. E, certo, mi auguro che qualche intelligenza ancora esistente nel panorama del centro-destra italiano, si renda conto che sarebbe proprio il caso di ragionare sui concetti che nell&#8217;intervista vengono analizzati. Si tratta, in effetti, di [&hellip;]<\/p>\n&nbsp;&nbsp;<div class=\"readmore\"><a href=\"https:\/\/blog.ilgiornale.it\/bertirotti\/2020\/09\/25\/quale-futuro-per-il-centro-destra\/\">Continua a leggere...<\/a><\/div><\/p>","protected":false},"author":1039,"featured_media":0,"comment_status":"open","ping_status":"closed","sticky":false,"template":"","format":"standard","meta":[],"categories":[54098],"tags":[405479,53957,405478,54100,3789,405480,42,405270,405485,820,57391,855,26,65,1312,13306,184,18089,38902,10096,405261,405482,6111,40865,88,336157,405483,96,9213],"_links":{"self":[{"href":"https:\/\/blog.ilgiornale.it\/bertirotti\/wp-json\/wp\/v2\/posts\/3517"}],"collection":[{"href":"https:\/\/blog.ilgiornale.it\/bertirotti\/wp-json\/wp\/v2\/posts"}],"about":[{"href":"https:\/\/blog.ilgiornale.it\/bertirotti\/wp-json\/wp\/v2\/types\/post"}],"author":[{"embeddable":true,"href":"https:\/\/blog.ilgiornale.it\/bertirotti\/wp-json\/wp\/v2\/users\/1039"}],"replies":[{"embeddable":true,"href":"https:\/\/blog.ilgiornale.it\/bertirotti\/wp-json\/wp\/v2\/comments?post=3517"}],"version-history":[{"count":2,"href":"https:\/\/blog.ilgiornale.it\/bertirotti\/wp-json\/wp\/v2\/posts\/3517\/revisions"}],"predecessor-version":[{"id":3519,"href":"https:\/\/blog.ilgiornale.it\/bertirotti\/wp-json\/wp\/v2\/posts\/3517\/revisions\/3519"}],"wp:attachment":[{"href":"https:\/\/blog.ilgiornale.it\/bertirotti\/wp-json\/wp\/v2\/media?parent=3517"}],"wp:term":[{"taxonomy":"category","embeddable":true,"href":"https:\/\/blog.ilgiornale.it\/bertirotti\/wp-json\/wp\/v2\/categories?post=3517"},{"taxonomy":"post_tag","embeddable":true,"href":"https:\/\/blog.ilgiornale.it\/bertirotti\/wp-json\/wp\/v2\/tags?post=3517"}],"curies":[{"name":"wp","href":"https:\/\/api.w.org\/{rel}","templated":true}]}}