{"id":3524,"date":"2020-09-29T16:50:19","date_gmt":"2020-09-29T14:50:19","guid":{"rendered":"https:\/\/blog.ilgiornale.it\/bertirotti\/?p=3524"},"modified":"2020-09-29T16:50:19","modified_gmt":"2020-09-29T14:50:19","slug":"lo-sport-italiano-preferito","status":"publish","type":"post","link":"https:\/\/blog.ilgiornale.it\/bertirotti\/2020\/09\/29\/lo-sport-italiano-preferito\/","title":{"rendered":"Lo sport italiano preferito"},"content":{"rendered":"<p style=\"text-align: justify;margin: 0cm 0cm 18.0pt 0cm\"><span style=\"font-size: 14.0pt;font-family: 'Futura Bk BT','sans-serif'\"><a href=\"https:\/\/blog.ilgiornale.it\/bertirotti\/trasformismo_00\/\"><img loading=\"lazy\" class=\"alignleft size-thumbnail wp-image-3523\" src=\"https:\/\/blog.ilgiornale.it\/bertirotti\/files\/2020\/09\/Trasformismo_00-150x150.jpg\" alt=\"\" width=\"150\" height=\"150\" \/><\/a>\u00c8 tutta questione di\u2026 <strong>igiene<\/strong>.<\/span><\/p>\n<p style=\"text-align: justify;margin: 0cm 0cm 18.0pt 0cm\"><span style=\"font-size: 14.0pt;font-family: 'Futura Bk BT','sans-serif'\">Partiamo da questa <\/span><a href=\"https:\/\/www.ilgiornale.it\/news\/politica\/cos-m5s-si-fatto-casta-chi-si-arricchito-grazie-politica-1893117.html\"><span style=\"font-size: 14.0pt;font-family: 'Futura Bk BT','sans-serif'\">notizia<\/span><\/a><span style=\"font-size: 14.0pt;font-family: 'Futura Bk BT','sans-serif'\">, utile a me come <i>pre-testo<\/i>, nel suo significato etimologico, per ragionare, in generale, sul titolo di questo mio nuovo articolo.<\/span><\/p>\n<p style=\"text-align: justify;margin: 0cm 0cm 18.0pt 0cm\"><span style=\"font-size: 14.0pt;font-family: 'Futura Bk BT','sans-serif'\">Nelle trasformazioni esistenziali che caratterizzano la sopravvivenza umana, quelle che hanno una evidente dimensione pubblica rappresentano certamente un\u2019 occasione di riflessione. In altri termini, coloro che sbandierano contenuti etico-sociali di un certo peso, all&#8217;interno di una comunit\u00e0 umana, dovrebbero quanto meno possedere una serie di ulteriori sentimenti etici che fanno comunque <strong>appello<\/strong> tutti alla propria memoria. La memoria, una delle abilit\u00e0 cognitive della nostra coscienza, \u00e8, in effetti, un vero e proprio patrimonio personale e collettivo, grazie al quale riusciamo a mantenere un legame significativo con il nostro passato. Essa ci fornisce <i>sicurezza<\/i>, e ci permette la progettazione del futuro. Insomma, senza memoria la nostra capacit\u00e0 cognitiva \u00e8 profondamente compromessa.<\/span><\/p>\n<p style=\"text-align: justify;margin: 0cm 0cm 18.0pt 0cm\"><span style=\"font-size: 14.0pt;font-family: 'Futura Bk BT','sans-serif'\">Bene, se le cose stanno in questi termini, dal punto di vista scientifico, \u00e8 chiaro che il <i>trasformismo politico<\/i>, esistenziale e determinante la <strong>sopravvivenza<\/strong> del politico di turno, molto meno della popolazione, \u00e8 frutto di azioni coscienti e non di difficolt\u00e0 cognitive. Se cosi fosse, avremmo parlamentari in visita neurologica e psichiatrica quasi tutti i giorni.<a href=\"https:\/\/blog.ilgiornale.it\/bertirotti\/trasformismo_01\/\"><img loading=\"lazy\" class=\"alignright size-thumbnail wp-image-3522\" src=\"https:\/\/blog.ilgiornale.it\/bertirotti\/files\/2020\/09\/Trasformismo_01-150x150.jpg\" alt=\"\" width=\"150\" height=\"150\" \/><\/a><\/span><\/p>\n<p style=\"text-align: justify;margin: 0cm 0cm 18.0pt 0cm\"><span style=\"font-size: 14.0pt;font-family: 'Futura Bk BT','sans-serif'\">Quindi, carissimi tutti, ho la sensazione che le cose in questo mondo non andranno affatto per il meglio, se non riusciremo a recuperare quella minima responsabilit\u00e0 verso il mistero che invece stiamo <strong>confondendo<\/strong> per ignoto.<\/span><\/p>\n<p style=\"text-align: justify;margin: 0cm 0cm 18.0pt 0cm\"><span style=\"font-size: 14.0pt;font-family: 'Futura Bk BT','sans-serif'\">Mi spiego <span style=\"color: #ff00ff\">meglio<\/span>.<\/span><\/p>\n<p style=\"text-align: justify;margin: 0cm 0cm 18.0pt 0cm\"><span style=\"font-size: 14.0pt;font-family: 'Futura Bk BT','sans-serif'\">Il <i><strong>mistero<\/strong> del cosmo<\/i> lo si avverte, e non lo si pu\u00f2 spiegare. L&#8217;<i>ignoto del cosmo<\/i> lo si affronta con il progresso scientifico e lo si pu\u00f2 spiegare in parte, nella speranza che in futuro la conoscenza ci aiuti a comprendere noi stessi e il cosmo stesso. Se ci affidiamo solo all&#8217;<strong><i>ignoto<\/i><\/strong>, inteso come <i>attesa di conoscenza ulteriore<\/i>, la nostra megalomania umana andr\u00e0 a scapito dell&#8217;eticit\u00e0. Non credo che i sentimenti legati ai diritti umani e alla dignit\u00e0 umana siano il frutto dell&#8217;Illuminismo, al quale attribuisco i limiti che appartengono a tutte le cose umane.<\/span><\/p>\n<p style=\"text-align: justify;margin: 0cm 0cm 18.0pt 0cm\"><span style=\"font-size: 14.0pt;font-family: 'Futura Bk BT','sans-serif'\">Ecco perch\u00e9, secondo me, l&#8217;assenza di <strong>eticit\u00e0<\/strong> umana, quando ci riferiamo ai concetti <i>di dignit\u00e0 e diritti antropologicamente e biologicamente determinati<\/i>, deriva dal nostro progressivo allontanamento <i>dal mistero<\/i>.<\/span><\/p>\n<p style=\"text-align: justify;margin: 0cm 0cm 18.0pt 0cm\"><span style=\"font-size: 14.0pt;font-family: 'Futura Bk BT','sans-serif'\">&#8220;Il senso di questo nostro mondo&#8221; \u2013 come ci ricorda <strong>Ludwig Wittgenstein<\/strong> \u2013 &#8220;\u00e8 fuori da questo mondo&#8221;. E questo significato trascendente d\u00e0 forza e senso alla nostra memoria, sia come cittadini che come politici.<\/span><\/p>\n<p style=\"text-align: justify;margin: 0cm 0cm 18.0pt 0cm\"><span style=\"font-size: 14.0pt;font-family: 'Futura Bk BT','sans-serif'\">Senza di esso, siamo destinati a <span style=\"color: #ff00ff\">fallire<\/span>.<a href=\"https:\/\/blog.ilgiornale.it\/bertirotti\/trasformismo_02\/\"><img loading=\"lazy\" class=\"alignright size-thumbnail wp-image-3521\" src=\"https:\/\/blog.ilgiornale.it\/bertirotti\/files\/2020\/09\/Trasformismo_02-150x150.jpg\" alt=\"\" width=\"150\" height=\"150\" \/><\/a><\/span><\/p>\n<p style=\"text-align: justify;margin: 0cm 0cm 18.0pt 0cm\"><span style=\"font-size: 14.0pt;font-family: 'Futura Bk BT','sans-serif'\">E, allo stato attuale di quello che accade in questo mondo, ho l&#8217;impressione che la specie abbia intrapreso una direzione<strong> auto-abortiva<\/strong>.<\/span><\/p>\n<p style=\"text-align: justify;margin: 0cm 0cm 18.0pt 0cm\"><span style=\"font-size: 14.0pt;font-family: 'Futura Bk BT','sans-serif'\">A me rimane il <i>Mistero<\/i> e so che il <i>trasformismo<\/i> \u00e8 un limite umano, specialmente quando si basa, come nel caso d<a name=\"_GoBack\"><\/a>ei nostri eventi politici, sulla percezione abnorme che si ha del proprio potere <span style=\"color: #ff00ff\">terreno<\/span>.<\/span><\/p>\n","protected":false},"excerpt":{"rendered":"<p><p>\u00c8 tutta questione di\u2026 igiene. Partiamo da questa notizia, utile a me come pre-testo, nel suo significato etimologico, per ragionare, in generale, sul titolo di questo mio nuovo articolo. Nelle trasformazioni esistenziali che caratterizzano la sopravvivenza umana, quelle che hanno una evidente dimensione pubblica rappresentano certamente un\u2019 occasione di riflessione. In altri termini, coloro che sbandierano contenuti etico-sociali di un certo peso, all&#8217;interno di una comunit\u00e0 umana, dovrebbero quanto meno possedere una serie di ulteriori sentimenti etici che fanno comunque appello tutti alla propria memoria. La memoria, una delle abilit\u00e0 cognitive della nostra coscienza, \u00e8, in effetti, un vero e [&hellip;]<\/p>\n&nbsp;&nbsp;<div class=\"readmore\"><a href=\"https:\/\/blog.ilgiornale.it\/bertirotti\/2020\/09\/29\/lo-sport-italiano-preferito\/\">Continua a leggere...<\/a><\/div><\/p>","protected":false},"author":1039,"featured_media":0,"comment_status":"open","ping_status":"closed","sticky":false,"template":"","format":"standard","meta":[],"categories":[54055],"tags":[405493,53957,74,43462,53973,405269,78232,54078,3789,29890,4694,34391,405270,35278,281452,4319,13612,405296,61520,22693,405487,22694,52184,6111,40865,11968,405488,302687,88,405219,405490,54074,26407],"_links":{"self":[{"href":"https:\/\/blog.ilgiornale.it\/bertirotti\/wp-json\/wp\/v2\/posts\/3524"}],"collection":[{"href":"https:\/\/blog.ilgiornale.it\/bertirotti\/wp-json\/wp\/v2\/posts"}],"about":[{"href":"https:\/\/blog.ilgiornale.it\/bertirotti\/wp-json\/wp\/v2\/types\/post"}],"author":[{"embeddable":true,"href":"https:\/\/blog.ilgiornale.it\/bertirotti\/wp-json\/wp\/v2\/users\/1039"}],"replies":[{"embeddable":true,"href":"https:\/\/blog.ilgiornale.it\/bertirotti\/wp-json\/wp\/v2\/comments?post=3524"}],"version-history":[{"count":1,"href":"https:\/\/blog.ilgiornale.it\/bertirotti\/wp-json\/wp\/v2\/posts\/3524\/revisions"}],"predecessor-version":[{"id":3525,"href":"https:\/\/blog.ilgiornale.it\/bertirotti\/wp-json\/wp\/v2\/posts\/3524\/revisions\/3525"}],"wp:attachment":[{"href":"https:\/\/blog.ilgiornale.it\/bertirotti\/wp-json\/wp\/v2\/media?parent=3524"}],"wp:term":[{"taxonomy":"category","embeddable":true,"href":"https:\/\/blog.ilgiornale.it\/bertirotti\/wp-json\/wp\/v2\/categories?post=3524"},{"taxonomy":"post_tag","embeddable":true,"href":"https:\/\/blog.ilgiornale.it\/bertirotti\/wp-json\/wp\/v2\/tags?post=3524"}],"curies":[{"name":"wp","href":"https:\/\/api.w.org\/{rel}","templated":true}]}}