{"id":3563,"date":"2020-10-22T11:47:29","date_gmt":"2020-10-22T09:47:29","guid":{"rendered":"https:\/\/blog.ilgiornale.it\/bertirotti\/?p=3563"},"modified":"2020-10-22T11:47:30","modified_gmt":"2020-10-22T09:47:30","slug":"i-gay-e-il-papa","status":"publish","type":"post","link":"https:\/\/blog.ilgiornale.it\/bertirotti\/2020\/10\/22\/i-gay-e-il-papa\/","title":{"rendered":"I gay e il Papa"},"content":{"rendered":"<p><a href=\"https:\/\/blog.ilgiornale.it\/bertirotti\/2020\/10\/22\/i-gay-e-il-papa\/papa_francesco_00\/\" rel=\"attachment wp-att-3564\"><img loading=\"lazy\" class=\"alignleft size-thumbnail wp-image-3564\" src=\"https:\/\/blog.ilgiornale.it\/bertirotti\/files\/2020\/10\/Papa_Francesco_00-150x150.jpg\" alt=\"\" width=\"150\" height=\"150\" \/><\/a>\u00c8 tutta questione di\u2026 <strong>amore<\/strong>.<\/p>\n<p>Come accade spesso, ancora una volta Papa Francesco fa discutere la comunit\u00e0 umana, religiosa e non, di fronte a concetti che sono sempre esistiti, nel Vangelo, e mai del tutto comunicati alla comunit\u00e0 dei fedeli, da parte di<strong> Santa Madre Chiesa<\/strong>.<\/p>\n<p>Mi riferisco a ci\u00f2 che emerge da questo <a href=\"https:\/\/www.ilgiornale.it\/news\/cronache\/papa-fornisce-sostegno-legge-unioni-civili-1897927.html\">articolo<\/a>, e che concerne la posizione di Sua Santit\u00e0 rispetto alle unioni civili di persone omosessuali.<\/p>\n<p>Ho sempre dichiarato di non essere d&#8217;accordo sull&#8217;idea di famiglia nel caso di unioni omosessuali, perch\u00e9 con il termine, <em>famiglia<\/em>, intendiamo un tale universo di significati precisi, tradizionali, storici e religiosi, tutti <strong><em>inclusivi<\/em><\/strong>, che \u00e8 meglio continuare ad utilizzarlo in riferimento a questi significati. Sono sempre stato d&#8217;accordo, invece, su uno Stato che tutelasse qualsiasi altro tipo di unione civile, omosessuale ed eterosessuale, che non volesse partecipare a quella classe culturale di significato che ha la famiglia.<\/p>\n<p>Le unioni civili non sono famiglia, nel senso cattolico del termine, ossia non rappresentano coppie di persone che hanno contratto il sacramento del matrimonio, come lo intendono coloro che si credono e si professano cristiani.<\/p>\n<p>Sulla base di questo presupposto, che mi sembra chiaro, evidente e lampante, non possiamo certo discutere rispetto a ci\u00f2 che si legge nel Vangelo, e mi riferisco ai credenti, nel senso che le espressioni esistenziali del Cristo non sono mai state emarginanti, se non rispetto a comportamenti dichiaratamente malevoli ed inumani. Nel <strong>Vangelo<\/strong> si legge che \u00e8 immondo ci\u00f2 che esce dalla bocca dell&#8217;Uomo (<span style=\"color: #ff00ff\">Mt. 15,11<\/span>), mentre \u00e8 mondo ci\u00f2 che vi entra. Direi che sarebbe il caso, prima di esprimere qualsiasi giudizio, meditare proprio su questa concezione che oggi, diremmo noi, ha a che fare con i nostri <em>output<\/em> ed <em>input<\/em>.<\/p>\n<p>Per una persona che crede nel Vecchio e Nuovo Testamento, come nel mio caso, siamo tutti figli di Dio, e nessuno di noi ha espressamente e coscientemente chiesto di venire al mondo. Non abbiamo scelto i nostri genitori, la classe sociale della famiglia nella quale vivremo, la geografia nella quale nasceremo e cresceremo, e nemmeno il tempo storico nel quale esisteremo. Insomma: siamo qui, su questa terra, per scoprire quello che crediamo di essere, in un <strong>cambiamento<\/strong> continuo, senza sosta e senza posa. Siamo qui <span style=\"color: #ff00ff\"><em>nolenti<\/em><\/span>, e dobbiamo trovare, <span style=\"color: #ff00ff\"><em>volenti<\/em><\/span>, il motivo per cui vivere, affrontando\u00a0 tutti i problemi e gli inconvenienti dolorosi che la vita ci pone. L&#8217;unica ricetta antropologicamente valida e l&#8217;unica medicina che abbiamo, naturalmente e coscientemente a nostra disposizione, \u00e8 l&#8217;<em>amore<\/em>, grazie al quale tutto si <em>cum prende<\/em>.<\/p>\n<p>Ecco perch\u00e9 sono d&#8217;accordo, e completamente, in quello che dice il <strong>Pontefice<\/strong> a questo proposito.<\/p>\n<p>Ed \u00e8 stato anche chiaro,<span style=\"color: #ff00ff\"> niente affatto ambiguo<\/span>, secondo me.<\/p>\n","protected":false},"excerpt":{"rendered":"<p><p>\u00c8 tutta questione di\u2026 amore. Come accade spesso, ancora una volta Papa Francesco fa discutere la comunit\u00e0 umana, religiosa e non, di fronte a concetti che sono sempre esistiti, nel Vangelo, e mai del tutto comunicati alla comunit\u00e0 dei fedeli, da parte di Santa Madre Chiesa. Mi riferisco a ci\u00f2 che emerge da questo articolo, e che concerne la posizione di Sua Santit\u00e0 rispetto alle unioni civili di persone omosessuali. Ho sempre dichiarato di non essere d&#8217;accordo sull&#8217;idea di famiglia nel caso di unioni omosessuali, perch\u00e9 con il termine, famiglia, intendiamo un tale universo di significati precisi, tradizionali, storici e [&hellip;]<\/p>\n&nbsp;&nbsp;<div class=\"readmore\"><a href=\"https:\/\/blog.ilgiornale.it\/bertirotti\/2020\/10\/22\/i-gay-e-il-papa\/\">Continua a leggere...<\/a><\/div><\/p>","protected":false},"author":1039,"featured_media":3564,"comment_status":"open","ping_status":"closed","sticky":false,"template":"","format":"standard","meta":[],"categories":[13631],"tags":[53957,48261,89,5316,18531,264,409536,409534,409535,62568,38062,344260,20879,11803,40909,83633,88,45041,54009,21510,48259],"_links":{"self":[{"href":"https:\/\/blog.ilgiornale.it\/bertirotti\/wp-json\/wp\/v2\/posts\/3563"}],"collection":[{"href":"https:\/\/blog.ilgiornale.it\/bertirotti\/wp-json\/wp\/v2\/posts"}],"about":[{"href":"https:\/\/blog.ilgiornale.it\/bertirotti\/wp-json\/wp\/v2\/types\/post"}],"author":[{"embeddable":true,"href":"https:\/\/blog.ilgiornale.it\/bertirotti\/wp-json\/wp\/v2\/users\/1039"}],"replies":[{"embeddable":true,"href":"https:\/\/blog.ilgiornale.it\/bertirotti\/wp-json\/wp\/v2\/comments?post=3563"}],"version-history":[{"count":2,"href":"https:\/\/blog.ilgiornale.it\/bertirotti\/wp-json\/wp\/v2\/posts\/3563\/revisions"}],"predecessor-version":[{"id":3566,"href":"https:\/\/blog.ilgiornale.it\/bertirotti\/wp-json\/wp\/v2\/posts\/3563\/revisions\/3566"}],"wp:featuredmedia":[{"embeddable":true,"href":"https:\/\/blog.ilgiornale.it\/bertirotti\/wp-json\/wp\/v2\/media\/3564"}],"wp:attachment":[{"href":"https:\/\/blog.ilgiornale.it\/bertirotti\/wp-json\/wp\/v2\/media?parent=3563"}],"wp:term":[{"taxonomy":"category","embeddable":true,"href":"https:\/\/blog.ilgiornale.it\/bertirotti\/wp-json\/wp\/v2\/categories?post=3563"},{"taxonomy":"post_tag","embeddable":true,"href":"https:\/\/blog.ilgiornale.it\/bertirotti\/wp-json\/wp\/v2\/tags?post=3563"}],"curies":[{"name":"wp","href":"https:\/\/api.w.org\/{rel}","templated":true}]}}