{"id":3597,"date":"2020-11-20T18:02:57","date_gmt":"2020-11-20T16:02:57","guid":{"rendered":"https:\/\/blog.ilgiornale.it\/bertirotti\/?p=3597"},"modified":"2020-11-20T18:02:57","modified_gmt":"2020-11-20T16:02:57","slug":"una-proposta-originale","status":"publish","type":"post","link":"https:\/\/blog.ilgiornale.it\/bertirotti\/2020\/11\/20\/una-proposta-originale\/","title":{"rendered":"Una proposta originale?"},"content":{"rendered":"<p style=\"text-align: justify;margin: 0cm 0cm 18.0pt 0cm\"><span style=\"font-size: 14.0pt;font-family: 'Futura Bk BT','sans-serif'\"><a href=\"https:\/\/blog.ilgiornale.it\/bertirotti\/2020\/11\/20\/una-proposta-originale\/svizzera\/\" rel=\"attachment wp-att-3598\"><img loading=\"lazy\" class=\"alignleft size-full wp-image-3598\" src=\"https:\/\/blog.ilgiornale.it\/bertirotti\/files\/2020\/11\/Svizzera.jpg\" alt=\"\" width=\"237\" height=\"180\" \/><\/a>\u00c8 tutta questione di\u2026 <strong>ragionevolezza<\/strong>.<\/span><\/p>\n<p style=\"text-align: justify;margin: 0cm 0cm 18.0pt 0cm\"><span style=\"font-size: 14.0pt;font-family: 'Futura Bk BT','sans-serif'\">In effetti, questa <\/span><a href=\"https:\/\/www.ilgiornale.it\/news\/mondo\/proposta-choc-svizzera-niente-terapia-intensiva-ai-1904079.html\"><span style=\"font-size: 14.0pt;font-family: 'Futura Bk BT','sans-serif'\">notizia<\/span><\/a><span style=\"font-size: 14.0pt;font-family: 'Futura Bk BT','sans-serif'\">, proveniente dalla nostra vicina e civile Svizzera, \u00e8 quanto meno significativa, ma non certo originale.<\/span><\/p>\n<p style=\"text-align: justify;margin: 0cm 0cm 18.0pt 0cm\"><span style=\"font-size: 14.0pt;font-family: 'Futura Bk BT','sans-serif'\">La legge del taglione \u00e8 antica, e fa parte della storia giuridica della nostra specie, <strong>indipendentemente<\/strong> dalla declinazione culturale e storica, che assume ovviamente caratteristiche pi\u00f9 specifiche. Il cosiddetto <i>concept<\/i> resta identico: quello che fai agli altri, sar\u00e0 fatto a te.<\/span><\/p>\n<p style=\"text-align: justify;margin: 0cm 0cm 18.0pt 0cm\"><span style=\"font-size: 14.0pt;font-family: 'Futura Bk BT','sans-serif'\">Certo, di fronte ad una scelta su &#8220;chi salvare&#8221; e &#8220;chi condannare alla morte&#8221; le cose sono effettivamente complesse e complicate. Non penso sia semplice rispondere, tanto in <strong>scienza<\/strong> come in coscienza.<\/span><\/p>\n<p style=\"text-align: justify;margin: 0cm 0cm 18.0pt 0cm\"><span style=\"font-size: 14.0pt;font-family: 'Futura Bk BT','sans-serif'\">Eppure, l&#8217;esasperazione che alcuni comportamenti umani producono nella vita di coloro che faticosamente cercano di affrontare il periodo infame che stiamo vivendo, pu\u00f2 portare all&#8217;espressione di questi concetti. A volte, mantenere il proprio livello di <strong>tolleranza<\/strong> non \u00e8 facile, specialmente quando attorno a s\u00e9 si affollano morti e separazioni senza fine, almeno cos\u00ec pare.<\/span><\/p>\n<p style=\"text-align: justify;margin: 0cm 0cm 18.0pt 0cm\"><span style=\"font-size: 14.0pt;font-family: 'Futura Bk BT','sans-serif'\">Secondo me, per esempio, il Cielo stabilisce, nel mistero della sua espressione, che alcuni individui debbano raggiungere il proprio grado di autoconsapevolezza, seguendo un percorso che si presenta, in un certo periodo dell&#8217;esistenza, sotto forma di <i>ripensamento<\/i>. Vi sono persone che devono imparare a <strong>chiedere<\/strong> scusa, tanto a loro stessi, per mancanza di consapevolezza, quanto al mondo intero, per mancanza di sensibilit\u00e0 culturale e sociale. Questo \u00e8 il caso dei cosiddetti <i>negazionisti<\/i>, o <i>pressapochisti del virus<\/i>.<\/span><\/p>\n<p style=\"text-align: justify;margin: 0cm 0cm 18.0pt 0cm\"><span style=\"font-size: 14.0pt;font-family: 'Futura Bk BT','sans-serif'\">Ritenere che al mondo si viva con gli altri solo in apparenza, e che ci si possa considerare totalmente autonomi nelle scelte e nelle <strong>azioni<\/strong>, fa parte di quella presunzione che ci ha portato a questi punti: si pu\u00f2 oramai dire e fare qualsiasi cosa.<\/span><\/p>\n<p style=\"text-align: justify;margin: 0cm 0cm 18.0pt 0cm\"><span style=\"font-size: 14.0pt;font-family: 'Futura Bk BT','sans-serif'\">E cos\u00ec, nemmeno troppo lentamente, il nostro mondo si sta dirigendo verso una fine che si sta <strong>annunciando<\/strong> con maggiore chiarezza, determinazione e volont\u00e0.<\/span><\/p>\n<p style=\"text-align: justify;margin: 0cm 0cm 18.0pt 0cm\"><span style=\"font-size: 14.0pt;font-family: 'Futura Bk BT','sans-serif'\">Eppure, continuano a spopolare i sordi e i ciechi, i quali pretendono che il resto del mondo veda le cose con le loro <strong>orecchie<\/strong> ed occhi.<\/span><\/p>\n<p style=\"text-align: justify;margin: 0cm 0cm 18.0pt 0cm\"><span style=\"font-size: 14.0pt;font-family: 'Futura Bk BT','sans-serif'\">Ecco perch\u00e9 a volte, come in questo caso, si pu\u00f2 perdere la <strong>pazienza<\/strong>.<\/span><\/p>\n<p style=\"text-align: justify;margin: 0cm 0cm 18.0pt 0cm\"><span style=\"font-size: 14.0pt;font-family: 'Futura Bk BT','sans-serif'\">Salvare coloro che possono pentirsi delle loro dichiarazioni ed atti significa <i>salvare sostanzialmente noi stessi<\/i>, perch\u00e9 quando <strong>manteniamo<\/strong> in vita anche la vita dei deficienti, riconosciamo in noi il diritto di diventarlo senza morire prima.<\/span><\/p>\n<p style=\"text-align: justify;margin: 0cm 0cm 18.0pt 0cm\"><span style=\"font-size: 14.0pt;font-family: 'Futura Bk BT','sans-serif'\">Cambiamo tutti, sempre, anche quando non lo pensiamo e non lo <strong>vogliamo<\/strong>, perch\u00e9 \u00e8 la vita che ce lo chiede, se vogliamo andare avanti.<\/span><\/p>\n<p style=\"text-align: justify;margin: 0cm 0cm 18.0pt 0cm\"><span style=\"font-size: 14.0pt;font-family: 'Futura Bk BT','sans-serif'\">\u00c8 cos\u00ec, <span style=\"color: #ff00ff\">secondo me<\/span>.<\/span><\/p>\n","protected":false},"excerpt":{"rendered":"<p><p>\u00c8 tutta questione di\u2026 ragionevolezza. In effetti, questa notizia, proveniente dalla nostra vicina e civile Svizzera, \u00e8 quanto meno significativa, ma non certo originale. La legge del taglione \u00e8 antica, e fa parte della storia giuridica della nostra specie, indipendentemente dalla declinazione culturale e storica, che assume ovviamente caratteristiche pi\u00f9 specifiche. Il cosiddetto concept resta identico: quello che fai agli altri, sar\u00e0 fatto a te. Certo, di fronte ad una scelta su &#8220;chi salvare&#8221; e &#8220;chi condannare alla morte&#8221; le cose sono effettivamente complesse e complicate. Non penso sia semplice rispondere, tanto in scienza come in coscienza. Eppure, l&#8217;esasperazione che [&hellip;]<\/p>\n&nbsp;&nbsp;<div class=\"readmore\"><a href=\"https:\/\/blog.ilgiornale.it\/bertirotti\/2020\/11\/20\/una-proposta-originale\/\">Continua a leggere...<\/a><\/div><\/p>","protected":false},"author":1039,"featured_media":3598,"comment_status":"open","ping_status":"closed","sticky":false,"template":"","format":"standard","meta":[],"categories":[152437],"tags":[87715,152505,379770,53957,399649,336060,300055,87711,387489,409584,53974,41792,43,409591,379762,18093,789,409587,179054,409590,40330,409582,409588,409583,302680,7981,379544,13630,64119,409585,37,10756,409581,13269,405211,53965,399554],"_links":{"self":[{"href":"https:\/\/blog.ilgiornale.it\/bertirotti\/wp-json\/wp\/v2\/posts\/3597"}],"collection":[{"href":"https:\/\/blog.ilgiornale.it\/bertirotti\/wp-json\/wp\/v2\/posts"}],"about":[{"href":"https:\/\/blog.ilgiornale.it\/bertirotti\/wp-json\/wp\/v2\/types\/post"}],"author":[{"embeddable":true,"href":"https:\/\/blog.ilgiornale.it\/bertirotti\/wp-json\/wp\/v2\/users\/1039"}],"replies":[{"embeddable":true,"href":"https:\/\/blog.ilgiornale.it\/bertirotti\/wp-json\/wp\/v2\/comments?post=3597"}],"version-history":[{"count":2,"href":"https:\/\/blog.ilgiornale.it\/bertirotti\/wp-json\/wp\/v2\/posts\/3597\/revisions"}],"predecessor-version":[{"id":3600,"href":"https:\/\/blog.ilgiornale.it\/bertirotti\/wp-json\/wp\/v2\/posts\/3597\/revisions\/3600"}],"wp:featuredmedia":[{"embeddable":true,"href":"https:\/\/blog.ilgiornale.it\/bertirotti\/wp-json\/wp\/v2\/media\/3598"}],"wp:attachment":[{"href":"https:\/\/blog.ilgiornale.it\/bertirotti\/wp-json\/wp\/v2\/media?parent=3597"}],"wp:term":[{"taxonomy":"category","embeddable":true,"href":"https:\/\/blog.ilgiornale.it\/bertirotti\/wp-json\/wp\/v2\/categories?post=3597"},{"taxonomy":"post_tag","embeddable":true,"href":"https:\/\/blog.ilgiornale.it\/bertirotti\/wp-json\/wp\/v2\/tags?post=3597"}],"curies":[{"name":"wp","href":"https:\/\/api.w.org\/{rel}","templated":true}]}}