{"id":3701,"date":"2021-01-21T09:44:31","date_gmt":"2021-01-21T07:44:31","guid":{"rendered":"https:\/\/blog.ilgiornale.it\/bertirotti\/?p=3701"},"modified":"2021-01-21T11:04:22","modified_gmt":"2021-01-21T09:04:22","slug":"il-mercato-delle","status":"publish","type":"post","link":"https:\/\/blog.ilgiornale.it\/bertirotti\/2021\/01\/21\/il-mercato-delle\/","title":{"rendered":"Il mercato delle&#8230;"},"content":{"rendered":"<p style=\"text-align: justify;margin: 0cm 0cm 18.0pt 0cm\"><span style=\"font-size: 14.0pt;font-family: 'Futura Bk BT','sans-serif'\"><a href=\"https:\/\/blog.ilgiornale.it\/bertirotti\/mercato_00\/\"><img loading=\"lazy\" class=\"alignleft size-medium wp-image-3700\" src=\"https:\/\/blog.ilgiornale.it\/bertirotti\/files\/2021\/01\/Mercato_00-300x157.jpg\" alt=\"\" width=\"300\" height=\"157\" srcset=\"https:\/\/blog.ilgiornale.it\/bertirotti\/files\/2021\/01\/Mercato_00-300x157.jpg 300w, https:\/\/blog.ilgiornale.it\/bertirotti\/files\/2021\/01\/Mercato_00-768x402.jpg 768w, https:\/\/blog.ilgiornale.it\/bertirotti\/files\/2021\/01\/Mercato_00.jpg 835w\" sizes=\"(max-width: 300px) 100vw, 300px\" \/><\/a>\u00c8 tutta questione di\u2026 <strong>crisi<\/strong>.<\/span><\/p>\n<p style=\"text-align: justify;margin: 0cm 0cm 18.0pt 0cm\"><span style=\"font-size: 14.0pt;font-family: 'Futura Bk BT','sans-serif'\">Come vedete, non ho completato il titolo di questo mio intervento. Ho pensato che fosse onesto, da parte mia, non offendere l&#8217;agricoltura, in essa comprendendo coltivazione ed allevamento, sia dal punto di vista filogenetico, come importante invenzione della specie <strong>umana<\/strong>, sia da quello nazionale, perch\u00e9 rappresenta per noi un settore imprenditoriale, e di qualit\u00e0.<\/span><\/p>\n<p style=\"text-align: justify;margin: 0cm 0cm 18.0pt 0cm\"><span style=\"font-size: 14.0pt;font-family: 'Futura Bk BT','sans-serif'\">Bene, ora abbiamo una nuova maggioranza: un numero totale di euro, previsto in dodicimila al mese (spiccioli pi\u00f9 o meno\u2026), per ogni singolo parlamentare. Non dobbiamo mai dimenticare il vero motivo per cui siamo ridotti in questo Stato, per quanto riguarda la parte <strong>economica<\/strong> dell&#8217;esistenza umana. E, nel caso della politica attuale mondiale stiamo attendendo tutti la vera e prossima debacle totale, proprio in relazione ad una economia che nulla ha a che fare con il reale progresso intellettuale dei cittadini.<\/span><\/p>\n<p style=\"text-align: justify;margin: 0cm 0cm 18.0pt 0cm\"><span style=\"font-size: 14.0pt;font-family: 'Futura Bk BT','sans-serif'\">Sappiamo tutti, infatti, che non serve a nulla votare, con questa legge elettorale (che peraltro non vogliono cambiare, mentre vogliono farci credere che la diminuzione del numero dei <strong>senatori<\/strong> risolva qualche cosa\u2026), e che qualsiasi promessa politica \u00e8 farsa\u2026 che non fa neanche ridere.<\/span><\/p>\n<p style=\"text-align: justify;margin: 0cm 0cm 18.0pt 0cm\"><span style=\"font-size: 14.0pt;font-family: 'Futura Bk BT','sans-serif'\">La dimostrazione \u00e8 nei <span style=\"color: #ff00ff\">Cinque Stalle<\/span> (un nome che si rivela essere stato lungimirante a suo tempo, come dimostrano i fatti di questa settimana).<\/span><\/p>\n<p style=\"text-align: justify;margin: 0cm 0cm 18.0pt 0cm\"><span style=\"font-size: 14.0pt;font-family: 'Futura Bk BT','sans-serif'\">Non so quali alleanze possano ancora fare, perch\u00e9 penso abbiano setacciato tutto l&#8217;arco istituzionale dei partiti, partitini, fuoriusciti, Gruppo Misto ed altro. Insomma, abbiamo un Presidente del Consiglio, sempre lo stesso (ma uno diverso non farebbe la differenza\u2026 se scelto tra le file di questi <strong>politicanti<\/strong>) che governa il nulla parlamentare, assieme ad inetti in malafede.<\/span><\/p>\n<p style=\"text-align: justify;margin: 0cm 0cm 18.0pt 0cm\"><span style=\"font-size: 14.0pt;font-family: 'Futura Bk BT','sans-serif'\">Ma, resto sicuro che a noi italiani tutto questo non fa alcuna differenza, perch\u00e9 siamo totalmente distaccati dalle vicende dei <i>palazzi della politica<\/i>. E questo atteggiamento durer\u00e0 sino a quando i supermercati potranno vendere, i centri <strong>commerciali<\/strong> continuare ad esporre merci, e i cittadini, tra un aperitivo sui Navigli e una spiaggia, potranno credere che esiste un futuro.<\/span><\/p>\n<p style=\"text-align: justify;margin: 0cm 0cm 18.0pt 0cm\"><span style=\"font-size: 14.0pt;font-family: 'Futura Bk BT','sans-serif'\">In realt\u00e0, si tratta solo di attendere che continui la discesa, fino a quando ci <strong>sfracelleremo<\/strong> contro il muro del fallimento culturale, esistenziale e antropologico.<\/span><\/p>\n<p style=\"text-align: justify;margin: 0cm 0cm 18.0pt 0cm\"><span style=\"font-size: 14.0pt;font-family: 'Futura Bk BT','sans-serif'\">Vi sembro <strong>pessimista<\/strong>?<\/span><\/p>\n<p style=\"text-align: justify;margin: 0cm 0cm 18.0pt 0cm\"><span style=\"font-size: 14.0pt;font-family: 'Futura Bk BT','sans-serif'\">No, perch\u00e9 credo sempre che qualcosa accadr\u00e0 per salvare questo mondo. Certo, non dipender\u00e0 dall&#8217;umanit\u00e0, ma da un intervento esterno (ultimamente, mi sto dedicando allo studio degli <strong>avvistamenti<\/strong> UFO\u2026), organizzato dal destino del Cosmo.<\/span><\/p>\n<p style=\"text-align: justify;margin: 0cm 0cm 18.0pt 0cm\"><span style=\"font-size: 14.0pt;font-family: 'Futura Bk BT','sans-serif'\">Circa l&#8217;Italia, possiamo attendere, per scoprire quale altra mangiatoia troveranno questi <span style=\"color: #ff00ff\">miserandi<\/span>.<\/span><\/p>\n","protected":false},"excerpt":{"rendered":"<p><p>\u00c8 tutta questione di\u2026 crisi. Come vedete, non ho completato il titolo di questo mio intervento. Ho pensato che fosse onesto, da parte mia, non offendere l&#8217;agricoltura, in essa comprendendo coltivazione ed allevamento, sia dal punto di vista filogenetico, come importante invenzione della specie umana, sia da quello nazionale, perch\u00e9 rappresenta per noi un settore imprenditoriale, e di qualit\u00e0. Bene, ora abbiamo una nuova maggioranza: un numero totale di euro, previsto in dodicimila al mese (spiccioli pi\u00f9 o meno\u2026), per ogni singolo parlamentare. Non dobbiamo mai dimenticare il vero motivo per cui siamo ridotti in questo Stato, per quanto riguarda [&hellip;]<\/p>\n&nbsp;&nbsp;<div class=\"readmore\"><a href=\"https:\/\/blog.ilgiornale.it\/bertirotti\/2021\/01\/21\/il-mercato-delle\/\">Continua a leggere...<\/a><\/div><\/p>","protected":false},"author":1039,"featured_media":3700,"comment_status":"open","ping_status":"closed","sticky":false,"template":"","format":"standard","meta":[],"categories":[60],"tags":[196940,26334,387638,112,173,16198,16174,261104,22813,405260,87,25111,43,32233,22,820,387486,54558,26,8168,821,18089,409729,54017,344139,34536,3155,10096,409734,62562,68067,52184,6111,40865,2646,45752,25098,405219,290931,409730,409731,14563],"_links":{"self":[{"href":"https:\/\/blog.ilgiornale.it\/bertirotti\/wp-json\/wp\/v2\/posts\/3701"}],"collection":[{"href":"https:\/\/blog.ilgiornale.it\/bertirotti\/wp-json\/wp\/v2\/posts"}],"about":[{"href":"https:\/\/blog.ilgiornale.it\/bertirotti\/wp-json\/wp\/v2\/types\/post"}],"author":[{"embeddable":true,"href":"https:\/\/blog.ilgiornale.it\/bertirotti\/wp-json\/wp\/v2\/users\/1039"}],"replies":[{"embeddable":true,"href":"https:\/\/blog.ilgiornale.it\/bertirotti\/wp-json\/wp\/v2\/comments?post=3701"}],"version-history":[{"count":2,"href":"https:\/\/blog.ilgiornale.it\/bertirotti\/wp-json\/wp\/v2\/posts\/3701\/revisions"}],"predecessor-version":[{"id":3703,"href":"https:\/\/blog.ilgiornale.it\/bertirotti\/wp-json\/wp\/v2\/posts\/3701\/revisions\/3703"}],"wp:featuredmedia":[{"embeddable":true,"href":"https:\/\/blog.ilgiornale.it\/bertirotti\/wp-json\/wp\/v2\/media\/3700"}],"wp:attachment":[{"href":"https:\/\/blog.ilgiornale.it\/bertirotti\/wp-json\/wp\/v2\/media?parent=3701"}],"wp:term":[{"taxonomy":"category","embeddable":true,"href":"https:\/\/blog.ilgiornale.it\/bertirotti\/wp-json\/wp\/v2\/categories?post=3701"},{"taxonomy":"post_tag","embeddable":true,"href":"https:\/\/blog.ilgiornale.it\/bertirotti\/wp-json\/wp\/v2\/tags?post=3701"}],"curies":[{"name":"wp","href":"https:\/\/api.w.org\/{rel}","templated":true}]}}