{"id":3745,"date":"2021-02-15T11:06:01","date_gmt":"2021-02-15T09:06:01","guid":{"rendered":"https:\/\/blog.ilgiornale.it\/bertirotti\/?p=3745"},"modified":"2021-02-15T11:06:01","modified_gmt":"2021-02-15T09:06:01","slug":"scegliere-il-bene","status":"publish","type":"post","link":"https:\/\/blog.ilgiornale.it\/bertirotti\/2021\/02\/15\/scegliere-il-bene\/","title":{"rendered":"Scegliere il bene"},"content":{"rendered":"<p style=\"text-align: justify;margin: 0cm 0cm 18.0pt 0cm\"><span style=\"font-size: 14.0pt;font-family: 'Futura Bk BT','sans-serif'\"><a href=\"https:\/\/blog.ilgiornale.it\/bertirotti\/scegliere_il_bene_00\/\"><img loading=\"lazy\" class=\"alignleft size-full wp-image-3744\" src=\"https:\/\/blog.ilgiornale.it\/bertirotti\/files\/2021\/02\/Scegliere_il_bene_00.jpg\" alt=\"\" width=\"264\" height=\"180\" \/><\/a>\u00c8 tutta questione di\u2026 <strong>educazione permanente<\/strong>.<\/span><\/p>\n<p style=\"text-align: justify;margin: 0cm 0cm 18.0pt 0cm\"><span style=\"font-size: 14.0pt;font-family: 'Futura Bk BT','sans-serif'\">Quando la nostra mente, pur sapendo dove risiede il bene in riferimento ad una precisa circostanza, sceglie il male, lo fa per avere dopo la <strong>possibilit\u00e0<\/strong> di pentirsene.<\/span><\/p>\n<p style=\"text-align: justify;margin: 0cm 0cm 18.0pt 0cm\"><span style=\"font-size: 14.0pt;font-family: 'Futura Bk BT','sans-serif'\">Come potrebbe funzionare la coscienza umana se ogni azione fosse sempre frutto della propria <strong>volont\u00e0<\/strong>? Non potrebbe formarsi nessuna coscienza, perch\u00e9 la mente non avrebbe nessun termine di paragone.<\/span><\/p>\n<p style=\"text-align: justify;margin: 0cm 0cm 18.0pt 0cm\"><span style=\"font-size: 14.0pt;font-family: 'Futura Bk BT','sans-serif'\">Facciamo un <strong>esempio<\/strong>.<\/span><\/p>\n<p style=\"text-align: justify;margin: 0cm 0cm 18.0pt 0cm\"><span style=\"font-size: 14.0pt;font-family: 'Futura Bk BT','sans-serif'\">Come potrei io accorgermi che l\u2019acqua \u00e8 calda se per tutta la vita non faccio esperienza dell\u2019acqua fredda? Sarebbe letteralmente impossibile, perch\u00e9 la mente non avrebbe la <strong>necessit\u00e0<\/strong> di definire con un aggettivo qualificativo, freddo, l\u2019acqua. In questo ultimo caso esisterebbe solo l\u2019acqua, che posso definire perch\u00e9 posseggo l\u2019idea di <i>terra<\/i>.\u00a0<\/span><span style=\"font-size: 14.0pt;font-family: 'Futura Bk BT','sans-serif'\">E questa idea \u00e8 frutto di un rapporto cognitivo con la terra, proprio perch\u00e9 ho compiuto, <\/span><span style=\"font-size: 14.0pt;font-family: 'Futura Bk BT','sans-serif'\">durante la mia esistenza, azioni su questa <strong><i>terra<\/i><\/strong>. Sono riuscito cos\u00ec a qualificare il mio rapporto con la terra, cio\u00e8 le azioni che sono stato capace di fare e le risposte che la terra mi ha fornito.<\/span><\/p>\n<p style=\"text-align: justify;margin: 0cm 0cm 18.0pt 0cm\"><span style=\"font-size: 14.0pt;font-family: 'Futura Bk BT','sans-serif'\">Eccoci cos\u00ec arrivati a comprendere perch\u00e9 la mente \u00e8 duale, ossia perch\u00e9 ragiona secondo una logica binaria, dove il doppio, lo specchio, l\u2019altro da me acquistano la loro fondamentale importanza. E proprio all\u2019interno della logica binaria riesco a pentirmi di azioni le cui conseguenze non avevo <strong>adeguatamente<\/strong> valutato in anticipo. Ecco a cosa serve il negativo: ci mette nella posizione mentale di produrre scelte future all\u2019insegna di ci\u00f2 che <\/span><span style=\"font-size: 14.0pt;font-family: 'Futura Bk BT','sans-serif'\">la memoria ha imparato a considerare tale.<a href=\"https:\/\/blog.ilgiornale.it\/bertirotti\/scegliere_il_bene_01\/\"><img loading=\"lazy\" class=\"alignright size-medium wp-image-3743\" src=\"https:\/\/blog.ilgiornale.it\/bertirotti\/files\/2021\/02\/Scegliere_il_bene_01-300x154.jpg\" alt=\"\" width=\"300\" height=\"154\" srcset=\"https:\/\/blog.ilgiornale.it\/bertirotti\/files\/2021\/02\/Scegliere_il_bene_01-300x154.jpg 300w, https:\/\/blog.ilgiornale.it\/bertirotti\/files\/2021\/02\/Scegliere_il_bene_01.jpg 342w\" sizes=\"(max-width: 300px) 100vw, 300px\" \/><\/a><\/span><\/p>\n<p style=\"text-align: justify;margin: 0cm 0cm 18.0pt 0cm\"><span style=\"font-size: 14.0pt;font-family: 'Futura Bk BT','sans-serif'\">Un altro aspetto altrettanto interessante del ragionamento duale \u00e8 legato al concetto di specchio, secondo il quale un <i>Io<\/i> si trova di fronte ad un <i>S\u00e9<\/i>, ossia di fronte ad una situazione <\/span><span style=\"font-size: 14.0pt;font-family: 'Futura Bk BT','sans-serif'\">riflettente, nella quale, appunto, si specchia. E non \u00e8 un caso che il <strong>termine<\/strong> riflettere indichi un\u2019azione riflessiva di un <i>Io<\/i> su s\u00e9 stesso e quella di riflettere un\u2019immagine di s\u00e9 in un\u2019altra situazione. Ecco perch\u00e9 il risultato finale di una ragionamento riflessivo \u00e8 quello di comprendere che tutte le cose che sembrano due sono in realt\u00e0 una, perch\u00e9 provenienti dalla stessa origine: l\u2019Io.<\/span><\/p>\n<p style=\"text-align: justify;margin: 0cm 0cm 18.0pt 0cm\"><span style=\"font-size: 14.0pt;font-family: 'Futura Bk BT','sans-serif'\">Il raggiungimento di questo obiettivo \u00e8 uno dei punti cardine di tutta la filosofia orientale, e ha determinato anche lo sviluppo di quella antica dell\u2019<strong>Asia Minore<\/strong> dalla quale \u00e8 emersa la scienza attuale. \u00c8 dunque strano, o quanto meno sorprendente, rendersi conto che oggi la scienza, forse a <strong>causa<\/strong> dell\u2019esasperato accento posto sulla tecnologia, sembra aver abbandonato la ricerca sulla dimensione interna, invisibile e nascosta dell\u2019individuo.<\/span><\/p>\n<p style=\"text-align: justify;margin: 0cm 0cm 18.0pt 0cm\"><span style=\"font-size: 14.0pt;font-family: 'Futura Bk BT','sans-serif'\">Eppure, nel modello logico del funzionamento mentale occidentale l\u2019<i>Io<\/i> continua\u00a0<\/span><span style=\"font-size: 14.0pt;font-family: 'Futura Bk BT','sans-serif'\">ad essere il punto di partenza di ogni <span style=\"color: #ff00ff\">conquista<\/span>.<\/span><\/p>\n","protected":false},"excerpt":{"rendered":"<p><p>\u00c8 tutta questione di\u2026 educazione permanente. Quando la nostra mente, pur sapendo dove risiede il bene in riferimento ad una precisa circostanza, sceglie il male, lo fa per avere dopo la possibilit\u00e0 di pentirsene. Come potrebbe funzionare la coscienza umana se ogni azione fosse sempre frutto della propria volont\u00e0? Non potrebbe formarsi nessuna coscienza, perch\u00e9 la mente non avrebbe nessun termine di paragone. Facciamo un esempio. Come potrei io accorgermi che l\u2019acqua \u00e8 calda se per tutta la vita non faccio esperienza dell\u2019acqua fredda? Sarebbe letteralmente impossibile, perch\u00e9 la mente non avrebbe la necessit\u00e0 di definire con un aggettivo qualificativo, [&hellip;]<\/p>\n&nbsp;&nbsp;<div class=\"readmore\"><a href=\"https:\/\/blog.ilgiornale.it\/bertirotti\/2021\/02\/15\/scegliere-il-bene\/\">Continua a leggere...<\/a><\/div><\/p>","protected":false},"author":1039,"featured_media":3744,"comment_status":"open","ping_status":"closed","sticky":false,"template":"","format":"standard","meta":[],"categories":[87774],"tags":[53957,413769,13605,54025,344273,16101,409516,413767,413766,4576,387631,413763,409705,413768,87694,52295,405289,387399,409680,121724,260846,409679,387406,413764,405273,2762],"_links":{"self":[{"href":"https:\/\/blog.ilgiornale.it\/bertirotti\/wp-json\/wp\/v2\/posts\/3745"}],"collection":[{"href":"https:\/\/blog.ilgiornale.it\/bertirotti\/wp-json\/wp\/v2\/posts"}],"about":[{"href":"https:\/\/blog.ilgiornale.it\/bertirotti\/wp-json\/wp\/v2\/types\/post"}],"author":[{"embeddable":true,"href":"https:\/\/blog.ilgiornale.it\/bertirotti\/wp-json\/wp\/v2\/users\/1039"}],"replies":[{"embeddable":true,"href":"https:\/\/blog.ilgiornale.it\/bertirotti\/wp-json\/wp\/v2\/comments?post=3745"}],"version-history":[{"count":1,"href":"https:\/\/blog.ilgiornale.it\/bertirotti\/wp-json\/wp\/v2\/posts\/3745\/revisions"}],"predecessor-version":[{"id":3746,"href":"https:\/\/blog.ilgiornale.it\/bertirotti\/wp-json\/wp\/v2\/posts\/3745\/revisions\/3746"}],"wp:featuredmedia":[{"embeddable":true,"href":"https:\/\/blog.ilgiornale.it\/bertirotti\/wp-json\/wp\/v2\/media\/3744"}],"wp:attachment":[{"href":"https:\/\/blog.ilgiornale.it\/bertirotti\/wp-json\/wp\/v2\/media?parent=3745"}],"wp:term":[{"taxonomy":"category","embeddable":true,"href":"https:\/\/blog.ilgiornale.it\/bertirotti\/wp-json\/wp\/v2\/categories?post=3745"},{"taxonomy":"post_tag","embeddable":true,"href":"https:\/\/blog.ilgiornale.it\/bertirotti\/wp-json\/wp\/v2\/tags?post=3745"}],"curies":[{"name":"wp","href":"https:\/\/api.w.org\/{rel}","templated":true}]}}