{"id":3792,"date":"2021-03-18T08:35:42","date_gmt":"2021-03-18T06:35:42","guid":{"rendered":"https:\/\/blog.ilgiornale.it\/bertirotti\/?p=3792"},"modified":"2021-03-18T08:35:42","modified_gmt":"2021-03-18T06:35:42","slug":"la-rete-cosmica-di-relazioni-amorose","status":"publish","type":"post","link":"https:\/\/blog.ilgiornale.it\/bertirotti\/2021\/03\/18\/la-rete-cosmica-di-relazioni-amorose\/","title":{"rendered":"La &#8220;Rete cosmica di relazioni amorose&#8221;"},"content":{"rendered":"<p style=\"text-align: justify;margin: 0cm 0cm 18.0pt 0cm\"><span style=\"font-size: 14.0pt;font-family: 'Futura Bk BT','sans-serif'\"><a href=\"https:\/\/blog.ilgiornale.it\/bertirotti\/universo_00-2\/\"><img loading=\"lazy\" class=\"alignleft size-full wp-image-3791\" src=\"https:\/\/blog.ilgiornale.it\/bertirotti\/files\/2021\/03\/Universo_00.jpg\" alt=\"\" width=\"294\" height=\"180\" \/><\/a>\u00c8 tutta questione di\u2026 <strong>amore<\/strong>.<\/span><\/p>\n<p style=\"text-align: justify;margin: 0cm 0cm 18.0pt 0cm\"><span style=\"font-size: 14.0pt;font-family: 'Futura Bk BT','sans-serif'\">L\u2019esistere dell\u2019essere umano ha come elemento costante e caratterizzante il numero due, la dualit\u00e0: rapporto <i>madre-feto<\/i>, <i>genitore-figlio<\/i>, due genitori, etc. Tra il due spesso compare il tre quando ai due genitori, per esempio, si aggiunge il figlio, quando alla <strong>diade<\/strong> madre-bambino si aggiunge il padre.<\/span><\/p>\n<p style=\"text-align: justify;margin: 0cm 0cm 18.0pt 0cm\"><span style=\"font-size: 14.0pt;font-family: 'Futura Bk BT','sans-serif'\">Anche il cervello privilegia naturalmente il rapporto a tre, perch\u00e9 il pensiero necessita del rapporto con la <strong>realt\u00e0<\/strong>: rapporto a tre, tra l\u2019io, l\u2019altro e il mondo.<\/span><\/p>\n<p style=\"text-align: justify;margin: 0cm 0cm 18.0pt 0cm\"><span style=\"font-size: 14.0pt;font-family: 'Futura Bk BT','sans-serif'\">Sempre all\u2019interno della logica binaria troviamo la coscienza del bene e del male, che spesso vede l\u2019individuo realizzare il male per avere la possibilit\u00e0 di pentirsene. La <strong>possibilit\u00e0<\/strong> di pentirsi, che \u00e8 solo umana, \u00e8 l\u2019aspetto pi\u00f9 potente della nostra coscienza, proprio perch\u00e9 siamo legati all\u2019espressione di desideri che dettano le nostre scelte.<\/span><\/p>\n<p style=\"text-align: justify;margin: 0cm 0cm 18.0pt 0cm\"><span style=\"font-size: 14.0pt;font-family: 'Futura Bk BT','sans-serif'\">La nostra convinzione \u00e8 che il mondo e la vita siano sempre esistiti, perch\u00e9 il cervello non pu\u00f2 che pensarsi vivo proprio in quanto la sua funzione \u00e8 pensare. Infatti l\u2019esistenza nasce quando il cervello comincia a funzionare, di qui la paura della morte, e come nella nostra vita quotidiana stabiliamo relazioni amorose \u00e8 verosimile supporre che l\u2019universo sia una <span style=\"color: #ff00ff\"><i>Rete Cosmica di Relazioni Amorose<\/i><\/span>. In esso ogni particella ha la propriet\u00e0 di organizzarsi in rete per instaurare una relazione affettiva stabile che richiede una scelta, che esige la rottura di un equilibrio, perch\u00e9 si deve spezzare una simmetria.<a href=\"https:\/\/blog.ilgiornale.it\/bertirotti\/universo_01\/\"><img loading=\"lazy\" class=\"alignright size-medium wp-image-3790\" src=\"https:\/\/blog.ilgiornale.it\/bertirotti\/files\/2021\/03\/Universo_01-300x164.jpg\" alt=\"\" width=\"300\" height=\"164\" srcset=\"https:\/\/blog.ilgiornale.it\/bertirotti\/files\/2021\/03\/Universo_01-300x164.jpg 300w, https:\/\/blog.ilgiornale.it\/bertirotti\/files\/2021\/03\/Universo_01.jpg 330w\" sizes=\"(max-width: 300px) 100vw, 300px\" \/><\/a><\/span><\/p>\n<p style=\"text-align: justify;margin: 0cm 0cm 18.0pt 0cm\"><span style=\"font-size: 14.0pt;font-family: 'Futura Bk BT','sans-serif'\">Anche la nascita pone fine a nove mesi in cui madre e bambino sono vissuti perfettamente simmetrici. Nasce in questo modo, ossia in seguito alla rottura di questa simmetria, il problema mentale della coerenza (di cui ho scritto anche qui), con la quale si tende a conservare energia. La conservazione della propria energia \u00e8 <strong>praticamente<\/strong> il compito essenziale della Storia, strettamente legato alla percezione della nostra identit\u00e0. Noi definiamo la nostra identit\u00e0 facendo emergere il positivo e tacendo il negativo, cos\u00ec come quando vogliamo conquistare qualcuno spesso raccontiamo bugie su di noi e sulla nostra realt\u00e0. Ma raccontare bugie richiede buona memoria, e tuttavia la memoria ha ben altri compiti.<\/span><\/p>\n<p style=\"text-align: justify;margin: 0cm 0cm 18.0pt 0cm\"><span style=\"font-size: 14.0pt;font-family: 'Futura Bk BT','sans-serif'\">Ci consente la nostalgia, il rimorso, l\u2019autostima e la rimozione, essendo l\u2019espressione mentale della propria conoscenza rivolta al passato in vista del futuro. Il concetto di <strong><i>coerenza<\/i><\/strong>, invece, definisce il rapporto con noi stessi in quanto mette in relazione ci\u00f2 che diciamo e ci\u00f2 che facciamo.<\/span><\/p>\n<p style=\"text-align: justify;margin: 0cm 0cm 18.0pt 0cm\"><span style=\"font-size: 14.0pt;font-family: 'Futura Bk BT','sans-serif'\">Ecco, forse stiamo vivendo un periodo storico significativo, secondo i <strong>parametri<\/strong> che vi ho appena esposto.<\/span><\/p>\n<p style=\"text-align: justify;margin: 0cm 0cm 18.0pt 0cm\"><span style=\"font-size: 14.0pt;font-family: 'Futura Bk BT','sans-serif'\">Un&#8217;ulteriore <span style=\"color: #ff00ff\">occasione<\/span> per riflettere.<\/span><\/p>\n","protected":false},"excerpt":{"rendered":"<p><p>\u00c8 tutta questione di\u2026 amore. L\u2019esistere dell\u2019essere umano ha come elemento costante e caratterizzante il numero due, la dualit\u00e0: rapporto madre-feto, genitore-figlio, due genitori, etc. Tra il due spesso compare il tre quando ai due genitori, per esempio, si aggiunge il figlio, quando alla diade madre-bambino si aggiunge il padre. Anche il cervello privilegia naturalmente il rapporto a tre, perch\u00e9 il pensiero necessita del rapporto con la realt\u00e0: rapporto a tre, tra l\u2019io, l\u2019altro e il mondo. Sempre all\u2019interno della logica binaria troviamo la coscienza del bene e del male, che spesso vede l\u2019individuo realizzare il male per avere la [&hellip;]<\/p>\n&nbsp;&nbsp;<div class=\"readmore\"><a href=\"https:\/\/blog.ilgiornale.it\/bertirotti\/2021\/03\/18\/la-rete-cosmica-di-relazioni-amorose\/\">Continua a leggere...<\/a><\/div><\/p>","protected":false},"author":1039,"featured_media":3791,"comment_status":"open","ping_status":"closed","sticky":false,"template":"","format":"standard","meta":[],"categories":[13631],"tags":[344163,405274,53957,54096,18922,413821,413773,16101,413819,405262,302657,240,405270,25439,29851,87691,372194,16073,20879,17923,413818,405261,387406,69665,38022,54070,405273,54110,389251],"_links":{"self":[{"href":"https:\/\/blog.ilgiornale.it\/bertirotti\/wp-json\/wp\/v2\/posts\/3792"}],"collection":[{"href":"https:\/\/blog.ilgiornale.it\/bertirotti\/wp-json\/wp\/v2\/posts"}],"about":[{"href":"https:\/\/blog.ilgiornale.it\/bertirotti\/wp-json\/wp\/v2\/types\/post"}],"author":[{"embeddable":true,"href":"https:\/\/blog.ilgiornale.it\/bertirotti\/wp-json\/wp\/v2\/users\/1039"}],"replies":[{"embeddable":true,"href":"https:\/\/blog.ilgiornale.it\/bertirotti\/wp-json\/wp\/v2\/comments?post=3792"}],"version-history":[{"count":1,"href":"https:\/\/blog.ilgiornale.it\/bertirotti\/wp-json\/wp\/v2\/posts\/3792\/revisions"}],"predecessor-version":[{"id":3793,"href":"https:\/\/blog.ilgiornale.it\/bertirotti\/wp-json\/wp\/v2\/posts\/3792\/revisions\/3793"}],"wp:featuredmedia":[{"embeddable":true,"href":"https:\/\/blog.ilgiornale.it\/bertirotti\/wp-json\/wp\/v2\/media\/3791"}],"wp:attachment":[{"href":"https:\/\/blog.ilgiornale.it\/bertirotti\/wp-json\/wp\/v2\/media?parent=3792"}],"wp:term":[{"taxonomy":"category","embeddable":true,"href":"https:\/\/blog.ilgiornale.it\/bertirotti\/wp-json\/wp\/v2\/categories?post=3792"},{"taxonomy":"post_tag","embeddable":true,"href":"https:\/\/blog.ilgiornale.it\/bertirotti\/wp-json\/wp\/v2\/tags?post=3792"}],"curies":[{"name":"wp","href":"https:\/\/api.w.org\/{rel}","templated":true}]}}