{"id":3802,"date":"2021-03-25T07:55:53","date_gmt":"2021-03-25T05:55:53","guid":{"rendered":"https:\/\/blog.ilgiornale.it\/bertirotti\/?p=3802"},"modified":"2021-03-25T07:55:53","modified_gmt":"2021-03-25T05:55:53","slug":"il-minestrone","status":"publish","type":"post","link":"https:\/\/blog.ilgiornale.it\/bertirotti\/2021\/03\/25\/il-minestrone\/","title":{"rendered":"Il minestrone"},"content":{"rendered":"<p style=\"text-align: justify;margin: 0cm 0cm 18.0pt 0cm\"><span style=\"font-size: 14.0pt;font-family: 'Futura Bk BT','sans-serif'\"><a href=\"https:\/\/blog.ilgiornale.it\/bertirotti\/il_minestrone_01\/\"><img loading=\"lazy\" class=\"alignleft size-medium wp-image-3800\" src=\"https:\/\/blog.ilgiornale.it\/bertirotti\/files\/2021\/03\/Il_minestrone_01-200x300.jpg\" alt=\"\" width=\"200\" height=\"300\" srcset=\"https:\/\/blog.ilgiornale.it\/bertirotti\/files\/2021\/03\/Il_minestrone_01-200x300.jpg 200w, https:\/\/blog.ilgiornale.it\/bertirotti\/files\/2021\/03\/Il_minestrone_01.jpg 467w\" sizes=\"(max-width: 200px) 100vw, 200px\" \/><\/a>\u00c8 tutta questione di\u2026 <strong>consapevolezza<\/strong>.<\/span><\/p>\n<p style=\"text-align: justify;margin: 0cm 0cm 18.0pt 0cm\"><span style=\"font-size: 14.0pt;font-family: 'Futura Bk BT','sans-serif'\">Non dico nulla di nuovo, n\u00e9 di particolarmente originale, specialmente di questi tempi, se scrivo che stiamo attraversando un periodo davvero importante della nostra evoluzione generale, come specie <span style=\"color: #ff00ff\"><i>Homo sapiens sapiens<\/i><\/span>.<\/span><\/p>\n<p style=\"text-align: justify;margin: 0cm 0cm 18.0pt 0cm\"><span style=\"font-size: 14.0pt;font-family: 'Futura Bk BT','sans-serif'\">\u00c8 anche relativamente vero che in ogni epoca e luogo, sia della storia che della geografia umana, si sono avuti periodi e situazioni in cui si \u00e8 avvertita netta la sensazione di <strong>attraversare<\/strong> importanti momenti di passaggio.<\/span><\/p>\n<p style=\"text-align: justify;margin: 0cm 0cm 18.0pt 0cm\"><span style=\"font-size: 14.0pt;font-family: 'Futura Bk BT','sans-serif'\">Antonio Machado ci ricorda, in effetti, che siamo come un viandante in questa vita: \u201cViandante, sono le tue orme il sentiero e niente altro. Viandante, non c\u2019\u00e8 sentiero, diventa sentiero l\u2019andare\u201d (<strong>Machado A<\/strong>., <i>Viandante<\/i>).<\/span><\/p>\n<p style=\"text-align: justify;margin: 0cm 0cm 18.0pt 0cm\"><span style=\"font-size: 14.0pt;font-family: 'Futura Bk BT','sans-serif'\">E se aderisco a questa concezione del movimento, mi rendo conto che le mie azioni sono determinate dal moto del mio andare, ossia dalla consapevolezza del fine ultimo. Attuo, per cos\u00ec dire, una <span style=\"color: #ff00ff\"><i>realizzazione teleologica del mio esistere<\/i><\/span>, ossia reputo che il perseguimento dello scopo, di cui abbiamo parlato prima, diventi effettivamente la mia meta.<\/span><\/p>\n<p style=\"text-align: justify;margin: 0cm 0cm 18.0pt 0cm\"><span style=\"font-size: 14.0pt;font-family: 'Futura Bk BT','sans-serif'\">Affinch\u00e9 l\u2019intera mia esistenza sia un errare come ci consiglia Machado, \u00e8 per\u00f2 necessario che la mia meta non sia facilmente raggiungibile e sia il pi\u00f9 possibile presente anche dopo la mia morte. Se invece la meta \u00e8 raggiungibile con l\u2019adozione di comportamenti facili e repentini, non solo il mio <strong>ragionamento<\/strong> sull\u2019esistenza si riduce a qualche cosa che trovo al supermercato, ma le mie azioni non entrano a fare parte della storia del mondo. Agisco solo per me, e dopo la mia morte tutta la fatica che ho impiegato per rispondere ai perch\u00e9 che interrogano il mondo non sono serviti a nessuno.<a href=\"https:\/\/blog.ilgiornale.it\/bertirotti\/homo-sapiens\/\"><img loading=\"lazy\" class=\"alignright size-medium wp-image-3801\" src=\"https:\/\/blog.ilgiornale.it\/bertirotti\/files\/2021\/03\/homo-sapiens-300x168.jpg\" alt=\"\" width=\"300\" height=\"168\" srcset=\"https:\/\/blog.ilgiornale.it\/bertirotti\/files\/2021\/03\/homo-sapiens-300x168.jpg 300w, https:\/\/blog.ilgiornale.it\/bertirotti\/files\/2021\/03\/homo-sapiens-768x431.jpg 768w, https:\/\/blog.ilgiornale.it\/bertirotti\/files\/2021\/03\/homo-sapiens.jpg 907w\" sizes=\"(max-width: 300px) 100vw, 300px\" \/><\/a><\/span><\/p>\n<p style=\"text-align: justify;margin: 0cm 0cm 18.0pt 0cm\"><span style=\"font-size: 14.0pt;font-family: 'Futura Bk BT','sans-serif'\">\u00c8 necessario che la mia meta sia dunque difficile, posta oltre la mia presenza fisica, ossia situata persino oltre la mia morte, affinch\u00e9 sino alla fine della mia vita io possa <strong>continuare<\/strong> a perseguirla. \u00c8 necessario, in altri termini, che la mia meta preveda un percorso doloroso per raggiungerla, perch\u00e9 senza questo frammento di dolore non sapr\u00f2 mai e sino in fondo quale valore possiede la mia meta, quale significato attribuirle.<\/span><\/p>\n<p style=\"text-align: justify;margin: 0cm 0cm 18.0pt 0cm\"><span style=\"font-size: 14.0pt;font-family: 'Futura Bk BT','sans-serif'\">Solo quando percepisco la meta come sostanzialmente diversa da quello che io sono in questo momento, oppure da quello che io sono come essere umano, cercher\u00f2 di <strong>raggiungerla<\/strong> davvero con tutte le mie forze.<\/span><\/p>\n<p style=\"text-align: justify;margin: 0cm 0cm 18.0pt 0cm\"><span style=\"font-size: 14.0pt;font-family: 'Futura Bk BT','sans-serif'\">Se il fine ultimo di questo mio esistere \u00e8 nell\u2019essere qui ed ora, solo coscientemente, non posso lavorare per l\u2019<strong>eternit\u00e0<\/strong>, come dice spesso un mio maestro e amico, Vittorio Vanni.<\/span><\/p>\n<p style=\"text-align: justify;margin: 0cm 0cm 18.0pt 0cm\"><span style=\"font-size: 14.0pt;font-family: 'Futura Bk BT','sans-serif'\">Se non mi percepisco diverso rispetto all\u2019eterno, ma lo nego, considerandolo agnosticamente lontano dalle mie preoccupazioni mentali, tutte le mie azioni finiranno con la mia vita, perch\u00e9 ad essa sono <span style=\"color: #ff00ff\">indissolubilmente<\/span> legate.<\/span><\/p>\n","protected":false},"excerpt":{"rendered":"<p><p>\u00c8 tutta questione di\u2026 consapevolezza. Non dico nulla di nuovo, n\u00e9 di particolarmente originale, specialmente di questi tempi, se scrivo che stiamo attraversando un periodo davvero importante della nostra evoluzione generale, come specie Homo sapiens sapiens. \u00c8 anche relativamente vero che in ogni epoca e luogo, sia della storia che della geografia umana, si sono avuti periodi e situazioni in cui si \u00e8 avvertita netta la sensazione di attraversare importanti momenti di passaggio. Antonio Machado ci ricorda, in effetti, che siamo come un viandante in questa vita: \u201cViandante, sono le tue orme il sentiero e niente altro. Viandante, non c\u2019\u00e8 [&hellip;]<\/p>\n&nbsp;&nbsp;<div class=\"readmore\"><a href=\"https:\/\/blog.ilgiornale.it\/bertirotti\/2021\/03\/25\/il-minestrone\/\">Continua a leggere...<\/a><\/div><\/p>","protected":false},"author":1039,"featured_media":3800,"comment_status":"open","ping_status":"closed","sticky":false,"template":"","format":"standard","meta":[],"categories":[152480],"tags":[413833,53957,413836,27450,4690,399645,379577,87,387476,409697,7820,44448,302657,87687,17018,413830,83045,413839,54558,413838,54682,413835,413837,45014,405261,37956,379544,59435,186607,336183,389317,413834,8991],"_links":{"self":[{"href":"https:\/\/blog.ilgiornale.it\/bertirotti\/wp-json\/wp\/v2\/posts\/3802"}],"collection":[{"href":"https:\/\/blog.ilgiornale.it\/bertirotti\/wp-json\/wp\/v2\/posts"}],"about":[{"href":"https:\/\/blog.ilgiornale.it\/bertirotti\/wp-json\/wp\/v2\/types\/post"}],"author":[{"embeddable":true,"href":"https:\/\/blog.ilgiornale.it\/bertirotti\/wp-json\/wp\/v2\/users\/1039"}],"replies":[{"embeddable":true,"href":"https:\/\/blog.ilgiornale.it\/bertirotti\/wp-json\/wp\/v2\/comments?post=3802"}],"version-history":[{"count":1,"href":"https:\/\/blog.ilgiornale.it\/bertirotti\/wp-json\/wp\/v2\/posts\/3802\/revisions"}],"predecessor-version":[{"id":3803,"href":"https:\/\/blog.ilgiornale.it\/bertirotti\/wp-json\/wp\/v2\/posts\/3802\/revisions\/3803"}],"wp:featuredmedia":[{"embeddable":true,"href":"https:\/\/blog.ilgiornale.it\/bertirotti\/wp-json\/wp\/v2\/media\/3800"}],"wp:attachment":[{"href":"https:\/\/blog.ilgiornale.it\/bertirotti\/wp-json\/wp\/v2\/media?parent=3802"}],"wp:term":[{"taxonomy":"category","embeddable":true,"href":"https:\/\/blog.ilgiornale.it\/bertirotti\/wp-json\/wp\/v2\/categories?post=3802"},{"taxonomy":"post_tag","embeddable":true,"href":"https:\/\/blog.ilgiornale.it\/bertirotti\/wp-json\/wp\/v2\/tags?post=3802"}],"curies":[{"name":"wp","href":"https:\/\/api.w.org\/{rel}","templated":true}]}}