{"id":3815,"date":"2021-04-01T12:21:56","date_gmt":"2021-04-01T10:21:56","guid":{"rendered":"https:\/\/blog.ilgiornale.it\/bertirotti\/?p=3815"},"modified":"2021-04-01T12:21:56","modified_gmt":"2021-04-01T10:21:56","slug":"problemi-e-soluzioni","status":"publish","type":"post","link":"https:\/\/blog.ilgiornale.it\/bertirotti\/2021\/04\/01\/problemi-e-soluzioni\/","title":{"rendered":"Problemi e soluzioni"},"content":{"rendered":"<p style=\"text-align: justify;margin: 0cm 0cm 18.0pt 0cm\"><span style=\"font-size: 14.0pt;font-family: 'Futura Bk BT','sans-serif'\"><a href=\"https:\/\/blog.ilgiornale.it\/bertirotti\/problem-solution-business-concept_01\/\"><img loading=\"lazy\" class=\"alignleft size-full wp-image-3813\" src=\"https:\/\/blog.ilgiornale.it\/bertirotti\/files\/2021\/04\/problem-solution-business-concept_01.jpg\" alt=\"\" width=\"255\" height=\"180\" \/><\/a>\u00c8 tutta questione di\u2026 <strong>precisione<\/strong>.<\/span><\/p>\n<p style=\"text-align: justify;margin: 0cm 0cm 18.0pt 0cm\"><span style=\"font-size: 14.0pt;font-family: 'Futura Bk BT','sans-serif'\">La tesi di <span style=\"color: #ff00ff\">Karl Raimund Popper<\/span> \u00e8 che la scienza sia un fenomeno biologico.<\/span><\/p>\n<p style=\"text-align: justify;margin: 0cm 0cm 18.0pt 0cm\"><span style=\"font-size: 14.0pt;font-family: 'Futura Bk BT','sans-serif'\">Egli sostiene inoltre che \u201cla scienza \u00e8 sorta dalla conoscenza prescientifica, essa \u00e8 uno <strong>strabiliante<\/strong> sviluppo del modo di conoscere del buon senso comune, che a sua volta pu\u00f2 venir visto come uno sviluppo della conoscenza animale\u201d (Popper K.R., 1994, <i>Alles Leben ist Probleml\u00f6sen. \u00d9ber Erkenntnis, Geschochte und Politik<\/i>, Piper GmbH &amp; Co., M\u00fcnchen, trad. it. 2001, <i>Tutta la vita \u00e8 risolvere problemi. Scritti sulla conoscenza, la storia e la politica<\/i>, Bompiani Editore, Milano, pg. 47).<\/span><\/p>\n<p style=\"text-align: justify;margin: 0cm 0cm 18.0pt 0cm\"><span style=\"font-size: 14.0pt;font-family: 'Futura Bk BT','sans-serif'\">Inoltre, Popper sostiene che \u201cogni sviluppo scientifico si pu\u00f2 comprendere solo nel senso che il suo inizio \u00e8 un problema, o una situazione problematica, vale a dire l\u2019emergere di un problema in una determinata situazione del nostro sapere di sfondo. (\u2026) Questo punto \u00e8 della massima <strong>importanza<\/strong>. La vecchia teoria della scienza insegnava &#8211; e insegna ancora, di continuo &#8211; che il punto di partenza della scienza sta nelle nostre percezioni o nelle osservazioni sensoriali\u201d (Popper K.R., ibidem:49).<\/span><\/p>\n<p style=\"text-align: justify;margin: 0cm 0cm 18.0pt 0cm\"><span style=\"font-size: 14.0pt;font-family: 'Futura Bk BT','sans-serif'\">L\u2019aspetto innovativo del pensiero di Popper, che peraltro lo rende assolutamente originale rispetto agli altri filosofi della scienza, \u00e8 la concezione secondo cui non pu\u00f2 esistere evoluzione senza la presenza costante di problemi. Egli sostiene che l\u2019assenza di <strong>problemi<\/strong> non induce nemmeno alla osservazione delle cose. Si pu\u00f2 in effetti osservare senza per questo assumere un atteggiamento scientifico, il quale \u00e8 invece frutto della formulazione di un problema su ci\u00f2 che si sta osservando.<a href=\"https:\/\/blog.ilgiornale.it\/bertirotti\/problem-solution-business-concept_00\/\"><img loading=\"lazy\" class=\"alignright size-medium wp-image-3814\" src=\"https:\/\/blog.ilgiornale.it\/bertirotti\/files\/2021\/04\/problem-solution-business-concept_00-300x188.jpg\" alt=\"\" width=\"300\" height=\"188\" srcset=\"https:\/\/blog.ilgiornale.it\/bertirotti\/files\/2021\/04\/problem-solution-business-concept_00-300x188.jpg 300w, https:\/\/blog.ilgiornale.it\/bertirotti\/files\/2021\/04\/problem-solution-business-concept_00.jpg 446w\" sizes=\"(max-width: 300px) 100vw, 300px\" \/><\/a><\/span><\/p>\n<p style=\"text-align: justify;margin: 0cm 0cm 18.0pt 0cm\"><span style=\"font-size: 14.0pt;font-family: 'Futura Bk BT','sans-serif'\">La funzione che in questo processo cognitivo assumono i sensi \u00e8 ovviamente basilare. Senza di essi non esisterebbe nemmeno la possibilit\u00e0 di porre problemi. Sono proprio le nostre capacit\u00e0 <strong>sensoriali<\/strong> che ci pongono nella condizione di risolvere i problemi, grazie alla adattabilit\u00e0 dei sensi ai dati del reale.<\/span><\/p>\n<p style=\"text-align: justify;margin: 0cm 0cm 18.0pt 0cm\"><span style=\"font-size: 14.0pt;font-family: 'Futura Bk BT','sans-serif'\">In altri termini, per poter affermare di essere in presenza di un arcobaleno come problema scientifico \u00e8 necessario essere nella condizione fisiologica di poterlo osservare. In un secondo momento e sulla base di questo dato sensibile, possiamo <strong>decidere<\/strong> se porre l\u2019arcobaleno come elemento meramente estetico, definendolo quindi bello, oppure porlo come una meraviglia, quindi indagarne l\u2019eziologia e la struttura.<\/span><\/p>\n<p style=\"text-align: justify;margin: 0cm 0cm 18.0pt 0cm\"><span style=\"font-size: 14.0pt;font-family: 'Futura Bk BT','sans-serif'\">Dunque in ottica scientifica, sebbene le percezioni siano strumento urgente della conoscenza, la <strong>formulazione<\/strong> di un problema precede la costituzione dei tentativi atti alla sua risoluzione.<\/span><\/p>\n<p style=\"text-align: justify;margin: 0cm 0cm 18.0pt 0cm\"><span style=\"font-size: 14.0pt;font-family: 'Futura Bk BT','sans-serif'\">Bene, penso che in questo mondo, e quindi anche nella nostra nazione, vi siano molti dati sensibili che non sono ancora stati considerati come <span style=\"color: #ff00ff\"><i>problemi<\/i><\/span>, e che di conseguenza non si stiamo cercando <span style=\"color: #ff00ff\"><i>soluzioni<\/i><\/span>.<\/span><\/p>\n","protected":false},"excerpt":{"rendered":"<p><p>\u00c8 tutta questione di\u2026 precisione. La tesi di Karl Raimund Popper \u00e8 che la scienza sia un fenomeno biologico. Egli sostiene inoltre che \u201cla scienza \u00e8 sorta dalla conoscenza prescientifica, essa \u00e8 uno strabiliante sviluppo del modo di conoscere del buon senso comune, che a sua volta pu\u00f2 venir visto come uno sviluppo della conoscenza animale\u201d (Popper K.R., 1994, Alles Leben ist Probleml\u00f6sen. \u00d9ber Erkenntnis, Geschochte und Politik, Piper GmbH &amp; Co., M\u00fcnchen, trad. it. 2001, Tutta la vita \u00e8 risolvere problemi. Scritti sulla conoscenza, la storia e la politica, Bompiani Editore, Milano, pg. 47). Inoltre, Popper sostiene che \u201cogni [&hellip;]<\/p>\n&nbsp;&nbsp;<div class=\"readmore\"><a href=\"https:\/\/blog.ilgiornale.it\/bertirotti\/2021\/04\/01\/problemi-e-soluzioni\/\">Continua a leggere...<\/a><\/div><\/p>","protected":false},"author":1039,"featured_media":3813,"comment_status":"open","ping_status":"closed","sticky":false,"template":"","format":"standard","meta":[],"categories":[53951],"tags":[53957,413852,387608,405269,36688,87,413851,17018,399619,413850,288157,10794,405261,62562,379544,13630,3829,413855,53965],"_links":{"self":[{"href":"https:\/\/blog.ilgiornale.it\/bertirotti\/wp-json\/wp\/v2\/posts\/3815"}],"collection":[{"href":"https:\/\/blog.ilgiornale.it\/bertirotti\/wp-json\/wp\/v2\/posts"}],"about":[{"href":"https:\/\/blog.ilgiornale.it\/bertirotti\/wp-json\/wp\/v2\/types\/post"}],"author":[{"embeddable":true,"href":"https:\/\/blog.ilgiornale.it\/bertirotti\/wp-json\/wp\/v2\/users\/1039"}],"replies":[{"embeddable":true,"href":"https:\/\/blog.ilgiornale.it\/bertirotti\/wp-json\/wp\/v2\/comments?post=3815"}],"version-history":[{"count":1,"href":"https:\/\/blog.ilgiornale.it\/bertirotti\/wp-json\/wp\/v2\/posts\/3815\/revisions"}],"predecessor-version":[{"id":3816,"href":"https:\/\/blog.ilgiornale.it\/bertirotti\/wp-json\/wp\/v2\/posts\/3815\/revisions\/3816"}],"wp:featuredmedia":[{"embeddable":true,"href":"https:\/\/blog.ilgiornale.it\/bertirotti\/wp-json\/wp\/v2\/media\/3813"}],"wp:attachment":[{"href":"https:\/\/blog.ilgiornale.it\/bertirotti\/wp-json\/wp\/v2\/media?parent=3815"}],"wp:term":[{"taxonomy":"category","embeddable":true,"href":"https:\/\/blog.ilgiornale.it\/bertirotti\/wp-json\/wp\/v2\/categories?post=3815"},{"taxonomy":"post_tag","embeddable":true,"href":"https:\/\/blog.ilgiornale.it\/bertirotti\/wp-json\/wp\/v2\/tags?post=3815"}],"curies":[{"name":"wp","href":"https:\/\/api.w.org\/{rel}","templated":true}]}}