{"id":3913,"date":"2021-06-14T13:56:04","date_gmt":"2021-06-14T11:56:04","guid":{"rendered":"https:\/\/blog.ilgiornale.it\/bertirotti\/?p=3913"},"modified":"2021-06-14T13:56:04","modified_gmt":"2021-06-14T11:56:04","slug":"ci-sara-un-motivo","status":"publish","type":"post","link":"https:\/\/blog.ilgiornale.it\/bertirotti\/2021\/06\/14\/ci-sara-un-motivo\/","title":{"rendered":"Ci sar\u00e0 un motivo?"},"content":{"rendered":"<p style=\"text-align: justify;margin: 0cm 0cm 18.0pt 0cm\"><span style=\"font-size: 14.0pt;font-family: 'Futura Bk BT',sans-serif\"><a href=\"https:\/\/blog.ilgiornale.it\/bertirotti\/mistero_00\/\"><img loading=\"lazy\" class=\"alignleft size-medium wp-image-3911\" src=\"https:\/\/blog.ilgiornale.it\/bertirotti\/files\/2021\/06\/Mistero_00-300x233.jpg\" alt=\"\" width=\"300\" height=\"233\" srcset=\"https:\/\/blog.ilgiornale.it\/bertirotti\/files\/2021\/06\/Mistero_00-300x233.jpg 300w, https:\/\/blog.ilgiornale.it\/bertirotti\/files\/2021\/06\/Mistero_00-768x598.jpg 768w, https:\/\/blog.ilgiornale.it\/bertirotti\/files\/2021\/06\/Mistero_00.jpg 1024w\" sizes=\"(max-width: 300px) 100vw, 300px\" \/><\/a>\u00c8 tutta questione di\u2026 <strong>mistero<\/strong>.<\/span><\/p>\n<p style=\"text-align: justify;margin: 0cm 0cm 18.0pt 0cm\"><span style=\"font-size: 14.0pt;font-family: 'Futura Bk BT',sans-serif\">Potrebbe essere utile, per l&#8217;evoluzione della nostra specie, <span style=\"color: #ff00ff\"><i>essere ragionevolmente proiettati verso il mistero<\/i><\/span>.<\/span><\/p>\n<p style=\"text-align: justify;margin: 0cm 0cm 18.0pt 0cm\"><span style=\"font-size: 14.0pt;font-family: 'Futura Bk BT',sans-serif\">E mi spiego meglio nelle righe che seguono.<\/span><\/p>\n<p style=\"text-align: justify;margin: 0cm 0cm 18.0pt 0cm\"><span style=\"font-size: 14.0pt;font-family: 'Futura Bk BT',sans-serif\">L\u2019<i>ignoto<\/i>, in quanto tale, non suscita nessun interesse, nessun credo, proprio perch\u00e9 in esso ogni ragionevolezza si annulla, ogni possibilit\u00e0 umana ed intellettiva viene fagocitata dalla <strong>presenza<\/strong> di una <strong>assenza<\/strong>. L\u2019ignoto \u00e8 qualche cosa di vuoto, che non posso riempire con nulla, con nessun oggetto, pensiero e parola, altrimenti cesserebbe di essere tale. L\u2019ignoto ci ricorda sempre che \u00e8 inutile utilizzare una ragione verso ci\u00f2 che non \u00e8 ragionevole, perch\u00e9 l\u2019ignoto \u00e8 il non compreso.<\/span><\/p>\n<p style=\"text-align: justify;margin: 0cm 0cm 18.0pt 0cm\"><span style=\"font-size: 14.0pt;font-family: 'Futura Bk BT',sans-serif\">Eppure l\u2019errore sta proprio in questo: nel tentativo, anche spasmodico, che la scienza attuale sta compiendo per <strong><i>cum prendere<\/i><\/strong>, ossia per inserire tutte le cose del mondo e della realt\u00e0 dentro un contenitore in grado di tenerle tutte assieme secondo un ordine. E se qualche cosa del mondo non posso inserire in questo contenitore, anzich\u00e9 sostenere che possono essere elementi di un altro mondo, cio\u00e8 appartenenti al mistero, affermo che non posso comprenderli, oppure sono persino al di fuori dell\u2019ordine stesso.<\/span><\/p>\n<p style=\"text-align: justify;margin: 0cm 0cm 18.0pt 0cm\"><span style=\"font-size: 14.0pt;font-family: 'Futura Bk BT',sans-serif\">Ma la <span style=\"color: #ff00ff\"><i>conoscenza<\/i> <\/span>non \u00e8 la <span style=\"color: #ff00ff\"><i>sapienza<\/i><\/span>, perch\u00e9 lo scienziato non \u00e8 detto che sia anche sapiente.<a href=\"https:\/\/blog.ilgiornale.it\/bertirotti\/mistero_01\/\"><img loading=\"lazy\" class=\"alignright size-medium wp-image-3912\" src=\"https:\/\/blog.ilgiornale.it\/bertirotti\/files\/2021\/06\/Mistero_01-300x165.jpg\" alt=\"\" width=\"300\" height=\"165\" srcset=\"https:\/\/blog.ilgiornale.it\/bertirotti\/files\/2021\/06\/Mistero_01-300x165.jpg 300w, https:\/\/blog.ilgiornale.it\/bertirotti\/files\/2021\/06\/Mistero_01-768x422.jpg 768w, https:\/\/blog.ilgiornale.it\/bertirotti\/files\/2021\/06\/Mistero_01.jpg 800w\" sizes=\"(max-width: 300px) 100vw, 300px\" \/><\/a><\/span><\/p>\n<p style=\"text-align: justify;margin: 0cm 0cm 18.0pt 0cm\"><span style=\"font-size: 14.0pt;font-family: 'Futura Bk BT',sans-serif\">La prospettiva invece legata al mistero pone l\u2019uomo di fronte ad un\u2019azione scientifica ulteriore, cio\u00e8 un\u2019azione di conoscenza secondo la quale, avvicinandosi al mistero stesso, con molta <strong>probabilit\u00e0<\/strong> affioreranno altre frange di ulteriore mistero. Per\u00f2 la paura, quella su cui ogni forma di potere fonda i propri sedativi intellettuali per l\u2019umanit\u00e0 e che abita l\u2019ignoto, viene abbandonata.<\/span><\/p>\n<p style=\"text-align: justify;margin: 0cm 0cm 18.0pt 0cm\"><span style=\"font-size: 14.0pt;font-family: 'Futura Bk BT',sans-serif\">Tutto \u00e8 tremendamente e inesorabilmente legato e collegato. Senza limite il mistero <strong>sparisce<\/strong> e la scienza corre il rischio di diventare una certezza.<\/span><\/p>\n<p style=\"text-align: justify;margin: 0cm 0cm 18.0pt 0cm\"><span style=\"font-size: 14.0pt;font-family: 'Futura Bk BT',sans-serif\">Si perde, cos\u00ec, lentamente, la sostanziale relazione che lega ogni individuo ai propri amori, che non possiedono un perch\u00e9\u2026 ma esistono. Senza contare che, come ci ricorda <span style=\"color: #ff00ff\">Giuliana Mieli<\/span>, se fossimo davvero perfetti non avremmo mai sperimentato la necessit\u00e0 di innamorarci di un altro, oppure di un\u2019altra.<\/span><\/p>\n<p style=\"text-align: justify;margin: 0cm 0cm 18.0pt 0cm\"><span style=\"font-size: 14.0pt;font-family: 'Futura Bk BT',sans-serif\">Nella <strong>perfezione<\/strong> non si ha bisogno di amore.<\/span><\/p>\n<p style=\"text-align: justify;margin: 0cm 0cm 18.0pt 0cm\"><span style=\"font-size: 14.0pt;font-family: 'Futura Bk BT',sans-serif\">Ci sar\u00e0 un <strong>motivo<\/strong> in tutto <span style=\"color: #ff00ff\">questo<\/span>?<\/span><\/p>\n","protected":false},"excerpt":{"rendered":"<p><p>\u00c8 tutta questione di\u2026 mistero. Potrebbe essere utile, per l&#8217;evoluzione della nostra specie, essere ragionevolmente proiettati verso il mistero. E mi spiego meglio nelle righe che seguono. L\u2019ignoto, in quanto tale, non suscita nessun interesse, nessun credo, proprio perch\u00e9 in esso ogni ragionevolezza si annulla, ogni possibilit\u00e0 umana ed intellettiva viene fagocitata dalla presenza di una assenza. L\u2019ignoto \u00e8 qualche cosa di vuoto, che non posso riempire con nulla, con nessun oggetto, pensiero e parola, altrimenti cesserebbe di essere tale. L\u2019ignoto ci ricorda sempre che \u00e8 inutile utilizzare una ragione verso ci\u00f2 che non \u00e8 ragionevole, perch\u00e9 l\u2019ignoto \u00e8 il [&hellip;]<\/p>\n&nbsp;&nbsp;<div class=\"readmore\"><a href=\"https:\/\/blog.ilgiornale.it\/bertirotti\/2021\/06\/14\/ci-sara-un-motivo\/\">Continua a leggere...<\/a><\/div><\/p>","protected":false},"author":1039,"featured_media":3911,"comment_status":"open","ping_status":"closed","sticky":false,"template":"","format":"standard","meta":[],"categories":[58981],"tags":[53957,211585,413980,4694,405270,35278,302718,73664,16104,413984,387446,413981,35861,405349,344222,4535,413983,13630,405509,405187,54009,405324,53991,413982],"_links":{"self":[{"href":"https:\/\/blog.ilgiornale.it\/bertirotti\/wp-json\/wp\/v2\/posts\/3913"}],"collection":[{"href":"https:\/\/blog.ilgiornale.it\/bertirotti\/wp-json\/wp\/v2\/posts"}],"about":[{"href":"https:\/\/blog.ilgiornale.it\/bertirotti\/wp-json\/wp\/v2\/types\/post"}],"author":[{"embeddable":true,"href":"https:\/\/blog.ilgiornale.it\/bertirotti\/wp-json\/wp\/v2\/users\/1039"}],"replies":[{"embeddable":true,"href":"https:\/\/blog.ilgiornale.it\/bertirotti\/wp-json\/wp\/v2\/comments?post=3913"}],"version-history":[{"count":3,"href":"https:\/\/blog.ilgiornale.it\/bertirotti\/wp-json\/wp\/v2\/posts\/3913\/revisions"}],"predecessor-version":[{"id":3916,"href":"https:\/\/blog.ilgiornale.it\/bertirotti\/wp-json\/wp\/v2\/posts\/3913\/revisions\/3916"}],"wp:featuredmedia":[{"embeddable":true,"href":"https:\/\/blog.ilgiornale.it\/bertirotti\/wp-json\/wp\/v2\/media\/3911"}],"wp:attachment":[{"href":"https:\/\/blog.ilgiornale.it\/bertirotti\/wp-json\/wp\/v2\/media?parent=3913"}],"wp:term":[{"taxonomy":"category","embeddable":true,"href":"https:\/\/blog.ilgiornale.it\/bertirotti\/wp-json\/wp\/v2\/categories?post=3913"},{"taxonomy":"post_tag","embeddable":true,"href":"https:\/\/blog.ilgiornale.it\/bertirotti\/wp-json\/wp\/v2\/tags?post=3913"}],"curies":[{"name":"wp","href":"https:\/\/api.w.org\/{rel}","templated":true}]}}