{"id":3987,"date":"2021-07-29T09:25:43","date_gmt":"2021-07-29T07:25:43","guid":{"rendered":"https:\/\/blog.ilgiornale.it\/bertirotti\/?p=3987"},"modified":"2021-07-29T09:25:43","modified_gmt":"2021-07-29T07:25:43","slug":"i-vostri-figli","status":"publish","type":"post","link":"https:\/\/blog.ilgiornale.it\/bertirotti\/2021\/07\/29\/i-vostri-figli\/","title":{"rendered":"I vostri figli"},"content":{"rendered":"<p style=\"text-align: justify;margin: 0cm 0cm 18.0pt 0cm\"><span style=\"font-size: 14.0pt;font-family: 'Futura Bk BT',sans-serif\"><a href=\"https:\/\/blog.ilgiornale.it\/bertirotti\/figli_00\/\"><img loading=\"lazy\" class=\"alignleft size-medium wp-image-3985\" src=\"https:\/\/blog.ilgiornale.it\/bertirotti\/files\/2021\/07\/Figli_00-300x164.jpg\" alt=\"\" width=\"300\" height=\"164\" srcset=\"https:\/\/blog.ilgiornale.it\/bertirotti\/files\/2021\/07\/Figli_00-300x164.jpg 300w, https:\/\/blog.ilgiornale.it\/bertirotti\/files\/2021\/07\/Figli_00-1024x559.jpg 1024w, https:\/\/blog.ilgiornale.it\/bertirotti\/files\/2021\/07\/Figli_00-768x419.jpg 768w, https:\/\/blog.ilgiornale.it\/bertirotti\/files\/2021\/07\/Figli_00.jpg 1100w\" sizes=\"(max-width: 300px) 100vw, 300px\" \/><\/a>\u00c8 tutta questione di\u2026 <strong>scelte<\/strong>.<\/span><\/p>\n<p style=\"text-align: justify;margin: 0cm 0cm 18.0pt 0cm\"><span style=\"font-size: 14.0pt;font-family: 'Futura Bk BT',sans-serif\">Durante le mie lezioni universitarie mi capita spesso di incontrare studenti particolarmente motivati, attenti e <strong>desiderosi<\/strong> di trovare nello studio la soluzione a molti dei loro problemi.<\/span><\/p>\n<p style=\"text-align: justify;margin: 0cm 0cm 18.0pt 0cm\"><span style=\"font-size: 14.0pt;font-family: 'Futura Bk BT',sans-serif\">Sulla base della mia personale esperienza non sono molto d\u2019accordo, con coloro che attribuiscono ai <strong>giovani<\/strong> una mancanza di interessi. Almeno riferendomi ai nostri attuali giovani, quelli che vivono questo Occidente globalizzato, non penso siano apatici e che abbiano dentro di s\u00e9 un vuoto incolmabile.<\/span><\/p>\n<p style=\"text-align: justify;margin: 0cm 0cm 18.0pt 0cm\"><span style=\"font-size: 14.0pt;font-family: 'Futura Bk BT',sans-serif\">Li trovo pi\u00f9 spesso figli <strong>abbandonati<\/strong>, <strong>soli<\/strong> e a volte <strong>tristi<\/strong>.<\/span><\/p>\n<p style=\"text-align: justify;margin: 0cm 0cm 18.0pt 0cm\"><span style=\"font-size: 14.0pt;font-family: 'Futura Bk BT',sans-serif\">Di certo intelligenti, proprio come lo sono state le generazioni che ci hanno preceduto e come probabilmente lo saranno le future. Li trovo forse nella condizione di chiedere un dialogo agli <strong>adulti<\/strong>, mentre spesso sono proprio quest\u2019ultimi ad essere poco disponibili.<\/span><\/p>\n<p style=\"text-align: justify;margin: 0cm 0cm 18.0pt 0cm\"><span style=\"font-size: 14.0pt;font-family: 'Futura Bk BT',sans-serif\">Tanti i motivi, anche se, dal mio punto di vista, ve n\u2019\u00e8 uno principe del quale siamo servitori distratti: <b><i>il consumo sfrenato di tutto<\/i><\/b>.<\/span><\/p>\n<p style=\"text-align: justify;margin: 0cm 0cm 18.0pt 0cm\"><span style=\"font-size: 14.0pt;font-family: 'Futura Bk BT',sans-serif\">Un cancro in metastasi della nostra societ\u00e0 occidentale, che ha oramai <strong>contaminato<\/strong> anche l\u2019Oriente.<\/span><\/p>\n<p style=\"text-align: justify;margin: 0cm 0cm 18.0pt 0cm\"><span style=\"font-size: 14.0pt;font-family: 'Futura Bk BT',sans-serif\">L\u2019Italia \u00e8 un <strong>Paese<\/strong> troppo lungo per essere tutto uguale.<\/span><\/p>\n<p style=\"text-align: justify;margin: 0cm 0cm 18.0pt 0cm\"><span style=\"font-size: 14.0pt;font-family: 'Futura Bk BT',sans-serif\">Soddisfare le domande educative, relazionali ed affettive delle diverse realt\u00e0 culturali richiederebbe competenze territoriali che gli operatori, forse loro malgrado, non <strong>possiedono<\/strong>. Ecco perch\u00e9 la scuola si presenta oggi come una risorsa nella quale investire, senza per\u00f2 lasciarla sola.<\/span><\/p>\n<p style=\"text-align: justify;margin: 0cm 0cm 18.0pt 0cm\"><span style=\"font-size: 14.0pt;font-family: 'Futura Bk BT',sans-serif\">Non penso che sia la scuola a dover sostenere la famiglia, come si credeva qualche decennio fa, ma penso che sia davvero il contrario: una buona <strong>scuola<\/strong> funziona quando ha attorno a s\u00e9 la presenza di famiglie che in qualche modo svolgono il loro compito antropologicamente determinato.<a href=\"https:\/\/blog.ilgiornale.it\/bertirotti\/figli_01\/\"><img loading=\"lazy\" class=\"alignright size-medium wp-image-3986\" src=\"https:\/\/blog.ilgiornale.it\/bertirotti\/files\/2021\/07\/Figli_01-300x166.jpg\" alt=\"\" width=\"300\" height=\"166\" srcset=\"https:\/\/blog.ilgiornale.it\/bertirotti\/files\/2021\/07\/Figli_01-300x166.jpg 300w, https:\/\/blog.ilgiornale.it\/bertirotti\/files\/2021\/07\/Figli_01.jpg 640w\" sizes=\"(max-width: 300px) 100vw, 300px\" \/><\/a><\/span><\/p>\n<p style=\"text-align: justify;margin: 0cm 0cm 18.0pt 0cm\"><span style=\"font-size: 14.0pt;font-family: 'Futura Bk BT',sans-serif\">Ma qual \u00e8 questo <strong>compito<\/strong>?<\/span><\/p>\n<p style=\"text-align: justify;margin: 0cm 0cm 18.0pt 0cm\"><span style=\"font-size: 14.0pt;font-family: 'Futura Bk BT',sans-serif\">Educare sostanzialmente alla <b><i>resipiscenza<\/i><\/b>.<\/span><\/p>\n<p style=\"text-align: justify;margin: 0cm 0cm 18.0pt 0cm\"><span style=\"font-size: 14.0pt;font-family: 'Futura Bk BT',sans-serif\">E la resipiscenza \u00e8 la normalit\u00e0 del dolore che diventa occasione di un miglioramento critico e meditato, ossia una possibilit\u00e0 di esistenza diversa, sebbene segnata dal <b><i>nonsenso<\/i><\/b> della sofferenza.<\/span><\/p>\n<p style=\"text-align: justify;margin: 0cm 0cm 18.0pt 0cm\"><span style=\"font-size: 14.0pt;font-family: 'Futura Bk BT',sans-serif\">Bene, penso che siano necessarie alcune riflessioni, <span style=\"color: #ff00ff\">generali<\/span>, in merito a questi concetti.<\/span><\/p>\n","protected":false},"excerpt":{"rendered":"<p><p>\u00c8 tutta questione di\u2026 scelte. Durante le mie lezioni universitarie mi capita spesso di incontrare studenti particolarmente motivati, attenti e desiderosi di trovare nello studio la soluzione a molti dei loro problemi. Sulla base della mia personale esperienza non sono molto d\u2019accordo, con coloro che attribuiscono ai giovani una mancanza di interessi. Almeno riferendomi ai nostri attuali giovani, quelli che vivono questo Occidente globalizzato, non penso siano apatici e che abbiano dentro di s\u00e9 un vuoto incolmabile. Li trovo pi\u00f9 spesso figli abbandonati, soli e a volte tristi. Di certo intelligenti, proprio come lo sono state le generazioni che ci [&hellip;]<\/p>\n&nbsp;&nbsp;<div class=\"readmore\"><a href=\"https:\/\/blog.ilgiornale.it\/bertirotti\/2021\/07\/29\/i-vostri-figli\/\">Continua a leggere...<\/a><\/div><\/p>","protected":false},"author":1039,"featured_media":3985,"comment_status":"open","ping_status":"closed","sticky":false,"template":"","format":"standard","meta":[],"categories":[54109],"tags":[54071,53957,87,41813,405262,238,27421,364442,8132,42096,26,399593,20879,34523,35316,413807,11968,336157],"_links":{"self":[{"href":"https:\/\/blog.ilgiornale.it\/bertirotti\/wp-json\/wp\/v2\/posts\/3987"}],"collection":[{"href":"https:\/\/blog.ilgiornale.it\/bertirotti\/wp-json\/wp\/v2\/posts"}],"about":[{"href":"https:\/\/blog.ilgiornale.it\/bertirotti\/wp-json\/wp\/v2\/types\/post"}],"author":[{"embeddable":true,"href":"https:\/\/blog.ilgiornale.it\/bertirotti\/wp-json\/wp\/v2\/users\/1039"}],"replies":[{"embeddable":true,"href":"https:\/\/blog.ilgiornale.it\/bertirotti\/wp-json\/wp\/v2\/comments?post=3987"}],"version-history":[{"count":1,"href":"https:\/\/blog.ilgiornale.it\/bertirotti\/wp-json\/wp\/v2\/posts\/3987\/revisions"}],"predecessor-version":[{"id":3988,"href":"https:\/\/blog.ilgiornale.it\/bertirotti\/wp-json\/wp\/v2\/posts\/3987\/revisions\/3988"}],"wp:featuredmedia":[{"embeddable":true,"href":"https:\/\/blog.ilgiornale.it\/bertirotti\/wp-json\/wp\/v2\/media\/3985"}],"wp:attachment":[{"href":"https:\/\/blog.ilgiornale.it\/bertirotti\/wp-json\/wp\/v2\/media?parent=3987"}],"wp:term":[{"taxonomy":"category","embeddable":true,"href":"https:\/\/blog.ilgiornale.it\/bertirotti\/wp-json\/wp\/v2\/categories?post=3987"},{"taxonomy":"post_tag","embeddable":true,"href":"https:\/\/blog.ilgiornale.it\/bertirotti\/wp-json\/wp\/v2\/tags?post=3987"}],"curies":[{"name":"wp","href":"https:\/\/api.w.org\/{rel}","templated":true}]}}