{"id":4109,"date":"2021-11-15T16:51:38","date_gmt":"2021-11-15T14:51:38","guid":{"rendered":"https:\/\/blog.ilgiornale.it\/bertirotti\/?p=4109"},"modified":"2021-11-15T16:51:38","modified_gmt":"2021-11-15T14:51:38","slug":"la-riflessione","status":"publish","type":"post","link":"https:\/\/blog.ilgiornale.it\/bertirotti\/2021\/11\/15\/la-riflessione\/","title":{"rendered":"La riflessione"},"content":{"rendered":"<p style=\"text-align: justify;margin: 0cm 0cm 18.0pt 0cm\"><span style=\"font-size: 14.0pt;font-family: 'Futura Bk BT',sans-serif\"><a href=\"https:\/\/blog.ilgiornale.it\/bertirotti\/la_riflessione_00\/\"><img loading=\"lazy\" class=\"alignleft size-medium wp-image-4107\" src=\"https:\/\/blog.ilgiornale.it\/bertirotti\/files\/2021\/11\/La_riflessione_00-300x156.jpg\" alt=\"\" width=\"300\" height=\"156\" srcset=\"https:\/\/blog.ilgiornale.it\/bertirotti\/files\/2021\/11\/La_riflessione_00-300x156.jpg 300w, https:\/\/blog.ilgiornale.it\/bertirotti\/files\/2021\/11\/La_riflessione_00.jpg 490w\" sizes=\"(max-width: 300px) 100vw, 300px\" \/><\/a>\u00c8 tutta questione di\u2026 <strong>miseria<\/strong>.<\/span><\/p>\n<p style=\"text-align: justify;margin: 0cm 0cm 18.0pt 0cm\"><span style=\"font-size: 14.0pt;font-family: 'Futura Bk BT',sans-serif\">Il termine <strong><i>riflessione<\/i> <\/strong>esprime un concetto che acquista significati differenti in base al contesto di riferimento in cui \u00e8 inserito.<\/span><\/p>\n<p style=\"text-align: justify;margin: 0cm 0cm 18.0pt 0cm\"><span style=\"font-size: 14.0pt;font-family: 'Futura Bk BT',sans-serif\">Ma ci\u00f2 che \u00e8 importante in questa sede osservare \u00e8 che questo termine pone in evidenza, e sempre, un rapporto plurimo fra le cose: a) la <i>riflessione<\/i>, in geometria, \u00e8 parte delle isometrie, che sono tutte quelle trasformazioni, movimenti e spostamenti, che mantengono inalterate le caratteristiche misurabili delle figure <strong>geometriche<\/strong> euclidee; b) in informatica, la riflessione \u00e8 la capacit\u00e0 di un programma di eseguire elaborazioni su se stesso, andando a modificare la struttura interna del programma stesso; c) in fisica, la riflessione \u00e8 la capacit\u00e0 di un\u2019onda elettromagnetica di cambiare direzione quando incontra nel proprio tragitto un materiale riflettente; d) in filosofia, con particolare riferimento ad <strong>Aristotele<\/strong>, la riflessione \u00e8 la capacit\u00e0 dell\u2019intelletto di conoscere ed essere consapevole di questa conoscenza; e) in computer grafica, la <i>riflessione<\/i> \u00e8 un effetto grafico-visivo che emula la riflessione fisica degli oggetti, per cui un oggetto tridimensionale \u00e8 percepito con i riflessi che lo contraddistinguono, quando esposto a una sorgente luminosa.<\/span><\/p>\n<p style=\"text-align: justify;margin: 0cm 0cm 18.0pt 0cm\"><span style=\"font-size: 14.0pt;font-family: 'Futura Bk BT',sans-serif\">\u00c8 chiaro, dunque, che la riflessione \u00e8 parte fondante e integrante il nostro modo di stare nel mondo, e che grazie ad essa tutte le cose sono in relazione fra loro. Una <strong>relazione<\/strong> della quale non sempre siamo consapevoli e che eppure esiste, e determina la visione d\u2019insieme che noi ci facciamo delle cose, della realt\u00e0 e degli altri.<\/span><\/p>\n<p style=\"text-align: justify;margin: 0cm 0cm 18.0pt 0cm\"><span style=\"font-size: 14.0pt;font-family: 'Futura Bk BT',sans-serif\">Se prendessimo coscienza di questa relazione indissolubile fra la nostra individualit\u00e0 e le cose del mondo, quasi certamente i nostri comportamenti legati all\u2019idea di autonomia e originalit\u00e0 subirebbero un severo ridimensionamento.<\/span><\/p>\n<p style=\"text-align: justify;margin: 0cm 0cm 18.0pt 0cm\"><span style=\"font-size: 14.0pt;font-family: 'Futura Bk BT',sans-serif\">Per esempio, <strong>ognuno<\/strong> di noi crede di essere il sole per se stesso e per la vita altrui.<a href=\"https:\/\/blog.ilgiornale.it\/bertirotti\/la_riflessione_01\/\"><img loading=\"lazy\" class=\"alignright size-medium wp-image-4108\" src=\"https:\/\/blog.ilgiornale.it\/bertirotti\/files\/2021\/11\/La_riflessione_01-300x300.jpg\" alt=\"\" width=\"300\" height=\"300\" srcset=\"https:\/\/blog.ilgiornale.it\/bertirotti\/files\/2021\/11\/La_riflessione_01-300x300.jpg 300w, https:\/\/blog.ilgiornale.it\/bertirotti\/files\/2021\/11\/La_riflessione_01-150x150.jpg 150w, https:\/\/blog.ilgiornale.it\/bertirotti\/files\/2021\/11\/La_riflessione_01-768x768.jpg 768w, https:\/\/blog.ilgiornale.it\/bertirotti\/files\/2021\/11\/La_riflessione_01.jpg 800w\" sizes=\"(max-width: 300px) 100vw, 300px\" \/><\/a><\/span><\/p>\n<p style=\"text-align: justify;margin: 0cm 0cm 18.0pt 0cm\"><span style=\"font-size: 14.0pt;font-family: 'Futura Bk BT',sans-serif\">Siamo educati, anche dalla scuola, a credere che il mondo sia come un sistema solare con il sole, noi, il nostro <strong>ego<\/strong>, al centro e in grado di illuminare e riscaldare tutte le cose che entrano in contatto con noi.<\/span><\/p>\n<p style=\"text-align: justify;margin: 0cm 0cm 18.0pt 0cm\"><span style=\"font-size: 14.0pt;font-family: 'Futura Bk BT',sans-serif\">E quando qualche pianeta che ci gira attorno (per esempio, i <span style=\"color: #ff00ff\">nostri amici<\/span>\u2026) nel suo moto di rotazione ci gira le spalle, affinch\u00e9 siano quelle a dover essere illuminate e riscaldate, crediamo di essere traditi, mentre si tratta <strong>semplicemente<\/strong> di un moto naturale del pianeta, nell\u2019ambito del suo sistema. E il nostro dovere, visto che ci sentiamo dei soli, dovrebbe rimanere quello di continuare a fare il sole: illuminare, riscaldare, etc.<\/span><\/p>\n<p style=\"text-align: justify;margin: 0cm 0cm 18.0pt 0cm\"><span style=\"font-size: 14.0pt;font-family: 'Futura Bk BT',sans-serif\">Anche se pu\u00f2 sembrare esagerato affermare che ognuno di noi crede di essere il sole del proprio sistema solare, di fatto accade proprio cos\u00ec nella mente di ognuno di noi, perch\u00e9 \u00e8 questo che <strong>emerge<\/strong> come tratto distintivo della nostra specie durante la sua evoluzione in questo mondo.<\/span><\/p>\n<p style=\"text-align: justify;margin: 0cm 0cm 18.0pt 0cm\"><span style=\"font-size: 14.0pt;font-family: 'Futura Bk BT',sans-serif\">Ecco, penso che proprio in quest&#8217;ottica dovremmo interpretare gli ultimi incontri internazionali che i cosiddetti <span style=\"color: #ff00ff\"><i>soli della terra<\/i><\/span> hanno condotto.<\/span><\/p>\n","protected":false},"excerpt":{"rendered":"<p><p>\u00c8 tutta questione di\u2026 miseria. Il termine riflessione esprime un concetto che acquista significati differenti in base al contesto di riferimento in cui \u00e8 inserito. Ma ci\u00f2 che \u00e8 importante in questa sede osservare \u00e8 che questo termine pone in evidenza, e sempre, un rapporto plurimo fra le cose: a) la riflessione, in geometria, \u00e8 parte delle isometrie, che sono tutte quelle trasformazioni, movimenti e spostamenti, che mantengono inalterate le caratteristiche misurabili delle figure geometriche euclidee; b) in informatica, la riflessione \u00e8 la capacit\u00e0 di un programma di eseguire elaborazioni su se stesso, andando a modificare la struttura interna del [&hellip;]<\/p>\n&nbsp;&nbsp;<div class=\"readmore\"><a href=\"https:\/\/blog.ilgiornale.it\/bertirotti\/2021\/11\/15\/la-riflessione\/\">Continua a leggere...<\/a><\/div><\/p>","protected":false},"author":1039,"featured_media":4107,"comment_status":"open","ping_status":"closed","sticky":false,"template":"","format":"standard","meta":[],"categories":[137000],"tags":[344164,1658,53957,38942,420304,420302,413773,399605,389310,405286,245111,420306,17018,7491,59235,302718,16929,405289,3775,420301,80464,37956,405285,38022,420305,11968,186607,420300,420303],"_links":{"self":[{"href":"https:\/\/blog.ilgiornale.it\/bertirotti\/wp-json\/wp\/v2\/posts\/4109"}],"collection":[{"href":"https:\/\/blog.ilgiornale.it\/bertirotti\/wp-json\/wp\/v2\/posts"}],"about":[{"href":"https:\/\/blog.ilgiornale.it\/bertirotti\/wp-json\/wp\/v2\/types\/post"}],"author":[{"embeddable":true,"href":"https:\/\/blog.ilgiornale.it\/bertirotti\/wp-json\/wp\/v2\/users\/1039"}],"replies":[{"embeddable":true,"href":"https:\/\/blog.ilgiornale.it\/bertirotti\/wp-json\/wp\/v2\/comments?post=4109"}],"version-history":[{"count":2,"href":"https:\/\/blog.ilgiornale.it\/bertirotti\/wp-json\/wp\/v2\/posts\/4109\/revisions"}],"predecessor-version":[{"id":4111,"href":"https:\/\/blog.ilgiornale.it\/bertirotti\/wp-json\/wp\/v2\/posts\/4109\/revisions\/4111"}],"wp:featuredmedia":[{"embeddable":true,"href":"https:\/\/blog.ilgiornale.it\/bertirotti\/wp-json\/wp\/v2\/media\/4107"}],"wp:attachment":[{"href":"https:\/\/blog.ilgiornale.it\/bertirotti\/wp-json\/wp\/v2\/media?parent=4109"}],"wp:term":[{"taxonomy":"category","embeddable":true,"href":"https:\/\/blog.ilgiornale.it\/bertirotti\/wp-json\/wp\/v2\/categories?post=4109"},{"taxonomy":"post_tag","embeddable":true,"href":"https:\/\/blog.ilgiornale.it\/bertirotti\/wp-json\/wp\/v2\/tags?post=4109"}],"curies":[{"name":"wp","href":"https:\/\/api.w.org\/{rel}","templated":true}]}}