{"id":4131,"date":"2021-12-07T07:22:24","date_gmt":"2021-12-07T05:22:24","guid":{"rendered":"https:\/\/blog.ilgiornale.it\/bertirotti\/?p=4131"},"modified":"2021-12-07T07:22:24","modified_gmt":"2021-12-07T05:22:24","slug":"quali-domande","status":"publish","type":"post","link":"https:\/\/blog.ilgiornale.it\/bertirotti\/2021\/12\/07\/quali-domande\/","title":{"rendered":"Quali domande?"},"content":{"rendered":"<p style=\"text-align: justify;margin: 0cm 0cm 18.0pt 0cm\"><span style=\"font-size: 14.0pt;font-family: 'Futura Bk BT',sans-serif\"><a href=\"https:\/\/blog.ilgiornale.it\/bertirotti\/domandare_00\/\"><img loading=\"lazy\" class=\"alignleft size-medium wp-image-4133\" src=\"https:\/\/blog.ilgiornale.it\/bertirotti\/files\/2021\/12\/Domandare_00-300x183.jpg\" alt=\"\" width=\"300\" height=\"183\" srcset=\"https:\/\/blog.ilgiornale.it\/bertirotti\/files\/2021\/12\/Domandare_00-300x183.jpg 300w, https:\/\/blog.ilgiornale.it\/bertirotti\/files\/2021\/12\/Domandare_00-1024x625.jpg 1024w, https:\/\/blog.ilgiornale.it\/bertirotti\/files\/2021\/12\/Domandare_00-768x468.jpg 768w, https:\/\/blog.ilgiornale.it\/bertirotti\/files\/2021\/12\/Domandare_00.jpg 1300w\" sizes=\"(max-width: 300px) 100vw, 300px\" \/><\/a>\u00c8 tutta questione di\u2026 <strong>progettualit\u00e0<\/strong>.<\/span><\/p>\n<p style=\"text-align: justify;margin: 0cm 0cm 18.0pt 0cm\"><span style=\"font-size: 14.0pt;font-family: 'Futura Bk BT',sans-serif\">Come si forma nella nostra mente l\u2019idea di un\u2019identit\u00e0 duale, ossia la <strong>consapevolezza<\/strong> che la nostra vita sia sostanzialmente dipendente da un rapporto a due?<\/span><\/p>\n<p style=\"text-align: justify;margin: 0cm 0cm 18.0pt 0cm\"><span style=\"font-size: 14.0pt;font-family: 'Futura Bk BT',sans-serif\">Lo abbiamo ampiamente visto all\u2019interno della teoria dell\u2019attaccamento, e possiamo sintetizzare ulteriormente affermando che la <strong>dimensione<\/strong> duale della propria identit\u00e0 si attua con la richiesta del bambino di partecipare attivamente alla vita familiare.<\/span><\/p>\n<p style=\"text-align: justify;margin: 0cm 0cm 18.0pt 0cm\"><span style=\"font-size: 14.0pt;font-family: 'Futura Bk BT',sans-serif\">Il bambino desidera elaborare assieme agli adulti di riferimento, tanto in casa quanto a scuola, le risposte alle <strong>domande<\/strong> che egli stesso pone. Egli desidera lavorare sull\u2019esigenza di ricevere le risposte che la sua mente, ancora in evoluzione, non riesce a trovare da sola.<\/span><\/p>\n<p style=\"text-align: justify;margin: 0cm 0cm 18.0pt 0cm\"><span style=\"font-size: 14.0pt;font-family: 'Futura Bk BT',sans-serif\">Quando un bambino chiede a cosa serve un cacciavite con il quale il pap\u00e0 sta lavorando, e il pap\u00e0 risponde facendogli avvitare la vite che ripristina la mensola, siamo in presenza di una risposta attiva e compartecipata alla domanda iniziale. Siamo in presenza di quel fare con il quale il bambino sta <strong>imparando<\/strong> che nella sua vita futura le cose possono essere cambiate, persino aggiustate, se sapr\u00e0 intervenire facendo delle cose, realizzando azioni concrete, per modificare la realt\u00e0.<\/span><\/p>\n<p style=\"text-align: justify;margin: 0cm 0cm 18.0pt 0cm\"><span style=\"font-size: 14.0pt;font-family: 'Futura Bk BT',sans-serif\">Se questo \u00e8 vero, dobbiamo chiederci se esistono domande alle quali rispondere da soli. Perch\u00e9, qualora esistesse questa <strong>eventualit\u00e0<\/strong> fortunata, saremmo autonomi nel senso letterale del termine.<a href=\"https:\/\/blog.ilgiornale.it\/bertirotti\/domandare_01\/\"><img loading=\"lazy\" class=\"alignright size-medium wp-image-4132\" src=\"https:\/\/blog.ilgiornale.it\/bertirotti\/files\/2021\/12\/Domandare_01-300x300.jpg\" alt=\"\" width=\"300\" height=\"300\" srcset=\"https:\/\/blog.ilgiornale.it\/bertirotti\/files\/2021\/12\/Domandare_01-300x300.jpg 300w, https:\/\/blog.ilgiornale.it\/bertirotti\/files\/2021\/12\/Domandare_01-150x150.jpg 150w, https:\/\/blog.ilgiornale.it\/bertirotti\/files\/2021\/12\/Domandare_01-768x768.jpg 768w, https:\/\/blog.ilgiornale.it\/bertirotti\/files\/2021\/12\/Domandare_01.jpg 900w\" sizes=\"(max-width: 300px) 100vw, 300px\" \/><\/a><\/span><\/p>\n<p style=\"text-align: justify;margin: 0cm 0cm 18.0pt 0cm\"><span style=\"font-size: 14.0pt;font-family: 'Futura Bk BT',sans-serif\">Inoltre, sarebbe altrettanto importante chiederci se, nella nostra vita e durante la nostra crescita, possa esistere un <strong>momento<\/strong> in cui non abbiamo pi\u00f9 domande da porre.<\/span><\/p>\n<p style=\"text-align: justify;margin: 0cm 0cm 18.0pt 0cm\"><span style=\"font-size: 14.0pt;font-family: 'Futura Bk BT',sans-serif\">Ecco perch\u00e9 penso sia assai utile, per tutti noi, chiederci se, nel nostro domandare qualsiasi cosa ad altri, non si desideri in realt\u00e0 trovare nell\u2019<strong>interlocutore<\/strong>, molto simile a me, le risposte che io stesso non sono in grado di darmi. Nel mio domandare e nel mio ricevere risposte, sono davvero cos\u00ec diverso rispetto agli altri individui, specialmente nei confronti di coloro che non conosco direttamente?<\/span><\/p>\n<p style=\"text-align: justify;margin: 0cm 0cm 18.0pt 0cm\"><span style=\"font-size: 14.0pt;font-family: 'Futura Bk BT',sans-serif\">Non lo so, ossia sono propenso a <span style=\"color: #ff00ff\">non crederlo<\/span>.<\/span><\/p>\n<p style=\"text-align: justify;margin: 0cm 0cm 18.0pt 0cm\"><span style=\"font-size: 14.0pt;font-family: 'Futura Bk BT',sans-serif\">Forse, siamo qui, tutti e in questo blog, per porre apertamente le nostre domande, presuntuosamente convinti (in nome di questa nostra egoistica identit\u00e0) che siano anche quelle che si <strong>pongono<\/strong> coloro che ci leggono.<\/span><\/p>\n<p style=\"text-align: justify;margin: 0cm 0cm 18.0pt 0cm\"><span style=\"font-size: 14.0pt;font-family: 'Futura Bk BT',sans-serif\">E in fondo, non sono domande singolari, troppo specifiche oppure uniche, perch\u00e9 tutti noi apparteniamo allo stesso genere e siamo s\u00ec <strong>inseriti<\/strong> in microcosmi diversi, ma facciamo tutti parte di un unico grande macrocosmo, <span style=\"color: #ff00ff\">con differenze individuali trascurabili rispetto alle domande stesse<\/span>.<\/span><\/p>\n","protected":false},"excerpt":{"rendered":"<p><p>\u00c8 tutta questione di\u2026 progettualit\u00e0. Come si forma nella nostra mente l\u2019idea di un\u2019identit\u00e0 duale, ossia la consapevolezza che la nostra vita sia sostanzialmente dipendente da un rapporto a due? Lo abbiamo ampiamente visto all\u2019interno della teoria dell\u2019attaccamento, e possiamo sintetizzare ulteriormente affermando che la dimensione duale della propria identit\u00e0 si attua con la richiesta del bambino di partecipare attivamente alla vita familiare. Il bambino desidera elaborare assieme agli adulti di riferimento, tanto in casa quanto a scuola, le risposte alle domande che egli stesso pone. Egli desidera lavorare sull\u2019esigenza di ricevere le risposte che la sua mente, ancora in [&hellip;]<\/p>\n&nbsp;&nbsp;<div class=\"readmore\"><a href=\"https:\/\/blog.ilgiornale.it\/bertirotti\/2021\/12\/07\/quali-domande\/\">Continua a leggere...<\/a><\/div><\/p>","protected":false},"author":1039,"featured_media":4133,"comment_status":"open","ping_status":"closed","sticky":false,"template":"","format":"standard","meta":[],"categories":[63110],"tags":[420324,53957,409567,18922,409706,54100,735,87,191871,387631,405344,238,31171,25439,63198,336082,399573,47034,387380,420325,409695,420211,11968,387379,48,336184,8991],"_links":{"self":[{"href":"https:\/\/blog.ilgiornale.it\/bertirotti\/wp-json\/wp\/v2\/posts\/4131"}],"collection":[{"href":"https:\/\/blog.ilgiornale.it\/bertirotti\/wp-json\/wp\/v2\/posts"}],"about":[{"href":"https:\/\/blog.ilgiornale.it\/bertirotti\/wp-json\/wp\/v2\/types\/post"}],"author":[{"embeddable":true,"href":"https:\/\/blog.ilgiornale.it\/bertirotti\/wp-json\/wp\/v2\/users\/1039"}],"replies":[{"embeddable":true,"href":"https:\/\/blog.ilgiornale.it\/bertirotti\/wp-json\/wp\/v2\/comments?post=4131"}],"version-history":[{"count":1,"href":"https:\/\/blog.ilgiornale.it\/bertirotti\/wp-json\/wp\/v2\/posts\/4131\/revisions"}],"predecessor-version":[{"id":4134,"href":"https:\/\/blog.ilgiornale.it\/bertirotti\/wp-json\/wp\/v2\/posts\/4131\/revisions\/4134"}],"wp:featuredmedia":[{"embeddable":true,"href":"https:\/\/blog.ilgiornale.it\/bertirotti\/wp-json\/wp\/v2\/media\/4133"}],"wp:attachment":[{"href":"https:\/\/blog.ilgiornale.it\/bertirotti\/wp-json\/wp\/v2\/media?parent=4131"}],"wp:term":[{"taxonomy":"category","embeddable":true,"href":"https:\/\/blog.ilgiornale.it\/bertirotti\/wp-json\/wp\/v2\/categories?post=4131"},{"taxonomy":"post_tag","embeddable":true,"href":"https:\/\/blog.ilgiornale.it\/bertirotti\/wp-json\/wp\/v2\/tags?post=4131"}],"curies":[{"name":"wp","href":"https:\/\/api.w.org\/{rel}","templated":true}]}}