{"id":4142,"date":"2021-12-16T08:48:14","date_gmt":"2021-12-16T06:48:14","guid":{"rendered":"https:\/\/blog.ilgiornale.it\/bertirotti\/?p=4142"},"modified":"2021-12-16T08:48:14","modified_gmt":"2021-12-16T06:48:14","slug":"obesi-mentali","status":"publish","type":"post","link":"https:\/\/blog.ilgiornale.it\/bertirotti\/2021\/12\/16\/obesi-mentali\/","title":{"rendered":"Obesi mentali"},"content":{"rendered":"<p style=\"text-align: justify;margin: 0cm 0cm 18.0pt 0cm\"><span style=\"font-size: 14.0pt;font-family: 'Futura Bk BT',sans-serif\"><a href=\"https:\/\/blog.ilgiornale.it\/bertirotti\/obesi_mentali_01\/\"><img loading=\"lazy\" class=\"alignleft size-medium wp-image-4141\" src=\"https:\/\/blog.ilgiornale.it\/bertirotti\/files\/2021\/12\/Obesi_mentali_01-300x161.jpg\" alt=\"\" width=\"300\" height=\"161\" srcset=\"https:\/\/blog.ilgiornale.it\/bertirotti\/files\/2021\/12\/Obesi_mentali_01-300x161.jpg 300w, https:\/\/blog.ilgiornale.it\/bertirotti\/files\/2021\/12\/Obesi_mentali_01.jpg 680w\" sizes=\"(max-width: 300px) 100vw, 300px\" \/><\/a>\u00c8 tutta questione di\u2026 <strong>stupidit\u00e0<\/strong>.<\/span><\/p>\n<p style=\"text-align: justify;margin: 0cm 0cm 18.0pt 0cm\"><span style=\"font-size: 14.0pt;font-family: 'Futura Bk BT',sans-serif\">Un sintomo importante che possiamo riscontrare del funzionamento sano della nostra mente \u00e8 la capacit\u00e0 e <strong>volont\u00e0<\/strong> di svilupparsi in altezza, tralasciando lo sviluppo in larghezza.<\/span><\/p>\n<p style=\"text-align: justify;margin: 0cm 0cm 18.0pt 0cm\"><span style=\"font-size: 14.0pt;font-family: 'Futura Bk BT',sans-serif\">La maturit\u00e0, una conquista lenta nel corso della nostra evoluzione personale, \u00e8 in effetti il risultato della capacit\u00e0 di affinare la <strong>conoscenza<\/strong> di se stessi, nel tentativo di andare nel profondo della propria identit\u00e0, ossia cercando di conoscersi al di l\u00e0 delle nostre stesse manifestazioni.<\/span><\/p>\n<p style=\"text-align: justify;margin: 0cm 0cm 18.0pt 0cm\"><span style=\"font-size: 14.0pt;font-family: 'Futura Bk BT',sans-serif\">Scoprire il nostro inferno significa procedere <span style=\"color: #ff00ff\"><i>ad inferas<\/i><\/span>, ossia in un viaggio verso la parte pi\u00f9 nascosta di noi, ci\u00f2 che per <span style=\"color: #ff00ff\">Carl Gustav Jung<\/span>, ad esempio, costituisce un archetipo dell\u2019umanit\u00e0: l\u2019<span style=\"color: #ff00ff\"><i>ombra<\/i><\/span>.<\/span><\/p>\n<p style=\"text-align: justify;margin: 0cm 0cm 18.0pt 0cm\"><span style=\"font-size: 14.0pt;font-family: 'Futura Bk BT',sans-serif\">Procedere in questa direzione, ossia nella direzione dell\u2019altezza, significa cos\u00ec incontrare il non detto dell\u2019ombra e il non saputo del <strong>Cielo<\/strong>, utilizzando l\u2019azione della riflessione verso se stessi e della riflessione al di sopra di se stessi. In questo caso, ma solo in questo caso, l\u2019uomo \u00e8 davvero al centro del mondo, ossia \u00e8 il termine di riferimento per la conoscenza del mondo, la sua teorizzazione e la scoperta del proprio ruolo in questa vita.<\/span><\/p>\n<p style=\"text-align: justify;margin: 0cm 0cm 18.0pt 0cm\"><span style=\"font-size: 14.0pt;font-family: 'Futura Bk BT',sans-serif\">Allora possiamo legittimamente parlare di antropocentrismo, all\u2019interno del quale il concetto di uomo \u00e8 il costante e <strong>continuo<\/strong> riferimento di tutte le nostre valutazioni esistenziali, appunto rivolte all\u2019interno di noi stessi, oppure all\u2019esterno, ma verso l\u2019alto. Non \u00e8 un caso che il termine latino <span style=\"color: #ff00ff\"><i>altus<\/i><\/span>, dal quale deriva quello italiano di \u00abalto\u00bb, significhi contemporaneamente <i>alto<\/i> e <i>profondo<\/i>. La differenza consiste nella direzione che la nostra mente prende nel suo viaggio verso la conoscenza di se stessa.<\/span><\/p>\n<p style=\"text-align: justify;margin: 0cm 0cm 18.0pt 0cm\"><span style=\"font-size: 14.0pt;font-family: 'Futura Bk BT',sans-serif\">Se la direzione non \u00e8 verticale, non rimane altro che perseguire quella orizzontale, ossia quella che conduce il nostro io a debordare da se stesso, espandendosi negli <strong>ambienti<\/strong> e territori circostanti, ossia scontrandosi e incontrandosi con gli individui e le cose che sono accanto a noi.<a href=\"https:\/\/blog.ilgiornale.it\/bertirotti\/obesi_mentali_00\/\"><img loading=\"lazy\" class=\"alignright size-medium wp-image-4140\" src=\"https:\/\/blog.ilgiornale.it\/bertirotti\/files\/2021\/12\/Obesi_mentali_00-300x168.jpg\" alt=\"\" width=\"300\" height=\"168\" srcset=\"https:\/\/blog.ilgiornale.it\/bertirotti\/files\/2021\/12\/Obesi_mentali_00-300x168.jpg 300w, https:\/\/blog.ilgiornale.it\/bertirotti\/files\/2021\/12\/Obesi_mentali_00.jpg 474w\" sizes=\"(max-width: 300px) 100vw, 300px\" \/><\/a><\/span><\/p>\n<p style=\"text-align: justify;margin: 0cm 0cm 18.0pt 0cm\"><span style=\"font-size: 14.0pt;font-family: 'Futura Bk BT',sans-serif\">E lentamente, se adottiamo questa strategia mentale, senza rendercene conto diventiamo obesi mentalmente, come se la nostra mente equivalesse a quei corpi che con <strong>avidit\u00e0<\/strong> mangiano qualsiasi cosa capiti loro sottomano, credendo che per capire le cose le si debba anche possedere, e meglio se persino digerire, ossia assimilarle completamente dentro di noi.<\/span><\/p>\n<p style=\"text-align: justify;margin: 0cm 0cm 18.0pt 0cm\"><span style=\"font-size: 14.0pt;font-family: 'Futura Bk BT',sans-serif\">Mi sembra chiaro che sto facendo riferimento al periodo storico in cui si trova il mondo, tanto occidentale quanto orientale, ammesso che abbia <strong>ancora<\/strong> un senso dividere il mondo in questo modo, e non sia pi\u00f9 utile, anche alla luce del mio ragionamento, pensare invece in altezza, individuando il <span style=\"color: #ff00ff\">Nord<\/span> e il <span style=\"color: #ff00ff\">Sud<\/span> del mondo.<\/span><\/p>\n","protected":false},"excerpt":{"rendered":"<p><p>\u00c8 tutta questione di\u2026 stupidit\u00e0. Un sintomo importante che possiamo riscontrare del funzionamento sano della nostra mente \u00e8 la capacit\u00e0 e volont\u00e0 di svilupparsi in altezza, tralasciando lo sviluppo in larghezza. La maturit\u00e0, una conquista lenta nel corso della nostra evoluzione personale, \u00e8 in effetti il risultato della capacit\u00e0 di affinare la conoscenza di se stessi, nel tentativo di andare nel profondo della propria identit\u00e0, ossia cercando di conoscersi al di l\u00e0 delle nostre stesse manifestazioni. Scoprire il nostro inferno significa procedere ad inferas, ossia in un viaggio verso la parte pi\u00f9 nascosta di noi, ci\u00f2 che per Carl Gustav [&hellip;]<\/p>\n&nbsp;&nbsp;<div class=\"readmore\"><a href=\"https:\/\/blog.ilgiornale.it\/bertirotti\/2021\/12\/16\/obesi-mentali\/\">Continua a leggere...<\/a><\/div><\/p>","protected":false},"author":1039,"featured_media":4141,"comment_status":"open","ping_status":"closed","sticky":false,"template":"","format":"standard","meta":[],"categories":[87697],"tags":[420333,413759,17581,53957,420332,63158,191216,62,87,420334,420197,245111,336082,29851,170,405289,20879,8203,420331,387423,37956,364599,405273,389291,48,186607,8204,308179,394655],"_links":{"self":[{"href":"https:\/\/blog.ilgiornale.it\/bertirotti\/wp-json\/wp\/v2\/posts\/4142"}],"collection":[{"href":"https:\/\/blog.ilgiornale.it\/bertirotti\/wp-json\/wp\/v2\/posts"}],"about":[{"href":"https:\/\/blog.ilgiornale.it\/bertirotti\/wp-json\/wp\/v2\/types\/post"}],"author":[{"embeddable":true,"href":"https:\/\/blog.ilgiornale.it\/bertirotti\/wp-json\/wp\/v2\/users\/1039"}],"replies":[{"embeddable":true,"href":"https:\/\/blog.ilgiornale.it\/bertirotti\/wp-json\/wp\/v2\/comments?post=4142"}],"version-history":[{"count":2,"href":"https:\/\/blog.ilgiornale.it\/bertirotti\/wp-json\/wp\/v2\/posts\/4142\/revisions"}],"predecessor-version":[{"id":4144,"href":"https:\/\/blog.ilgiornale.it\/bertirotti\/wp-json\/wp\/v2\/posts\/4142\/revisions\/4144"}],"wp:featuredmedia":[{"embeddable":true,"href":"https:\/\/blog.ilgiornale.it\/bertirotti\/wp-json\/wp\/v2\/media\/4141"}],"wp:attachment":[{"href":"https:\/\/blog.ilgiornale.it\/bertirotti\/wp-json\/wp\/v2\/media?parent=4142"}],"wp:term":[{"taxonomy":"category","embeddable":true,"href":"https:\/\/blog.ilgiornale.it\/bertirotti\/wp-json\/wp\/v2\/categories?post=4142"},{"taxonomy":"post_tag","embeddable":true,"href":"https:\/\/blog.ilgiornale.it\/bertirotti\/wp-json\/wp\/v2\/tags?post=4142"}],"curies":[{"name":"wp","href":"https:\/\/api.w.org\/{rel}","templated":true}]}}