{"id":4156,"date":"2021-12-30T13:51:18","date_gmt":"2021-12-30T11:51:18","guid":{"rendered":"https:\/\/blog.ilgiornale.it\/bertirotti\/?p=4156"},"modified":"2021-12-30T13:51:18","modified_gmt":"2021-12-30T11:51:18","slug":"la-fine","status":"publish","type":"post","link":"https:\/\/blog.ilgiornale.it\/bertirotti\/2021\/12\/30\/la-fine\/","title":{"rendered":"La fine"},"content":{"rendered":"<p style=\"text-align: justify;margin: 0cm 0cm 18.0pt 0cm\"><span style=\"font-size: 14.0pt;font-family: 'Futura Bk BT',sans-serif\"><a href=\"https:\/\/blog.ilgiornale.it\/bertirotti\/sinonimi-di-fine\/\"><img loading=\"lazy\" class=\"alignleft size-medium wp-image-4155\" src=\"https:\/\/blog.ilgiornale.it\/bertirotti\/files\/2021\/12\/sinonimi-di-fine-300x158.jpg\" alt=\"\" width=\"300\" height=\"158\" srcset=\"https:\/\/blog.ilgiornale.it\/bertirotti\/files\/2021\/12\/sinonimi-di-fine-300x158.jpg 300w, https:\/\/blog.ilgiornale.it\/bertirotti\/files\/2021\/12\/sinonimi-di-fine.jpg 600w\" sizes=\"(max-width: 300px) 100vw, 300px\" \/><\/a>\u00c8 tutta questione di\u2026 <strong>unione<\/strong>.<\/span><\/p>\n<p style=\"text-align: justify;margin: 0cm 0cm 18.0pt 0cm\"><span style=\"font-size: 14.0pt;font-family: 'Futura Bk BT',sans-serif\">Anche questo complesso 2021 giunge al termine, o meglio\u2026 siamo noi ad aver <strong>calendarizzato<\/strong> il concetto di &#8220;fine&#8221; e dunque quello di &#8220;inizio&#8221;.<\/span><\/p>\n<p style=\"text-align: justify;margin: 0cm 0cm 18.0pt 0cm\"><span style=\"font-size: 14.0pt;font-family: 'Futura Bk BT',sans-serif\">E, come sempre accade ogni anno, almeno per qualche giorno (e l&#8217;importante \u00e8 che non siano comunque troppi\u2026) <strong>ognuno<\/strong> di noi &#8220;tira le proprie somme&#8221;.<\/span><\/p>\n<p style=\"text-align: justify;margin: 0cm 0cm 18.0pt 0cm\"><span style=\"font-size: 14.0pt;font-family: 'Futura Bk BT',sans-serif\">Ebbene, in quest&#8217;ottica, mi sembra chiaro che le somme pi\u00f9 significative di questo anno siano legate alla pandemia, la quale porta con s\u00e9 una serie di <strong><i>bilanci<\/i> <\/strong>globali di fronte ai quali sar\u00e0 difficile voltarci da un&#8217;altra parte per non prenderli in considerazione e valutarli. Una valutazione che \u00e8 tanto individuale quanto sociale, personale e culturale e che, appunto, va oltre i confini della nostra Italia.<\/span><\/p>\n<p style=\"text-align: justify;margin: 0cm 0cm 18.0pt 0cm\"><span style=\"font-size: 14.0pt;font-family: 'Futura Bk BT',sans-serif\">Come sapete, non amo particolarmente fare previsioni, anche se il modo in cui l&#8217;intero mondo ha affrontato questa emergenza ci fa <strong>comprendere<\/strong> che siamo bel lungi da considerarci, come specie umana, un tutto unico, con problemi localizzati eppure legati al pianeta stesso.<\/span><\/p>\n<p style=\"text-align: justify;margin: 0cm 0cm 18.0pt 0cm\"><span style=\"font-size: 14.0pt;font-family: 'Futura Bk BT',sans-serif\">In sostanza, mi sembra che stia emergendo, a livello planetario, una duplice disconnessione: l&#8217;una interna alle stesse nazioni e l&#8217;altra tra le diverse nazioni di questo globo. Certo, so benissimo quanto sia difficile mettere insieme molte <strong>teste<\/strong>, specialmente quando ciascuna pensa di possedere la verit\u00e0 assoluta e il metodo migliore per rispondere alle sfide di questo periodo storico. Eppure, ho l&#8217;impressine che saranno necessari parecchi anni prima di giungere ad una consapevolezza che potremmo definire planetaria, mentre, intanto, procederemo a diverse velocit\u00e0, aumentando in questo modo le gi\u00e0 evidenti discrepanze <strong>economiche<\/strong> e i multiformi stili di vita oltre che la confusione.<a href=\"https:\/\/blog.ilgiornale.it\/bertirotti\/fine_01\/\"><img loading=\"lazy\" class=\"alignright size-medium wp-image-4154\" src=\"https:\/\/blog.ilgiornale.it\/bertirotti\/files\/2021\/12\/Fine_01-300x130.jpg\" alt=\"\" width=\"300\" height=\"130\" srcset=\"https:\/\/blog.ilgiornale.it\/bertirotti\/files\/2021\/12\/Fine_01-300x130.jpg 300w, https:\/\/blog.ilgiornale.it\/bertirotti\/files\/2021\/12\/Fine_01-1024x445.jpg 1024w, https:\/\/blog.ilgiornale.it\/bertirotti\/files\/2021\/12\/Fine_01-768x334.jpg 768w, https:\/\/blog.ilgiornale.it\/bertirotti\/files\/2021\/12\/Fine_01.jpg 1536w\" sizes=\"(max-width: 300px) 100vw, 300px\" \/><\/a><\/span><\/p>\n<p style=\"text-align: justify;margin: 0cm 0cm 18.0pt 0cm\"><span style=\"font-size: 14.0pt;font-family: 'Futura Bk BT',sans-serif\">In effetti, la storia dell&#8217;umanit\u00e0 insegna proprio questo, ossia che durante un periodo di crisi <strong>generalizzato<\/strong> si tende a ripararci (apparentemente tutti insieme\u2026), ma quando si deve programmare una soluzione comune, ognuno procede a modo suo, senza tenere conto delle esigenze generali.<\/span><\/p>\n<p style=\"text-align: justify;margin: 0cm 0cm 18.0pt 0cm\"><span style=\"font-size: 14.0pt;font-family: 'Futura Bk BT',sans-serif\">Avremo cos\u00ec bisogno di tempo, e la permanenza di questo <span style=\"color: #ff00ff\">zio Covid-19<\/span> sar\u00e0 proprio funzionale allo sviluppo di una coscienza globale e universale, come esseri umani, sia potenti che meno potenti politicamente, senza della quale ogni soluzione rester\u00e0 <span style=\"color: #ff00ff\">localizzata<\/span> ed <span style=\"color: #ff00ff\">apparente<\/span>.<\/span><\/p>\n","protected":false},"excerpt":{"rendered":"<p><p>\u00c8 tutta questione di\u2026 unione. Anche questo complesso 2021 giunge al termine, o meglio\u2026 siamo noi ad aver calendarizzato il concetto di &#8220;fine&#8221; e dunque quello di &#8220;inizio&#8221;. E, come sempre accade ogni anno, almeno per qualche giorno (e l&#8217;importante \u00e8 che non siano comunque troppi\u2026) ognuno di noi &#8220;tira le proprie somme&#8221;. Ebbene, in quest&#8217;ottica, mi sembra chiaro che le somme pi\u00f9 significative di questo anno siano legate alla pandemia, la quale porta con s\u00e9 una serie di bilanci globali di fronte ai quali sar\u00e0 difficile voltarci da un&#8217;altra parte per non prenderli in considerazione e valutarli. Una valutazione [&hellip;]<\/p>\n&nbsp;&nbsp;<div class=\"readmore\"><a href=\"https:\/\/blog.ilgiornale.it\/bertirotti\/2021\/12\/30\/la-fine\/\">Continua a leggere...<\/a><\/div><\/p>","protected":false},"author":1039,"featured_media":4155,"comment_status":"open","ping_status":"closed","sticky":false,"template":"","format":"standard","meta":[],"categories":[11810],"tags":[196940,54071,20732,38029,53957,413936,22985,28558,405353,379577,87,405262,42,238,16157,8132,409540,23448,26,13612,73664,20856,20879,40330,5315,47034,420358,405261,413937,99778,364579,48,54081,10756,389317,288453,66657,53991,399554],"_links":{"self":[{"href":"https:\/\/blog.ilgiornale.it\/bertirotti\/wp-json\/wp\/v2\/posts\/4156"}],"collection":[{"href":"https:\/\/blog.ilgiornale.it\/bertirotti\/wp-json\/wp\/v2\/posts"}],"about":[{"href":"https:\/\/blog.ilgiornale.it\/bertirotti\/wp-json\/wp\/v2\/types\/post"}],"author":[{"embeddable":true,"href":"https:\/\/blog.ilgiornale.it\/bertirotti\/wp-json\/wp\/v2\/users\/1039"}],"replies":[{"embeddable":true,"href":"https:\/\/blog.ilgiornale.it\/bertirotti\/wp-json\/wp\/v2\/comments?post=4156"}],"version-history":[{"count":3,"href":"https:\/\/blog.ilgiornale.it\/bertirotti\/wp-json\/wp\/v2\/posts\/4156\/revisions"}],"predecessor-version":[{"id":4159,"href":"https:\/\/blog.ilgiornale.it\/bertirotti\/wp-json\/wp\/v2\/posts\/4156\/revisions\/4159"}],"wp:featuredmedia":[{"embeddable":true,"href":"https:\/\/blog.ilgiornale.it\/bertirotti\/wp-json\/wp\/v2\/media\/4155"}],"wp:attachment":[{"href":"https:\/\/blog.ilgiornale.it\/bertirotti\/wp-json\/wp\/v2\/media?parent=4156"}],"wp:term":[{"taxonomy":"category","embeddable":true,"href":"https:\/\/blog.ilgiornale.it\/bertirotti\/wp-json\/wp\/v2\/categories?post=4156"},{"taxonomy":"post_tag","embeddable":true,"href":"https:\/\/blog.ilgiornale.it\/bertirotti\/wp-json\/wp\/v2\/tags?post=4156"}],"curies":[{"name":"wp","href":"https:\/\/api.w.org\/{rel}","templated":true}]}}