{"id":4171,"date":"2022-01-10T09:00:35","date_gmt":"2022-01-10T07:00:35","guid":{"rendered":"https:\/\/blog.ilgiornale.it\/bertirotti\/?p=4171"},"modified":"2022-01-10T09:00:35","modified_gmt":"2022-01-10T07:00:35","slug":"una-morale-globale","status":"publish","type":"post","link":"https:\/\/blog.ilgiornale.it\/bertirotti\/2022\/01\/10\/una-morale-globale\/","title":{"rendered":"Una morale globale?"},"content":{"rendered":"<p style=\"text-align: justify;margin: 0cm 0cm 18.0pt 0cm\"><span style=\"font-size: 14.0pt;font-family: 'Futura Bk BT',sans-serif\"><a href=\"https:\/\/blog.ilgiornale.it\/bertirotti\/globale_01\/\"><img loading=\"lazy\" class=\"alignleft size-medium wp-image-4170\" src=\"https:\/\/blog.ilgiornale.it\/bertirotti\/files\/2022\/01\/Globale_01-300x171.jpg\" alt=\"\" width=\"300\" height=\"171\" srcset=\"https:\/\/blog.ilgiornale.it\/bertirotti\/files\/2022\/01\/Globale_01-300x171.jpg 300w, https:\/\/blog.ilgiornale.it\/bertirotti\/files\/2022\/01\/Globale_01.jpg 474w\" sizes=\"(max-width: 300px) 100vw, 300px\" \/><\/a>\u00c8 tutta questione di\u2026 <strong>benessere<\/strong>.<\/span><\/p>\n<p style=\"text-align: justify;margin: 0cm 0cm 18.0pt 0cm\"><span style=\"font-size: 14.0pt;font-family: 'Futura Bk BT',sans-serif\">L\u2019evoluzione di tutte le specie viventi, e dunque anche la nostra, dimostra che l\u2019obiettivo fondamentale di tale sviluppo \u00e8 il miglioramento del nostro benessere fisico e mentale. Si parla, infatti, a questo proposito, di <strong><i>massimizzazione della propria fitness<\/i><\/strong>.<\/span><\/p>\n<p style=\"text-align: justify;margin: 0cm 0cm 18.0pt 0cm\"><span style=\"font-size: 14.0pt;font-family: 'Futura Bk BT',sans-serif\">In questa prospettiva, dunque, \u00e8 interessante ragionare sull\u2019utilit\u00e0 che pu\u00f2 aver giocato, e continua a giocare, nell\u2019evoluzione dei <strong>comportamenti<\/strong> umani, la dimensione morale. In sostanza, come abbiamo fatto a ritenere utile, quasi obbligatorio, essere onesti con gli altri e aiutarli?<\/span><\/p>\n<p style=\"text-align: justify;margin: 0cm 0cm 18.0pt 0cm\"><span style=\"font-size: 14.0pt;font-family: 'Futura Bk BT',sans-serif\">Sono due le <strong>tradizionali<\/strong> risposte che l\u2019evoluzionismo fornisce a questa domanda.<\/span><\/p>\n<p style=\"text-align: justify;margin: 0cm 0cm 18.0pt 0cm\"><span style=\"font-size: 14.0pt;font-family: 'Futura Bk BT',sans-serif\">Per quanto riguarda la prima, acquista un significato importante, sempre in ottica evolutiva, aiutare i propri parenti, perch\u00e9 sono le persone con le quali un individuo <strong>condivide<\/strong> gli stessi geni. E in questo caso, tale processo si definisce <i>fitness inclusiva<\/i>.<\/span><\/p>\n<p style=\"text-align: justify;margin: 0cm 0cm 18.0pt 0cm\"><span style=\"font-size: 14.0pt;font-family: 'Futura Bk BT',sans-serif\">La seconda risposta afferma che nel corso dell\u2019esistenza umana sorgono situazioni di reciprocit\u00e0, in cui due individui si <strong>scambiano<\/strong> un favore, perch\u00e9 entrambi ne traggono un vantaggio a lungo termine.<\/span><\/p>\n<p style=\"text-align: justify;margin: 0cm 0cm 18.0pt 0cm\"><span style=\"font-size: 14.0pt;font-family: 'Futura Bk BT',sans-serif\">\u00c8 per\u00f2 importante sottolineare che moralit\u00e0 non vuole dire \u201c<span style=\"color: #ff00ff\">essere gentili con i propri parenti<\/span>\u201d.<\/span><\/p>\n<p style=\"text-align: justify;margin: 0cm 0cm 18.0pt 0cm\"><span style=\"font-size: 14.0pt;font-family: 'Futura Bk BT',sans-serif\">Inoltre, anche la <b><i>reciprocit\u00e0<\/i><\/b> \u00e8 un comportamento rischioso, perch\u00e9 pu\u00f2 accadere, come di fatto accade nella vita di tutti noi, che un individuo possa ottenere un beneficio da qualcun altro, in qualsiasi momento, e poi andarsene, e <strong>lasciare<\/strong> l\u2019altro nei guai. L\u2019essenza della moralit\u00e0 umana \u00e8 dunque da ricercarsi altrove.<\/span><\/p>\n<p style=\"text-align: justify;margin: 0cm 0cm 18.0pt 0cm\"><span style=\"font-size: 14.0pt;font-family: 'Futura Bk BT',sans-serif\">E forse risiede nel sentimento di responsabilit\u00e0 che gli esseri umani <strong>avvertono<\/strong> gli uni nei confronti degli altri.<\/span><\/p>\n<p style=\"text-align: justify;margin: 0cm 0cm 18.0pt 0cm\"><span style=\"font-size: 14.0pt;font-family: 'Futura Bk BT',sans-serif\">Negli ultimi anni, \u00e8 stata avanzata un\u2019ipotesi interessante circa la nascita della moralit\u00e0 umana. L\u2019idea base \u00e8 che, all\u2019interno di un gruppo sociale, ciascun individuo dipende da tutti gli altri, tanto per la propria sopravvivenza quanto per il proprio benessere. Quindi, in questa modalit\u00e0 tutti operano secondo una <b><i>logica di interdipendenza<\/i><\/b>, nella quale se un individuo dipende da un altro, \u00e8 nell\u2019interesse dell\u2019uno fare in modo di garantire il benessere dell\u2019altro. In sostanza, se dipendiamo gli uni dagli altri, dobbiamo prenderci cura gli uni degli altri.<a href=\"https:\/\/blog.ilgiornale.it\/bertirotti\/globale_00\/\"><img loading=\"lazy\" class=\"alignright size-medium wp-image-4169\" src=\"https:\/\/blog.ilgiornale.it\/bertirotti\/files\/2022\/01\/Globale_00-300x300.jpg\" alt=\"\" width=\"300\" height=\"300\" srcset=\"https:\/\/blog.ilgiornale.it\/bertirotti\/files\/2022\/01\/Globale_00-300x300.jpg 300w, https:\/\/blog.ilgiornale.it\/bertirotti\/files\/2022\/01\/Globale_00-150x150.jpg 150w, https:\/\/blog.ilgiornale.it\/bertirotti\/files\/2022\/01\/Globale_00.jpg 700w\" sizes=\"(max-width: 300px) 100vw, 300px\" \/><\/a><\/span><\/p>\n<p style=\"text-align: justify;margin: 0cm 0cm 18.0pt 0cm\"><span style=\"font-size: 14.0pt;font-family: 'Futura Bk BT',sans-serif\">Come si \u00e8 giunti a questa <span style=\"color: #ff00ff\">situazione<\/span>?<\/span><\/p>\n<p style=\"text-align: justify;margin: 0cm 0cm 18.0pt 0cm\"><span style=\"font-size: 14.0pt;font-family: 'Futura Bk BT',sans-serif\">Molto probabilmente, sono state le particolari circostanze evolutive ed esistenziali ad alimentare questa interdipendenza. Gli esseri umani si sono <strong>trovati<\/strong> nella necessit\u00e0 di vivere in modo sempre pi\u00f9 collaborativo, specialmente nella ricerca di cibo e di altre risorse di base.<\/span><\/p>\n<p style=\"text-align: justify;margin: 0cm 0cm 18.0pt 0cm\"><span style=\"font-size: 14.0pt;font-family: 'Futura Bk BT',sans-serif\">Per esempio, rispetto ai nostri parenti pi\u00f9 vicini, <b><i>scimpanz\u00e9<\/i><\/b> e <b><i>bonobo<\/i><\/b>, il nostro comportamento \u00e8 totalmente diverso. Gli scimpanz\u00e9 e i bonobo vanno alla ricerca di frutta e vegetazione in piccoli gruppi, ma quando trovano le risorse ogni <strong>individuo<\/strong> agisce col solo scopo di ottenere cibo per s\u00e9, senza tenere conto degli altri. Qualora sorga un conflitto, la soluzione \u00e8 combattere per esprimere e confermare il dominio del pi\u00f9 forte. Si tratta di una forma di approvvigionamento di cibo assai pi\u00f9 vicina a quella di leoni e lupi, che alle forme di collaborazione degli esseri umani, per la ricerca di cibo.<\/span><\/p>\n<p style=\"text-align: justify;margin: 0cm 0cm 18.0pt 0cm\"><span style=\"font-size: 14.0pt;font-family: 'Futura Bk BT',sans-serif\">Ora, la mia domanda a noi tutti \u00e8 se siamo davvero parte dell&#8217;<b><i>Homo Sapiens sapiens<\/i><\/b>, oppure se la globalizzazione non ci stia chiedendo di programmare una collaborazione umana di ben altro respiro rispetto all\u2019attuale.<\/span><\/p>\n<p style=\"text-align: justify;margin: 0cm 0cm 18.0pt 0cm\"><span style=\"font-size: 14.0pt;font-family: 'Futura Bk BT',sans-serif\"><span style=\"color: #ff00ff\">E questo vale<\/span>, secondo me, per tutte le nazioni del globo.<\/span><\/p>\n","protected":false},"excerpt":{"rendered":"<p><p>\u00c8 tutta questione di\u2026 benessere. L\u2019evoluzione di tutte le specie viventi, e dunque anche la nostra, dimostra che l\u2019obiettivo fondamentale di tale sviluppo \u00e8 il miglioramento del nostro benessere fisico e mentale. Si parla, infatti, a questo proposito, di massimizzazione della propria fitness. In questa prospettiva, dunque, \u00e8 interessante ragionare sull\u2019utilit\u00e0 che pu\u00f2 aver giocato, e continua a giocare, nell\u2019evoluzione dei comportamenti umani, la dimensione morale. In sostanza, come abbiamo fatto a ritenere utile, quasi obbligatorio, essere onesti con gli altri e aiutarli? Sono due le tradizionali risposte che l\u2019evoluzionismo fornisce a questa domanda. Per quanto riguarda la prima, acquista [&hellip;]<\/p>\n&nbsp;&nbsp;<div class=\"readmore\"><a href=\"https:\/\/blog.ilgiornale.it\/bertirotti\/2022\/01\/10\/una-morale-globale\/\">Continua a leggere...<\/a><\/div><\/p>","protected":false},"author":1039,"featured_media":4170,"comment_status":"open","ping_status":"closed","sticky":false,"template":"","format":"standard","meta":[],"categories":[2554],"tags":[53957,405264,420376,4955,420378,13182,87,44123,37069,73732,29890,405344,420380,50975,54,40,413830,409705,420381,23448,372194,87756,331840,20879,336182,405261,409583,4535,59965,420194,48,2660],"_links":{"self":[{"href":"https:\/\/blog.ilgiornale.it\/bertirotti\/wp-json\/wp\/v2\/posts\/4171"}],"collection":[{"href":"https:\/\/blog.ilgiornale.it\/bertirotti\/wp-json\/wp\/v2\/posts"}],"about":[{"href":"https:\/\/blog.ilgiornale.it\/bertirotti\/wp-json\/wp\/v2\/types\/post"}],"author":[{"embeddable":true,"href":"https:\/\/blog.ilgiornale.it\/bertirotti\/wp-json\/wp\/v2\/users\/1039"}],"replies":[{"embeddable":true,"href":"https:\/\/blog.ilgiornale.it\/bertirotti\/wp-json\/wp\/v2\/comments?post=4171"}],"version-history":[{"count":1,"href":"https:\/\/blog.ilgiornale.it\/bertirotti\/wp-json\/wp\/v2\/posts\/4171\/revisions"}],"predecessor-version":[{"id":4172,"href":"https:\/\/blog.ilgiornale.it\/bertirotti\/wp-json\/wp\/v2\/posts\/4171\/revisions\/4172"}],"wp:featuredmedia":[{"embeddable":true,"href":"https:\/\/blog.ilgiornale.it\/bertirotti\/wp-json\/wp\/v2\/media\/4170"}],"wp:attachment":[{"href":"https:\/\/blog.ilgiornale.it\/bertirotti\/wp-json\/wp\/v2\/media?parent=4171"}],"wp:term":[{"taxonomy":"category","embeddable":true,"href":"https:\/\/blog.ilgiornale.it\/bertirotti\/wp-json\/wp\/v2\/categories?post=4171"},{"taxonomy":"post_tag","embeddable":true,"href":"https:\/\/blog.ilgiornale.it\/bertirotti\/wp-json\/wp\/v2\/tags?post=4171"}],"curies":[{"name":"wp","href":"https:\/\/api.w.org\/{rel}","templated":true}]}}