{"id":4207,"date":"2022-02-10T08:26:56","date_gmt":"2022-02-10T06:26:56","guid":{"rendered":"https:\/\/blog.ilgiornale.it\/bertirotti\/?p=4207"},"modified":"2022-02-10T08:26:56","modified_gmt":"2022-02-10T06:26:56","slug":"relazioni","status":"publish","type":"post","link":"https:\/\/blog.ilgiornale.it\/bertirotti\/2022\/02\/10\/relazioni\/","title":{"rendered":"Relazioni"},"content":{"rendered":"<p style=\"text-align: justify;margin: 0cm 0cm 18.0pt 0cm\"><span style=\"font-size: 14.0pt;font-family: 'Futura Bk BT',sans-serif\"><a href=\"https:\/\/blog.ilgiornale.it\/bertirotti\/relazioni_00\/\"><img loading=\"lazy\" class=\"alignleft size-medium wp-image-4206\" src=\"https:\/\/blog.ilgiornale.it\/bertirotti\/files\/2022\/02\/Relazioni_00-300x189.jpg\" alt=\"\" width=\"300\" height=\"189\" srcset=\"https:\/\/blog.ilgiornale.it\/bertirotti\/files\/2022\/02\/Relazioni_00-300x189.jpg 300w, https:\/\/blog.ilgiornale.it\/bertirotti\/files\/2022\/02\/Relazioni_00-1024x645.jpg 1024w, https:\/\/blog.ilgiornale.it\/bertirotti\/files\/2022\/02\/Relazioni_00-768x484.jpg 768w, https:\/\/blog.ilgiornale.it\/bertirotti\/files\/2022\/02\/Relazioni_00.jpg 1500w\" sizes=\"(max-width: 300px) 100vw, 300px\" \/><\/a>\u00c8 tutta questione di\u2026 <strong>incontro<\/strong>.<\/span><\/p>\n<p style=\"text-align: justify;margin: 0cm 0cm 18.0pt 0cm\"><span style=\"font-size: 14.0pt;font-family: 'Futura Bk BT',sans-serif\">Le relazioni che stabiliamo con il mondo sono regolate dalle qualit\u00e0 che noi <strong>attribuiamo<\/strong> ai vari elementi costitutivi della relazione siano essi persone, oggetti o situazioni.<\/span><\/p>\n<p style=\"text-align: justify;margin: 0cm 0cm 18.0pt 0cm\"><span style=\"font-size: 14.0pt;font-family: 'Futura Bk BT',sans-serif\">Consideriamo i concetti di <b><i>bello<\/i><\/b> e di <b><i>brutto<\/i><\/b>, che sono due qualit\u00e0 attribuibili al mondo, ma che non appartengono al mondo. Il <i>bello<\/i> ed il <i>brutto<\/i> di una cosa dipendono dal tipo di relazione di significato che io voglio stabilire con quella cosa. Se a me piace una sedia perch\u00e9 \u00e8 comoda, posso non accorgermi del fatto che sia anche bella, perch\u00e9 la mia valutazione si basa sul concetto di comodo che giudico, nella mia vita <strong>quotidiana<\/strong>, assolutamente pi\u00f9 importante rispetto a quello di bello. In sostanza, nel caso della sedia privilegio la comodit\u00e0 rispetto alla bellezza.<\/span><\/p>\n<p style=\"text-align: justify;margin: 0cm 0cm 18.0pt 0cm\"><span style=\"font-size: 14.0pt;font-family: 'Futura Bk BT',sans-serif\">Prendiamo il <span style=\"color: #ff00ff\">cielo<\/span>.<\/span><\/p>\n<p style=\"text-align: justify;margin: 0cm 0cm 18.0pt 0cm\"><span style=\"font-size: 14.0pt;font-family: 'Futura Bk BT',sans-serif\">Pu\u00f2 essere silenzioso e non finito, sulla base di due sostanziali ed opposte ragioni: perch\u00e9 io sono come lui, silenzioso e non finito nelle mie potenzialit\u00e0, o, al <strong>contrario<\/strong>, perch\u00e9 sono rumoroso e finito.<\/span><\/p>\n<p style=\"text-align: justify;margin: 0cm 0cm 18.0pt 0cm\"><span style=\"font-size: 14.0pt;font-family: 'Futura Bk BT',sans-serif\">Con le cose del mondo e le cose che ci accadono possiamo stabilire solo due ordini di relazioni: di <strong>similitudine<\/strong> oppure di <strong>differenza<\/strong>, sia <span style=\"color: #ff00ff\">parziale<\/span> che <span style=\"color: #ff00ff\">totale<\/span>.<\/span><\/p>\n<p style=\"text-align: justify;margin: 0cm 0cm 18.0pt 0cm\"><span style=\"font-size: 14.0pt;font-family: 'Futura Bk BT',sans-serif\">Proprio perch\u00e9 non ho mai avuto la possibilit\u00e0 di spiccare il volo, non ho compiuto nessuna azione dentro il cielo e non so dove inizi e finisca, lo valuto sulla base di un confronto con la mia esperienza quotidiana, il suono ed il limite. Il cielo \u00e8 per me una cosa sconosciuta e nel contempo misteriosa e stupenda, <strong>viva<\/strong> e <strong>presente<\/strong>, specialmente quando alzo gli occhi in alto e nasce in me il mistero, la meraviglia e l\u2019infinit\u00e0, tutti gli ingredienti essenziali dell\u2019amore.<\/span><\/p>\n<p style=\"text-align: justify;margin: 0cm 0cm 18.0pt 0cm\"><span style=\"font-size: 14.0pt;font-family: 'Futura Bk BT',sans-serif\">Ma, quando <strong>guardiamo<\/strong> il cielo facciamo un\u2019altra importante scoperta.<a href=\"https:\/\/blog.ilgiornale.it\/bertirotti\/relazioni_01\/\"><img loading=\"lazy\" class=\"alignright size-medium wp-image-4205\" src=\"https:\/\/blog.ilgiornale.it\/bertirotti\/files\/2022\/02\/Relazioni_01-300x206.jpg\" alt=\"\" width=\"300\" height=\"206\" srcset=\"https:\/\/blog.ilgiornale.it\/bertirotti\/files\/2022\/02\/Relazioni_01-300x206.jpg 300w, https:\/\/blog.ilgiornale.it\/bertirotti\/files\/2022\/02\/Relazioni_01.jpg 600w\" sizes=\"(max-width: 300px) 100vw, 300px\" \/><\/a><\/span><\/p>\n<p style=\"text-align: justify;margin: 0cm 0cm 18.0pt 0cm\"><span style=\"font-size: 14.0pt;font-family: 'Futura Bk BT',sans-serif\">Mi rendo conto di stare in basso rispetto a lui, e di essere sempre piccolo, anche una volta adulto. Scopro anche il bisogno di guardarlo <strong>spesso<\/strong> per sopportare la vita che scorre, al di l\u00e0 della mia volont\u00e0.<\/span><\/p>\n<p style=\"text-align: justify;margin: 0cm 0cm 18.0pt 0cm\"><span style=\"font-size: 14.0pt;font-family: 'Futura Bk BT',sans-serif\">Quando invece guardo i piedi, capisco dove si radica la mia realt\u00e0 e come <strong>riesco<\/strong> a stare dritto alzando la testa. Rimango attaccato alla terra anche se posso spostare il mio corpo altrove, consegnandolo allo spazio reale e concreto della mia <span style=\"color: #ff00ff\">immaginazione<\/span>.<\/span><\/p>\n","protected":false},"excerpt":{"rendered":"<p><p>\u00c8 tutta questione di\u2026 incontro. Le relazioni che stabiliamo con il mondo sono regolate dalle qualit\u00e0 che noi attribuiamo ai vari elementi costitutivi della relazione siano essi persone, oggetti o situazioni. Consideriamo i concetti di bello e di brutto, che sono due qualit\u00e0 attribuibili al mondo, ma che non appartengono al mondo. Il bello ed il brutto di una cosa dipendono dal tipo di relazione di significato che io voglio stabilire con quella cosa. Se a me piace una sedia perch\u00e9 \u00e8 comoda, posso non accorgermi del fatto che sia anche bella, perch\u00e9 la mia valutazione si basa sul concetto [&hellip;]<\/p>\n&nbsp;&nbsp;<div class=\"readmore\"><a href=\"https:\/\/blog.ilgiornale.it\/bertirotti\/2022\/02\/10\/relazioni\/\">Continua a leggere...<\/a><\/div><\/p>","protected":false},"author":1039,"featured_media":4206,"comment_status":"open","ping_status":"closed","sticky":false,"template":"","format":"standard","meta":[],"categories":[52332],"tags":[420426,405274,53957,211585,11334,30386,108073,389310,31171,420431,8888,420430,420429,420177,405296,420432,179054,420390,420423,282736,413984,387446,405285,420428,38046,420434,420425,35307,420424,16127,420435,405211,420433,387484,53965],"_links":{"self":[{"href":"https:\/\/blog.ilgiornale.it\/bertirotti\/wp-json\/wp\/v2\/posts\/4207"}],"collection":[{"href":"https:\/\/blog.ilgiornale.it\/bertirotti\/wp-json\/wp\/v2\/posts"}],"about":[{"href":"https:\/\/blog.ilgiornale.it\/bertirotti\/wp-json\/wp\/v2\/types\/post"}],"author":[{"embeddable":true,"href":"https:\/\/blog.ilgiornale.it\/bertirotti\/wp-json\/wp\/v2\/users\/1039"}],"replies":[{"embeddable":true,"href":"https:\/\/blog.ilgiornale.it\/bertirotti\/wp-json\/wp\/v2\/comments?post=4207"}],"version-history":[{"count":1,"href":"https:\/\/blog.ilgiornale.it\/bertirotti\/wp-json\/wp\/v2\/posts\/4207\/revisions"}],"predecessor-version":[{"id":4208,"href":"https:\/\/blog.ilgiornale.it\/bertirotti\/wp-json\/wp\/v2\/posts\/4207\/revisions\/4208"}],"wp:featuredmedia":[{"embeddable":true,"href":"https:\/\/blog.ilgiornale.it\/bertirotti\/wp-json\/wp\/v2\/media\/4206"}],"wp:attachment":[{"href":"https:\/\/blog.ilgiornale.it\/bertirotti\/wp-json\/wp\/v2\/media?parent=4207"}],"wp:term":[{"taxonomy":"category","embeddable":true,"href":"https:\/\/blog.ilgiornale.it\/bertirotti\/wp-json\/wp\/v2\/categories?post=4207"},{"taxonomy":"post_tag","embeddable":true,"href":"https:\/\/blog.ilgiornale.it\/bertirotti\/wp-json\/wp\/v2\/tags?post=4207"}],"curies":[{"name":"wp","href":"https:\/\/api.w.org\/{rel}","templated":true}]}}