{"id":4226,"date":"2022-02-28T07:23:31","date_gmt":"2022-02-28T05:23:31","guid":{"rendered":"https:\/\/blog.ilgiornale.it\/bertirotti\/?p=4226"},"modified":"2022-02-28T07:23:31","modified_gmt":"2022-02-28T05:23:31","slug":"dopo","status":"publish","type":"post","link":"https:\/\/blog.ilgiornale.it\/bertirotti\/2022\/02\/28\/dopo\/","title":{"rendered":"Dopo"},"content":{"rendered":"<p style=\"text-align: justify;margin: 0cm 0cm 18.0pt 0cm\"><span style=\"font-size: 14.0pt;font-family: 'Futura Bk BT',sans-serif\"><a href=\"https:\/\/blog.ilgiornale.it\/bertirotti\/cambiamento-1\/\"><img loading=\"lazy\" class=\"alignleft size-medium wp-image-4224\" src=\"https:\/\/blog.ilgiornale.it\/bertirotti\/files\/2022\/02\/Cambiamento-1-300x169.jpg\" alt=\"\" width=\"300\" height=\"169\" srcset=\"https:\/\/blog.ilgiornale.it\/bertirotti\/files\/2022\/02\/Cambiamento-1-300x169.jpg 300w, https:\/\/blog.ilgiornale.it\/bertirotti\/files\/2022\/02\/Cambiamento-1-1024x576.jpg 1024w, https:\/\/blog.ilgiornale.it\/bertirotti\/files\/2022\/02\/Cambiamento-1-768x432.jpg 768w, https:\/\/blog.ilgiornale.it\/bertirotti\/files\/2022\/02\/Cambiamento-1-1536x864.jpg 1536w, https:\/\/blog.ilgiornale.it\/bertirotti\/files\/2022\/02\/Cambiamento-1.jpg 1920w\" sizes=\"(max-width: 300px) 100vw, 300px\" \/><\/a>\u00c8 tutta questione di\u2026 <strong>realismo<\/strong>.<\/span><\/p>\n<p style=\"text-align: justify;margin: 0cm 0cm 18.0pt 0cm\"><span style=\"font-size: 14.0pt;font-family: 'Futura Bk BT',sans-serif\">Come non mi sono gabellato come virologo, non mi travestir\u00f2 da esperto di geo-strategia, oppure da politologo. Posso, per\u00f2, e con un <strong>atteggiamento<\/strong> di umilt\u00e0 cognitiva, esporre una serie di considerazioni, partendo proprio dal titolo che ho voluto dare a queste riflessioni.<\/span><\/p>\n<p style=\"text-align: justify;margin: 0cm 0cm 18.0pt 0cm\"><span style=\"font-size: 14.0pt;font-family: 'Futura Bk BT',sans-serif\">Dopo qualsiasi conflitto, il dopo rappresenta un momento importante, perch\u00e9 \u00e8 quello legato alla ricostruzione. Una <strong>ricostruzione<\/strong> tutt&#8217;altro che solo materiale, rispetto alle macerie prodotte sui campi di battaglia, ma sostanzialmente di immagine e basata su elementi di credibilit\u00e0 internazionale.<\/span><\/p>\n<p style=\"text-align: justify;margin: 0cm 0cm 18.0pt 0cm\"><span style=\"font-size: 14.0pt;font-family: 'Futura Bk BT',sans-serif\">\u00c8 evidente a tutti noi che, nel caso della Russia, la credibilit\u00e0 non \u00e8 certo legata alla sua <strong>popolazione<\/strong>, ma ai suoi leader politici, oltre che all&#8217;attuale Zar Vladimir Putin, che potranno o meno distanziarsi dall&#8217;aggressore evidente.<\/span><\/p>\n<p style=\"text-align: justify;margin: 0cm 0cm 18.0pt 0cm\"><span style=\"font-size: 14.0pt;font-family: 'Futura Bk BT',sans-serif\">Non mi interessa prendere le parti di qualcuno, in questa situazione, perch\u00e9, come antropologo, prendo sempre le parti della vita, dell&#8217;evoluzione che sa <strong>produrre<\/strong> una sana coscienza del limite. Per questi motivi, penso anche che la Nato sia ben lontana dall\u2019essere garanzia di pluralismo e che rispetti l\u2019autodeterminazione delle nazioni.<\/span><\/p>\n<p style=\"text-align: justify;margin: 0cm 0cm 18.0pt 0cm\"><span style=\"font-size: 14.0pt;font-family: 'Futura Bk BT',sans-serif\">In sostanza, auspico, grazie ai miei studi e alle scoperte scientifiche, il <b><i>discreto e relativamente normale funzionamento della corteccia frontale e prefrontale<\/i><\/b> del nostro cervello. E questa sezione del nostro cervello funziona in base ai collegamenti neuronali che si creano, durante i periodi sensibili e critici della nostra evoluzione cerebrale, grazie alla quantit\u00e0 e alla continuit\u00e0 degli insegnamenti e gli esempi ricevuti.<a href=\"https:\/\/blog.ilgiornale.it\/bertirotti\/guidare-il-cambiamento\/\"><img loading=\"lazy\" class=\"alignright size-medium wp-image-4225\" src=\"https:\/\/blog.ilgiornale.it\/bertirotti\/files\/2022\/02\/guidare-il-cambiamento-300x132.jpg\" alt=\"\" width=\"300\" height=\"132\" srcset=\"https:\/\/blog.ilgiornale.it\/bertirotti\/files\/2022\/02\/guidare-il-cambiamento-300x132.jpg 300w, https:\/\/blog.ilgiornale.it\/bertirotti\/files\/2022\/02\/guidare-il-cambiamento.jpg 700w\" sizes=\"(max-width: 300px) 100vw, 300px\" \/><\/a><\/span><\/p>\n<p style=\"text-align: justify;margin: 0cm 0cm 18.0pt 0cm\"><span style=\"font-size: 14.0pt;font-family: 'Futura Bk BT',sans-serif\">Senza insegnamenti la nostra esistenza \u00e8 <b><i>disumana<\/i><\/b>, e questa formazione richiede una certa vigilanza della coscienza, frutto, appunto, della riflessione e del ragionamento.<\/span><\/p>\n<p style=\"text-align: justify;margin: 0cm 0cm 18.0pt 0cm\"><span style=\"font-size: 14.0pt;font-family: 'Futura Bk BT',sans-serif\">Ecco perch\u00e9 sar\u00e0 probabile, interpretando le diverse fasi dell&#8217;evoluzione umana che, se sopravviveremo a tutto questo e in qualche modo, assisteremo ad un reale rinnovamento politico di questa resuscitante URSS, specialmente a livello politico, <i><strong>altrimenti addio ad una possibile e futura credibilit\u00e0 russa<\/strong>.<\/i> Un rinnovamento che dovrebbe includere anche la <strong>Nato<\/strong>, lanciando una serie di messaggi importanti, come la richiesta di varie fuoriuscite da parte degli attuali membri.<\/span><\/p>\n<p style=\"text-align: justify;margin: 0cm 0cm 18.0pt 0cm\"><span style=\"font-size: 14.0pt;font-family: 'Futura Bk BT',sans-serif\">Saranno forse i popoli: russo, europeo e statunitense a determinare questo <strong>miglioramento<\/strong>, oppure dovremo attendere i leader politici di entrambe le geografie?<\/span><\/p>\n<p style=\"text-align: justify;margin: 0cm 0cm 18.0pt 0cm\"><span style=\"font-size: 14.0pt;font-family: 'Futura Bk BT',sans-serif\">In <strong>sincerit\u00e0<\/strong>, ritengo che confermiamo di essere un\u2019umanit\u00e0 dalla dura cervice, e, a volte, troppo prevedibile nella sua insipienza\u2026 anche se molti di noi sperano nell\u2019<span style=\"color: #ff00ff\">imprevedibilit\u00e0<\/span>.<\/span><\/p>\n","protected":false},"excerpt":{"rendered":"<p><p>\u00c8 tutta questione di\u2026 realismo. Come non mi sono gabellato come virologo, non mi travestir\u00f2 da esperto di geo-strategia, oppure da politologo. Posso, per\u00f2, e con un atteggiamento di umilt\u00e0 cognitiva, esporre una serie di considerazioni, partendo proprio dal titolo che ho voluto dare a queste riflessioni. Dopo qualsiasi conflitto, il dopo rappresenta un momento importante, perch\u00e9 \u00e8 quello legato alla ricostruzione. Una ricostruzione tutt&#8217;altro che solo materiale, rispetto alle macerie prodotte sui campi di battaglia, ma sostanzialmente di immagine e basata su elementi di credibilit\u00e0 internazionale. \u00c8 evidente a tutti noi che, nel caso della Russia, la credibilit\u00e0 non [&hellip;]<\/p>\n&nbsp;&nbsp;<div class=\"readmore\"><a href=\"https:\/\/blog.ilgiornale.it\/bertirotti\/2022\/02\/28\/dopo\/\">Continua a leggere...<\/a><\/div><\/p>","protected":false},"author":1039,"featured_media":4224,"comment_status":"open","ping_status":"closed","sticky":false,"template":"","format":"standard","meta":[],"categories":[152369],"tags":[60083,74449,53957,336060,54100,72879,379577,16101,22813,152390,420465,405315,42,191894,40,364468,23448,20879,3720,405261,218,420461,364579,420467,19,420466],"_links":{"self":[{"href":"https:\/\/blog.ilgiornale.it\/bertirotti\/wp-json\/wp\/v2\/posts\/4226"}],"collection":[{"href":"https:\/\/blog.ilgiornale.it\/bertirotti\/wp-json\/wp\/v2\/posts"}],"about":[{"href":"https:\/\/blog.ilgiornale.it\/bertirotti\/wp-json\/wp\/v2\/types\/post"}],"author":[{"embeddable":true,"href":"https:\/\/blog.ilgiornale.it\/bertirotti\/wp-json\/wp\/v2\/users\/1039"}],"replies":[{"embeddable":true,"href":"https:\/\/blog.ilgiornale.it\/bertirotti\/wp-json\/wp\/v2\/comments?post=4226"}],"version-history":[{"count":1,"href":"https:\/\/blog.ilgiornale.it\/bertirotti\/wp-json\/wp\/v2\/posts\/4226\/revisions"}],"predecessor-version":[{"id":4227,"href":"https:\/\/blog.ilgiornale.it\/bertirotti\/wp-json\/wp\/v2\/posts\/4226\/revisions\/4227"}],"wp:featuredmedia":[{"embeddable":true,"href":"https:\/\/blog.ilgiornale.it\/bertirotti\/wp-json\/wp\/v2\/media\/4224"}],"wp:attachment":[{"href":"https:\/\/blog.ilgiornale.it\/bertirotti\/wp-json\/wp\/v2\/media?parent=4226"}],"wp:term":[{"taxonomy":"category","embeddable":true,"href":"https:\/\/blog.ilgiornale.it\/bertirotti\/wp-json\/wp\/v2\/categories?post=4226"},{"taxonomy":"post_tag","embeddable":true,"href":"https:\/\/blog.ilgiornale.it\/bertirotti\/wp-json\/wp\/v2\/tags?post=4226"}],"curies":[{"name":"wp","href":"https:\/\/api.w.org\/{rel}","templated":true}]}}