{"id":4250,"date":"2022-03-17T07:20:49","date_gmt":"2022-03-17T05:20:49","guid":{"rendered":"https:\/\/blog.ilgiornale.it\/bertirotti\/?p=4250"},"modified":"2022-03-17T07:20:49","modified_gmt":"2022-03-17T05:20:49","slug":"la-rivelazione","status":"publish","type":"post","link":"https:\/\/blog.ilgiornale.it\/bertirotti\/2022\/03\/17\/la-rivelazione\/","title":{"rendered":"La rivelazione"},"content":{"rendered":"<p style=\"text-align: justify;margin: 0cm 0cm 18.0pt 0cm\"><span style=\"font-size: 14.0pt;font-family: 'Futura Bk BT',sans-serif\"><a href=\"https:\/\/blog.ilgiornale.it\/bertirotti\/orologi_00\/\"><img loading=\"lazy\" class=\"alignleft size-medium wp-image-4249\" src=\"https:\/\/blog.ilgiornale.it\/bertirotti\/files\/2022\/03\/Orologi_00-300x225.jpg\" alt=\"\" width=\"300\" height=\"225\" srcset=\"https:\/\/blog.ilgiornale.it\/bertirotti\/files\/2022\/03\/Orologi_00-300x225.jpg 300w, https:\/\/blog.ilgiornale.it\/bertirotti\/files\/2022\/03\/Orologi_00-768x576.jpg 768w, https:\/\/blog.ilgiornale.it\/bertirotti\/files\/2022\/03\/Orologi_00.jpg 1024w\" sizes=\"(max-width: 300px) 100vw, 300px\" \/><\/a>\u00c8 tutta questione di\u2026 <strong>prospettiva<\/strong>.<\/span><\/p>\n<p style=\"text-align: justify;margin: 0cm 0cm 18.0pt 0cm\"><span style=\"font-size: 14.0pt;font-family: 'Futura Bk BT',sans-serif\">Il <span style=\"color: #ff00ff\"><i>passato<\/i><\/span>, <span style=\"color: #ff00ff\"><i>presente<\/i> <\/span>e <span style=\"color: #ff00ff\"><i>futuro<\/i><\/span> sono azioni della nostra mente.<\/span><\/p>\n<p style=\"text-align: justify;margin: 0cm 0cm 18.0pt 0cm\"><span style=\"font-size: 14.0pt;font-family: 'Futura Bk BT',sans-serif\">Sono idee, scenari, realizzati dal nostro cervello, dal suo funzionamento. Sono utili espedienti esistenziali con i quali <strong>ordiniamo<\/strong> le nostre esperienze.<\/span><\/p>\n<p style=\"text-align: justify;margin: 0cm 0cm 18.0pt 0cm\"><span style=\"font-size: 14.0pt;font-family: 'Futura Bk BT',sans-serif\">\u00c8 cos\u00ec che inventiamo il <span style=\"color: #ff00ff\"><i>tempo<\/i><\/span>, considerando quello che eravamo attraverso la memoria di quello che ricordiamo di noi stessi, delle situazioni che abbiamo vissuto (passato), e di quello che pensiamo essere ora (presente) per cambiare in avvenire (futuro).<\/span><\/p>\n<p style=\"text-align: justify;margin: 0cm 0cm 18.0pt 0cm\"><span style=\"font-size: 14.0pt;font-family: 'Futura Bk BT',sans-serif\">Viene cos\u00ec a crearsi un vero e proprio spazio <strong>tridimensionale<\/strong>: il luogo della nostra mente in cui abitano le esperienze passate, quelle attuali e l\u2019immaginazione di quelle future.<\/span><\/p>\n<p style=\"text-align: justify;margin: 0cm 0cm 18.0pt 0cm\"><span style=\"font-size: 14.0pt;font-family: 'Futura Bk BT',sans-serif\"><a href=\"https:\/\/blog.ilgiornale.it\/bertirotti\/kandinsky_00\/\"><img loading=\"lazy\" class=\"alignleft size-medium wp-image-4245\" src=\"https:\/\/blog.ilgiornale.it\/bertirotti\/files\/2022\/03\/Kandinsky_00-300x224.jpg\" alt=\"\" width=\"300\" height=\"224\" srcset=\"https:\/\/blog.ilgiornale.it\/bertirotti\/files\/2022\/03\/Kandinsky_00-300x224.jpg 300w, https:\/\/blog.ilgiornale.it\/bertirotti\/files\/2022\/03\/Kandinsky_00-1024x765.jpg 1024w, https:\/\/blog.ilgiornale.it\/bertirotti\/files\/2022\/03\/Kandinsky_00-768x573.jpg 768w, https:\/\/blog.ilgiornale.it\/bertirotti\/files\/2022\/03\/Kandinsky_00.jpg 1200w\" sizes=\"(max-width: 300px) 100vw, 300px\" \/><\/a>Sono stati <b>Wassily Kandinsky<\/b> (1866-1944) e <b>Paul Klee<\/b> (1879-1940) a intuire l\u2019importanza di questo spazio mentale, sostenendone per primi il valore rispetto a ci\u00f2 che crediamo essere la nostra realt\u00e0.<a href=\"https:\/\/blog.ilgiornale.it\/bertirotti\/paul_klee_00\/\"><img loading=\"lazy\" class=\"alignright size-medium wp-image-4248\" src=\"https:\/\/blog.ilgiornale.it\/bertirotti\/files\/2022\/03\/Paul_Klee_00-271x300.jpg\" alt=\"\" width=\"271\" height=\"300\" srcset=\"https:\/\/blog.ilgiornale.it\/bertirotti\/files\/2022\/03\/Paul_Klee_00-271x300.jpg 271w, https:\/\/blog.ilgiornale.it\/bertirotti\/files\/2022\/03\/Paul_Klee_00-925x1024.jpg 925w, https:\/\/blog.ilgiornale.it\/bertirotti\/files\/2022\/03\/Paul_Klee_00-768x850.jpg 768w, https:\/\/blog.ilgiornale.it\/bertirotti\/files\/2022\/03\/Paul_Klee_00-1388x1536.jpg 1388w, https:\/\/blog.ilgiornale.it\/bertirotti\/files\/2022\/03\/Paul_Klee_00.jpg 1446w\" sizes=\"(max-width: 271px) 100vw, 271px\" \/><\/a><\/span><\/p>\n<p style=\"text-align: justify;margin: 0cm 0cm 18.0pt 0cm\"><span style=\"font-size: 14.0pt;font-family: 'Futura Bk BT',sans-serif\">Non \u00e8 chiaro, nemmeno oggi, cosa si debba intendere con il termine <span style=\"color: #ff00ff\">realt\u00e0<\/span>.<\/span><\/p>\n<p style=\"text-align: justify;margin: 0cm 0cm 18.0pt 0cm\"><span style=\"font-size: 14.0pt;font-family: 'Futura Bk BT',sans-serif\"><a href=\"https:\/\/blog.ilgiornale.it\/bertirotti\/pablo_picasso_00\/\"><img loading=\"lazy\" class=\"aligncenter size-medium wp-image-4246\" src=\"https:\/\/blog.ilgiornale.it\/bertirotti\/files\/2022\/03\/Pablo_Picasso_00-247x300.jpg\" alt=\"\" width=\"247\" height=\"300\" srcset=\"https:\/\/blog.ilgiornale.it\/bertirotti\/files\/2022\/03\/Pablo_Picasso_00-247x300.jpg 247w, https:\/\/blog.ilgiornale.it\/bertirotti\/files\/2022\/03\/Pablo_Picasso_00-768x934.jpg 768w, https:\/\/blog.ilgiornale.it\/bertirotti\/files\/2022\/03\/Pablo_Picasso_00.jpg 822w\" sizes=\"(max-width: 247px) 100vw, 247px\" \/><\/a>E la colpa di questa difficolt\u00e0 \u00e8 anche di <b>Pablo Picasso<\/b> (1881-1973). Con i suoi cubi, egli ha destrutturato completamente la realt\u00e0, cos\u00ec come veniva rappresentata sino ad allora. Ma non \u00e8 stato il solo. Prima di lui, <b>Paul Gauguin<\/b> (1848-1903) \u00e8 ritornato antropologicamente a una pittura bidimensionale.<a href=\"https:\/\/blog.ilgiornale.it\/bertirotti\/paul_gauguin_-_portrait_de_lartiste_au_christ_jaune_-_1891\/\"><img loading=\"lazy\" class=\"alignright size-medium wp-image-4252\" src=\"https:\/\/blog.ilgiornale.it\/bertirotti\/files\/2022\/03\/Paul_Gauguin_-_Portrait_de_lartiste_au_Christ_jaune_-_1891-300x243.jpg\" alt=\"\" width=\"300\" height=\"243\" srcset=\"https:\/\/blog.ilgiornale.it\/bertirotti\/files\/2022\/03\/Paul_Gauguin_-_Portrait_de_lartiste_au_Christ_jaune_-_1891-300x243.jpg 300w, https:\/\/blog.ilgiornale.it\/bertirotti\/files\/2022\/03\/Paul_Gauguin_-_Portrait_de_lartiste_au_Christ_jaune_-_1891-1024x829.jpg 1024w, https:\/\/blog.ilgiornale.it\/bertirotti\/files\/2022\/03\/Paul_Gauguin_-_Portrait_de_lartiste_au_Christ_jaune_-_1891-768x622.jpg 768w, https:\/\/blog.ilgiornale.it\/bertirotti\/files\/2022\/03\/Paul_Gauguin_-_Portrait_de_lartiste_au_Christ_jaune_-_1891.jpg 1080w\" sizes=\"(max-width: 300px) 100vw, 300px\" \/><\/a><\/span><\/p>\n<p style=\"text-align: justify;margin: 0cm 0cm 18.0pt 0cm\"><span style=\"font-size: 14.0pt;font-family: 'Futura Bk BT',sans-serif\">Cos\u00ec, questi due grandi artisti, ancora oggi ci dicono: \u00abAttenzione! I punti di vista sulle cose, attorno alle cose e anche alle persone, sono molti. E forse, sono persino tutti validi, oppure tutti <strong>fasulli<\/strong>. Sta a voi scoprirlo, magari cercando di intuire qual \u00e8 quello che pi\u00f9 vi rappresenta\u00bb.<\/span><\/p>\n<p style=\"text-align: justify;margin: 0cm 0cm 18.0pt 0cm\"><span style=\"font-size: 14.0pt;font-family: 'Futura Bk BT',sans-serif\">Ma il dibattito sulla realt\u00e0 non finisce con loro.<\/span><\/p>\n<p style=\"text-align: justify;margin: 0cm 0cm 18.0pt 0cm\"><span style=\"font-size: 14.0pt;font-family: 'Futura Bk BT',sans-serif\"><a href=\"https:\/\/blog.ilgiornale.it\/bertirotti\/paul_cezanne_00\/\"><img loading=\"lazy\" class=\"alignleft size-medium wp-image-4247\" src=\"https:\/\/blog.ilgiornale.it\/bertirotti\/files\/2022\/03\/Paul_Cezanne_00-229x300.jpg\" alt=\"\" width=\"229\" height=\"300\" srcset=\"https:\/\/blog.ilgiornale.it\/bertirotti\/files\/2022\/03\/Paul_Cezanne_00-229x300.jpg 229w, https:\/\/blog.ilgiornale.it\/bertirotti\/files\/2022\/03\/Paul_Cezanne_00-782x1024.jpg 782w, https:\/\/blog.ilgiornale.it\/bertirotti\/files\/2022\/03\/Paul_Cezanne_00-768x1006.jpg 768w, https:\/\/blog.ilgiornale.it\/bertirotti\/files\/2022\/03\/Paul_Cezanne_00-1173x1536.jpg 1173w, https:\/\/blog.ilgiornale.it\/bertirotti\/files\/2022\/03\/Paul_Cezanne_00-1563x2048.jpg 1563w, https:\/\/blog.ilgiornale.it\/bertirotti\/files\/2022\/03\/Paul_Cezanne_00-scaled.jpg 1954w\" sizes=\"(max-width: 229px) 100vw, 229px\" \/><\/a>Nello stesso periodo, <b>Paul Cezanne<\/b> (1839-1906), con maggiore determinazione e forse anche con maggiore consapevolezza, ha variato la prospettiva, costringendoci a considerare ogni sua opera da ottiche di percezione diverse.<\/span><\/p>\n<p style=\"text-align: justify;margin: 0cm 0cm 18.0pt 0cm\"><span style=\"font-size: 14.0pt;font-family: 'Futura Bk BT',sans-serif\">\u00c8 cos\u00ec che si \u00e8 fatta strada, nel nostro Occidente, un\u2019idea cardine e <strong>rivoluzionaria<\/strong>: l\u2019essere umano, per il solo fatto che esiste, altera il punto di vista. E se ne scoprono davvero molti: infiniti, diremo.<\/span><\/p>\n<p style=\"text-align: justify;margin: 0cm 0cm 18.0pt 0cm\"><span style=\"font-size: 14.0pt;font-family: 'Futura Bk BT',sans-serif\">E poich\u00e9 tutte le cose sono collegate fra loro, \u00abe non \u00e8 possibile cogliere un fiore senza turbare una stella\u00bb come ha ricordato <b>Galileo Galilei<\/b> nel XVII secolo, nel 1905 l\u2019umanit\u00e0 approda con <b>Albert Einstein<\/b> alla Teoria della relativit\u00e0. E da allora in poi il tempo, poich\u00e9 dipende dallo <i>stato<\/i> e dal <i>moto<\/i> dell\u2019osservatore, non \u00e8 pi\u00f9 stato sincronizzato secondo un unico punto di vista. Si tratta di una rivoluzione vera e propria, che rimodella totalmente l\u2019intera visione del mondo e della vista stessa.<\/span><\/p>\n<p style=\"text-align: justify;margin: 0cm 0cm 18.0pt 0cm\"><span style=\"font-size: 14.0pt;font-family: 'Futura Bk BT',sans-serif\">Infine, arriva <b>Salvator Dal\u00ec<\/b> (1904-1989) a introdurre la bidimensionalit\u00e0.<\/span><\/p>\n<p style=\"text-align: justify;margin: 0cm 0cm 18.0pt 0cm\"><span style=\"font-size: 14.0pt;font-family: 'Futura Bk BT',sans-serif\">Le ore dei suoi orologi molli sono diverse fra loro, perch\u00e9 il tempo si <span style=\"color: #ff00ff\">scioglie<\/span>, si <span style=\"color: #ff00ff\">allunga<\/span>, si <span style=\"color: #ff00ff\">dilata<\/span> e non rappresenta pi\u00f9 una successione lineare di falsi istanti.<\/span><\/p>\n<p style=\"text-align: justify;margin: 0cm 0cm 18.0pt 0cm\"><span style=\"font-size: 14.0pt;font-family: 'Futura Bk BT',sans-serif\">Ecco, con queste considerazioni, dal <strong>24 febbraio 2022<\/strong> in poi siamo entranti, ancora una volta, in un modo nuovo, che sembra presentarsi peggiore.<\/span><\/p>\n<p style=\"text-align: justify;margin: 0cm 0cm 18.0pt 0cm\"><span style=\"font-size: 14.0pt;font-family: 'Futura Bk BT',sans-serif\">Perch\u00e9 <strong>sembra<\/strong> tale?<\/span><\/p>\n<p style=\"text-align: justify;margin: 0cm 0cm 18.0pt 0cm\"><span style=\"font-size: 14.0pt;font-family: 'Futura Bk BT',sans-serif\">Perch\u00e9 le cose sono cambiate radicalmente: le visioni, le prospettive e specialmente i <span style=\"color: #ff00ff\"><i>sentimenti di reciproca fiducia tra le nazioni<\/i><\/span>.<\/span><\/p>\n","protected":false},"excerpt":{"rendered":"<p><p>\u00c8 tutta questione di\u2026 prospettiva. Il passato, presente e futuro sono azioni della nostra mente. Sono idee, scenari, realizzati dal nostro cervello, dal suo funzionamento. Sono utili espedienti esistenziali con i quali ordiniamo le nostre esperienze. \u00c8 cos\u00ec che inventiamo il tempo, considerando quello che eravamo attraverso la memoria di quello che ricordiamo di noi stessi, delle situazioni che abbiamo vissuto (passato), e di quello che pensiamo essere ora (presente) per cambiare in avvenire (futuro). Viene cos\u00ec a crearsi un vero e proprio spazio tridimensionale: il luogo della nostra mente in cui abitano le esperienze passate, quelle attuali e l\u2019immaginazione [&hellip;]<\/p>\n&nbsp;&nbsp;<div class=\"readmore\"><a href=\"https:\/\/blog.ilgiornale.it\/bertirotti\/2022\/03\/17\/la-rivelazione\/\">Continua a leggere...<\/a><\/div><\/p>","protected":false},"author":1039,"featured_media":4249,"comment_status":"open","ping_status":"closed","sticky":false,"template":"","format":"standard","meta":[],"categories":[73708],"tags":[68247,53957,452703,25,42,452691,405263,405270,409544,17914,40,222,6930,3720,34523,452702,35316,52241,80694,22693,376742,452697,28320,47034,62562,22694,405285,87768,842,19,452694,302687,239879,206,245090,10756,420303,6469,452692,420104],"_links":{"self":[{"href":"https:\/\/blog.ilgiornale.it\/bertirotti\/wp-json\/wp\/v2\/posts\/4250"}],"collection":[{"href":"https:\/\/blog.ilgiornale.it\/bertirotti\/wp-json\/wp\/v2\/posts"}],"about":[{"href":"https:\/\/blog.ilgiornale.it\/bertirotti\/wp-json\/wp\/v2\/types\/post"}],"author":[{"embeddable":true,"href":"https:\/\/blog.ilgiornale.it\/bertirotti\/wp-json\/wp\/v2\/users\/1039"}],"replies":[{"embeddable":true,"href":"https:\/\/blog.ilgiornale.it\/bertirotti\/wp-json\/wp\/v2\/comments?post=4250"}],"version-history":[{"count":2,"href":"https:\/\/blog.ilgiornale.it\/bertirotti\/wp-json\/wp\/v2\/posts\/4250\/revisions"}],"predecessor-version":[{"id":4253,"href":"https:\/\/blog.ilgiornale.it\/bertirotti\/wp-json\/wp\/v2\/posts\/4250\/revisions\/4253"}],"wp:featuredmedia":[{"embeddable":true,"href":"https:\/\/blog.ilgiornale.it\/bertirotti\/wp-json\/wp\/v2\/media\/4249"}],"wp:attachment":[{"href":"https:\/\/blog.ilgiornale.it\/bertirotti\/wp-json\/wp\/v2\/media?parent=4250"}],"wp:term":[{"taxonomy":"category","embeddable":true,"href":"https:\/\/blog.ilgiornale.it\/bertirotti\/wp-json\/wp\/v2\/categories?post=4250"},{"taxonomy":"post_tag","embeddable":true,"href":"https:\/\/blog.ilgiornale.it\/bertirotti\/wp-json\/wp\/v2\/tags?post=4250"}],"curies":[{"name":"wp","href":"https:\/\/api.w.org\/{rel}","templated":true}]}}