{"id":4274,"date":"2022-04-04T06:24:35","date_gmt":"2022-04-04T04:24:35","guid":{"rendered":"https:\/\/blog.ilgiornale.it\/bertirotti\/?p=4274"},"modified":"2022-04-04T06:24:35","modified_gmt":"2022-04-04T04:24:35","slug":"noi-stessi","status":"publish","type":"post","link":"https:\/\/blog.ilgiornale.it\/bertirotti\/2022\/04\/04\/noi-stessi\/","title":{"rendered":"Noi stessi"},"content":{"rendered":"<p style=\"text-align: justify;margin: 0cm 0cm 18.0pt 0cm\"><span style=\"font-size: 14.0pt;font-family: 'Futura Bk BT',sans-serif\"><a href=\"https:\/\/blog.ilgiornale.it\/bertirotti\/autoconocimiento\/\"><img loading=\"lazy\" class=\"alignleft size-medium wp-image-4271\" src=\"https:\/\/blog.ilgiornale.it\/bertirotti\/files\/2022\/04\/autoconocimiento-300x181.jpg\" alt=\"\" width=\"300\" height=\"181\" srcset=\"https:\/\/blog.ilgiornale.it\/bertirotti\/files\/2022\/04\/autoconocimiento-300x181.jpg 300w, https:\/\/blog.ilgiornale.it\/bertirotti\/files\/2022\/04\/autoconocimiento-768x464.jpg 768w, https:\/\/blog.ilgiornale.it\/bertirotti\/files\/2022\/04\/autoconocimiento.jpg 800w\" sizes=\"(max-width: 300px) 100vw, 300px\" \/><\/a>\u00c8 tutta questione di\u2026 <strong>cognizione di s\u00e9<\/strong>.<\/span><\/p>\n<p style=\"text-align: justify;margin: 0cm 0cm 18.0pt 0cm\"><span style=\"font-size: 14.0pt;font-family: 'Futura Bk BT',sans-serif\">Spiegare e capire la banalit\u00e0 ha costituito una meta importante per le conquiste scientifiche <strong>occidentali<\/strong>.<\/span><\/p>\n<p style=\"text-align: justify;margin: 0cm 0cm 18.0pt 0cm\"><span style=\"font-size: 14.0pt;font-family: 'Futura Bk BT',sans-serif\">Siamo partiti da <strong>Galileo<\/strong> per giungere ad <strong>Einstein<\/strong>, passando da Isaac <strong>Newton<\/strong>, Pierre-Simon de <strong>Laplace<\/strong> e Marcelin <strong>Berthelot<\/strong>, sforzandoci, anche con successo, di inseguire la complessit\u00e0 per ridurla a semplicit\u00e0. Con <strong>D\u00e9scartes<\/strong>, Auguste <strong>Comte<\/strong> e il circolo di Vienna, \u00e8 iniziata l\u2019era che dalla complessit\u00e0 arriva alla semplificazione, attraverso la convinzione che tutto nel mondo sia una successione di cause ed effetti.<\/span><\/p>\n<p style=\"text-align: justify;margin: 0cm 0cm 18.0pt 0cm\"><span style=\"font-size: 14.0pt;font-family: 'Futura Bk BT',sans-serif\">Nel seguire questa <strong>convinzione<\/strong>, ossia credere che la ragione sia in grado di individuare le leggi che si celano dietro la complessit\u00e0 della realt\u00e0, senza esserne del tutto consapevoli, abbiamo reso <b>mediocre<\/b> il <b>meraviglioso<\/b>.<\/span><\/p>\n<p style=\"text-align: justify;margin: 0cm 0cm 18.0pt 0cm\"><span style=\"font-size: 14.0pt;font-family: 'Futura Bk BT',sans-serif\">Personalmente ritengo che l\u2019essere umano, nella sua tendenza a realizzare questa operazione di riduzionismo esistenziale e <strong>naturale<\/strong>, abbia, ad esempio, relegato anche l\u2019anelito verso il divino, presente in tutte le culture umane finora scoperte e studiate, alla sfera della pura fantascienza.<\/span><\/p>\n<p style=\"text-align: justify;margin: 0cm 0cm 18.0pt 0cm\"><span style=\"font-size: 14.0pt;font-family: 'Futura Bk BT',sans-serif\">Si \u00e8 detto per anni, e qualcuno continua a ripeterlo, che la <strong>scienza<\/strong> avrebbe scoperto i misteri pi\u00f9 reconditi della vita, della mente e dell\u2019animo umano, grazie alla sperimentazione.<\/span><\/p>\n<p style=\"text-align: justify;margin: 0cm 0cm 18.0pt 0cm\"><span style=\"font-size: 14.0pt;font-family: 'Futura Bk BT',sans-serif\">E seguendo per secoli questo percorso, che in un certo senso gli stessi scienziati contemporanei si sono trovati a supportare senza alternative, si \u00e8 <strong>allontanata<\/strong> sempre di pi\u00f9 l\u2019idea di una complessit\u00e0 irriducibile, cio\u00e8 di una complessit\u00e0 che non possiamo semplificare e tanto meno indagare.<\/span><\/p>\n<p><a href=\"https:\/\/blog.ilgiornale.it\/bertirotti\/self-discovery\/\"><img loading=\"lazy\" class=\"size-full wp-image-4273\" src=\"https:\/\/blog.ilgiornale.it\/bertirotti\/files\/2022\/04\/Se_stessi_00.jpg\" alt=\"\" width=\"180\" height=\"140\" \/><\/a><\/p>\n<p style=\"text-align: justify;margin: 0cm 0cm 18.0pt 0cm\"><span style=\"font-size: 14.0pt;font-family: 'Futura Bk BT',sans-serif\">Ed ora assistiamo ad un atteggiamento scientifico generalizzato che tende a rendere la <strong>comprensione<\/strong> della realt\u00e0, quasi banale, ossia regolata da leggi di <b>causa<\/b> ed <b>effetto<\/b> facilmente commerciabili.<\/span><\/p>\n<p style=\"text-align: justify;margin: 0cm 0cm 18.0pt 0cm\"><span style=\"font-size: 14.0pt;font-family: 'Futura Bk BT',sans-serif\">Intanto, nei rapporti umani della vita quotidiana, le persone tendono a definirsi sempre pi\u00f9 uniche, irripetibili e autonome. \u00c8 come se adottassimo un atteggiamento schizofrenico. Quando dobbiamo <strong>giudicare<\/strong> noi stessi, nella parte pi\u00f9 interiore e nascosta del nostro essere, tendiamo a giustificare la presenza di una grande complessit\u00e0. Mentre, quando dobbiamo giudicare le altre persone, come la realt\u00e0 che ci circonda, siamo indotti a trovare soluzioni ovvie, basate su <span style=\"color: #ff00ff\">stereotipi<\/span> e <span style=\"color: #ff00ff\">preconcetti<\/span>, poco originali ma che, comunque, salvano sempre la nostra identit\u00e0.<\/span><\/p>\n<p style=\"text-align: justify;margin: 0cm 0cm 18.0pt 0cm\"><span style=\"font-size: 14.0pt;font-family: 'Futura Bk BT',sans-serif\">Gli altri, per il fatto di essere altro da me, sono sempre <strong>qualcosa<\/strong> di molto diverso da me, e per questo semplice fatto, ammesso che sia un fatto reale, io sono sempre il migliore.<\/span><\/p>\n<p style=\"text-align: justify;margin: 0cm 0cm 18.0pt 0cm\"><span style=\"font-size: 14.0pt;font-family: 'Futura Bk BT',sans-serif\"><a href=\"https:\/\/blog.ilgiornale.it\/bertirotti\/furto-identita-conseguenze\/\"><img loading=\"lazy\" class=\"alignleft size-medium wp-image-4272\" src=\"https:\/\/blog.ilgiornale.it\/bertirotti\/files\/2022\/04\/furto-identita-conseguenze-300x200.jpg\" alt=\"\" width=\"300\" height=\"200\" srcset=\"https:\/\/blog.ilgiornale.it\/bertirotti\/files\/2022\/04\/furto-identita-conseguenze-300x200.jpg 300w, https:\/\/blog.ilgiornale.it\/bertirotti\/files\/2022\/04\/furto-identita-conseguenze-1024x682.jpg 1024w, https:\/\/blog.ilgiornale.it\/bertirotti\/files\/2022\/04\/furto-identita-conseguenze-768x512.jpg 768w, https:\/\/blog.ilgiornale.it\/bertirotti\/files\/2022\/04\/furto-identita-conseguenze.jpg 1536w\" sizes=\"(max-width: 300px) 100vw, 300px\" \/><\/a>E mi sembra che nei fatti che stanno caratterizzando questo nostro mondo, a partire dall&#8217;<span style=\"color: #ff00ff\">Europa<\/span>, si configuri proprio quanto appena scritto.<\/span><\/p>\n","protected":false},"excerpt":{"rendered":"<p><p>\u00c8 tutta questione di\u2026 cognizione di s\u00e9. Spiegare e capire la banalit\u00e0 ha costituito una meta importante per le conquiste scientifiche occidentali. Siamo partiti da Galileo per giungere ad Einstein, passando da Isaac Newton, Pierre-Simon de Laplace e Marcelin Berthelot, sforzandoci, anche con successo, di inseguire la complessit\u00e0 per ridurla a semplicit\u00e0. Con D\u00e9scartes, Auguste Comte e il circolo di Vienna, \u00e8 iniziata l\u2019era che dalla complessit\u00e0 arriva alla semplificazione, attraverso la convinzione che tutto nel mondo sia una successione di cause ed effetti. Nel seguire questa convinzione, ossia credere che la ragione sia in grado di individuare le leggi [&hellip;]<\/p>\n&nbsp;&nbsp;<div class=\"readmore\"><a href=\"https:\/\/blog.ilgiornale.it\/bertirotti\/2022\/04\/04\/noi-stessi\/\">Continua a leggere...<\/a><\/div><\/p>","protected":false},"author":1039,"featured_media":4271,"comment_status":"open","ping_status":"closed","sticky":false,"template":"","format":"standard","meta":[],"categories":[54033],"tags":[452721,344163,452723,53957,336060,196941,121687,399650,420314,302657,42,10813,245095,452718,40,222,409705,63198,389307,452722,20856,405296,20879,405511,47034,452719,379753,25098,4853,452720,8991],"_links":{"self":[{"href":"https:\/\/blog.ilgiornale.it\/bertirotti\/wp-json\/wp\/v2\/posts\/4274"}],"collection":[{"href":"https:\/\/blog.ilgiornale.it\/bertirotti\/wp-json\/wp\/v2\/posts"}],"about":[{"href":"https:\/\/blog.ilgiornale.it\/bertirotti\/wp-json\/wp\/v2\/types\/post"}],"author":[{"embeddable":true,"href":"https:\/\/blog.ilgiornale.it\/bertirotti\/wp-json\/wp\/v2\/users\/1039"}],"replies":[{"embeddable":true,"href":"https:\/\/blog.ilgiornale.it\/bertirotti\/wp-json\/wp\/v2\/comments?post=4274"}],"version-history":[{"count":2,"href":"https:\/\/blog.ilgiornale.it\/bertirotti\/wp-json\/wp\/v2\/posts\/4274\/revisions"}],"predecessor-version":[{"id":4276,"href":"https:\/\/blog.ilgiornale.it\/bertirotti\/wp-json\/wp\/v2\/posts\/4274\/revisions\/4276"}],"wp:featuredmedia":[{"embeddable":true,"href":"https:\/\/blog.ilgiornale.it\/bertirotti\/wp-json\/wp\/v2\/media\/4271"}],"wp:attachment":[{"href":"https:\/\/blog.ilgiornale.it\/bertirotti\/wp-json\/wp\/v2\/media?parent=4274"}],"wp:term":[{"taxonomy":"category","embeddable":true,"href":"https:\/\/blog.ilgiornale.it\/bertirotti\/wp-json\/wp\/v2\/categories?post=4274"},{"taxonomy":"post_tag","embeddable":true,"href":"https:\/\/blog.ilgiornale.it\/bertirotti\/wp-json\/wp\/v2\/tags?post=4274"}],"curies":[{"name":"wp","href":"https:\/\/api.w.org\/{rel}","templated":true}]}}