{"id":4430,"date":"2022-09-05T09:39:59","date_gmt":"2022-09-05T07:39:59","guid":{"rendered":"https:\/\/blog.ilgiornale.it\/bertirotti\/?p=4430"},"modified":"2022-09-05T09:39:59","modified_gmt":"2022-09-05T07:39:59","slug":"le-buone-intenzioni","status":"publish","type":"post","link":"https:\/\/blog.ilgiornale.it\/bertirotti\/2022\/09\/05\/le-buone-intenzioni\/","title":{"rendered":"Le buone intenzioni"},"content":{"rendered":"<p style=\"text-align: justify;margin: 0cm 0cm 18.0pt 0cm\"><span style=\"font-size: 14.0pt;font-family: 'Futura Bk BT',sans-serif\"><a href=\"https:\/\/blog.ilgiornale.it\/bertirotti\/scegliere_00\/\"><img loading=\"lazy\" class=\"alignleft size-medium wp-image-4429\" src=\"https:\/\/blog.ilgiornale.it\/bertirotti\/files\/2022\/09\/Scegliere_00-300x199.jpg\" alt=\"\" width=\"300\" height=\"199\" srcset=\"https:\/\/blog.ilgiornale.it\/bertirotti\/files\/2022\/09\/Scegliere_00-300x199.jpg 300w, https:\/\/blog.ilgiornale.it\/bertirotti\/files\/2022\/09\/Scegliere_00.jpg 722w\" sizes=\"(max-width: 300px) 100vw, 300px\" \/><\/a>\u00c8 tutta questione di\u2026 <strong>tristezza<\/strong>.<\/span><\/p>\n<p style=\"text-align: justify;margin: 0cm 0cm 18.0pt 0cm\"><span style=\"font-size: 14.0pt;font-family: 'Futura Bk BT',sans-serif\">Si comunica per esprimere reciprocamente le proprie conoscenze, capacit\u00e0 e modi di essere nel rapporto con gli altri, <b><i>per mettere in comune con<\/i><\/b>.<\/span><\/p>\n<p style=\"text-align: justify;margin: 0cm 0cm 18.0pt 0cm\"><span style=\"font-size: 14.0pt;font-family: 'Futura Bk BT',sans-serif\">La comunicazione avviene fra, almeno, due parti\/soggetti che possiamo definire <b><i>emettitore<\/i><\/b> e <b><i>ricevente<\/i><\/b> e che, reciprocamente, scambiano a due o pi\u00f9 vie, informazioni. In ogni azione formativa, dunque educativa, \u00e8 presente quindi una azione comunicativa.<\/span><\/p>\n<p style=\"text-align: justify;margin: 0cm 0cm 18.0pt 0cm\"><span style=\"font-size: 14.0pt;font-family: 'Futura Bk BT',sans-serif\">Ne consegue che la qualit\u00e0 della nostra comunicazione determiner\u00e0 necessariamente il risultato formativo in ogni campo in cui si realizza: dalla <strong>famiglia<\/strong> alla scuola, dal contesto professionale a quello <strong>politico<\/strong>. In altre parole, la qualit\u00e0 della nostra intera vita \u00e8 determinata dal tipo e dalla qualit\u00e0 della nostra comunicazione.<\/span><\/p>\n<p style=\"text-align: justify;margin: 0cm 0cm 18.0pt 0cm\"><span style=\"font-size: 14.0pt;font-family: 'Futura Bk BT',sans-serif\">Ciascun <strong>individuo<\/strong> interagisce con gli altri per tutta la durata della propria vita.<\/span><\/p>\n<p style=\"text-align: justify;margin: 0cm 0cm 18.0pt 0cm\"><span style=\"font-size: 14.0pt;font-family: 'Futura Bk BT',sans-serif\">La comunicazione richiede per\u00f2 non solo interazione ma volont\u00e0 dialogica. La radice latina <b><i>cum munus<\/i><\/b> significa <b><i>dono comune<\/i><\/b>.<\/span><\/p>\n<p style=\"text-align: justify;margin: 0cm 0cm 18.0pt 0cm\"><span style=\"font-size: 14.0pt;font-family: 'Futura Bk BT',sans-serif\">La donazione \u00e8 il significato <strong>profondo<\/strong> della comunicazione. Doniamo conoscenze, abilit\u00e0, saperi, sentimenti, emozioni, paure, speranze, sogni e desideri. In questi atti ogni individuo diventa l\u2019esperienza degli altri individui, e il significato di una comunicazione dialogica risiede nel responso, cio\u00e8 nella <b><i>comunicazione di ritorno<\/i><\/b>, o <b><i>retroazione<\/i><\/b>.<a href=\"https:\/\/blog.ilgiornale.it\/bertirotti\/scegliere_01\/\"><img loading=\"lazy\" class=\"alignright size-medium wp-image-4428\" src=\"https:\/\/blog.ilgiornale.it\/bertirotti\/files\/2022\/09\/Scegliere_01-300x169.jpg\" alt=\"\" width=\"300\" height=\"169\" srcset=\"https:\/\/blog.ilgiornale.it\/bertirotti\/files\/2022\/09\/Scegliere_01-300x169.jpg 300w, https:\/\/blog.ilgiornale.it\/bertirotti\/files\/2022\/09\/Scegliere_01.jpg 699w\" sizes=\"(max-width: 300px) 100vw, 300px\" \/><\/a><\/span><\/p>\n<p style=\"text-align: justify;margin: 0cm 0cm 18.0pt 0cm\"><span style=\"font-size: 14.0pt;font-family: 'Futura Bk BT',sans-serif\">Vale a dire, che per il nostro interlocutore ci\u00f2 che conta \u00e8 quanto e che cosa ha effettivamente <strong>compreso<\/strong>. L\u2019emettitore a sua volta attende l\u2019informazione di ritorno, per comprendere che cosa ha effettivamente trasmesso.<\/span><\/p>\n<p style=\"text-align: justify;margin: 0cm 0cm 18.0pt 0cm\"><span style=\"font-size: 14.0pt;font-family: 'Futura Bk BT',sans-serif\"><span style=\"color: #ff00ff\">Nella comunicazione le buone intenzioni non contano<\/span>.<\/span><\/p>\n<p style=\"text-align: justify;margin: 0cm 0cm 18.0pt 0cm\"><span style=\"font-size: 14.0pt;font-family: 'Futura Bk BT',sans-serif\">Conta solo il risultato che otteniamo. <span style=\"color: #ff00ff\">Conta<\/span> solo ci\u00f2 che l\u2019interlocutore <strong>capisce<\/strong> e l\u2019emettitore risponde a sua volta.<\/span><\/p>\n<p style=\"text-align: justify;margin: 0cm 0cm 18.0pt 0cm\"><span style=\"font-size: 14.0pt;font-family: 'Futura Bk BT',sans-serif\">Quando provochiamo reazioni inappropriate rispetto al contenuto od al motivo della <strong>comunicazione<\/strong>, \u00e8 necessario valutare l\u2019intero sistema di comunicazione.<\/span><\/p>\n<p style=\"text-align: justify;margin: 0cm 0cm 18.0pt 0cm\"><span style=\"font-size: 14.0pt;font-family: 'Futura Bk BT',sans-serif\">Ecco, proprio sulla base di queste <strong>considerazioni<\/strong> antropologico-mentali e scientificamente acclarate dovrebbe essere relativamente facile affrontare la nostra prossima occasione comunicativa istituzionale di settembre.<\/span><\/p>\n<p style=\"text-align: justify;margin: 0cm 0cm 18.0pt 0cm\"><span style=\"font-size: 14.0pt;font-family: 'Futura Bk BT',sans-serif\"><span style=\"color: #ff00ff\">Ogni scelta \u00e8 comunicazione<\/span>.<\/span><\/p>\n","protected":false},"excerpt":{"rendered":"<p><p>\u00c8 tutta questione di\u2026 tristezza. Si comunica per esprimere reciprocamente le proprie conoscenze, capacit\u00e0 e modi di essere nel rapporto con gli altri, per mettere in comune con. La comunicazione avviene fra, almeno, due parti\/soggetti che possiamo definire emettitore e ricevente e che, reciprocamente, scambiano a due o pi\u00f9 vie, informazioni. In ogni azione formativa, dunque educativa, \u00e8 presente quindi una azione comunicativa. Ne consegue che la qualit\u00e0 della nostra comunicazione determiner\u00e0 necessariamente il risultato formativo in ogni campo in cui si realizza: dalla famiglia alla scuola, dal contesto professionale a quello politico. In altre parole, la qualit\u00e0 della nostra [&hellip;]<\/p>\n&nbsp;&nbsp;<div class=\"readmore\"><a href=\"https:\/\/blog.ilgiornale.it\/bertirotti\/2022\/09\/05\/le-buone-intenzioni\/\">Continua a leggere...<\/a><\/div><\/p>","protected":false},"author":1039,"featured_media":4429,"comment_status":"open","ping_status":"closed","sticky":false,"template":"","format":"standard","meta":[],"categories":[69991],"tags":[458919,53957,15644,62,405269,191871,823,452690,3789,458913,302686,68418,238,336082,399660,452789,379456,420257,63153,7203,52184,458916,458918,409583,458914,413861,87720,458891,458915,41327,25098,458917],"_links":{"self":[{"href":"https:\/\/blog.ilgiornale.it\/bertirotti\/wp-json\/wp\/v2\/posts\/4430"}],"collection":[{"href":"https:\/\/blog.ilgiornale.it\/bertirotti\/wp-json\/wp\/v2\/posts"}],"about":[{"href":"https:\/\/blog.ilgiornale.it\/bertirotti\/wp-json\/wp\/v2\/types\/post"}],"author":[{"embeddable":true,"href":"https:\/\/blog.ilgiornale.it\/bertirotti\/wp-json\/wp\/v2\/users\/1039"}],"replies":[{"embeddable":true,"href":"https:\/\/blog.ilgiornale.it\/bertirotti\/wp-json\/wp\/v2\/comments?post=4430"}],"version-history":[{"count":2,"href":"https:\/\/blog.ilgiornale.it\/bertirotti\/wp-json\/wp\/v2\/posts\/4430\/revisions"}],"predecessor-version":[{"id":4432,"href":"https:\/\/blog.ilgiornale.it\/bertirotti\/wp-json\/wp\/v2\/posts\/4430\/revisions\/4432"}],"wp:featuredmedia":[{"embeddable":true,"href":"https:\/\/blog.ilgiornale.it\/bertirotti\/wp-json\/wp\/v2\/media\/4429"}],"wp:attachment":[{"href":"https:\/\/blog.ilgiornale.it\/bertirotti\/wp-json\/wp\/v2\/media?parent=4430"}],"wp:term":[{"taxonomy":"category","embeddable":true,"href":"https:\/\/blog.ilgiornale.it\/bertirotti\/wp-json\/wp\/v2\/categories?post=4430"},{"taxonomy":"post_tag","embeddable":true,"href":"https:\/\/blog.ilgiornale.it\/bertirotti\/wp-json\/wp\/v2\/tags?post=4430"}],"curies":[{"name":"wp","href":"https:\/\/api.w.org\/{rel}","templated":true}]}}