{"id":4492,"date":"2022-12-12T07:04:18","date_gmt":"2022-12-12T05:04:18","guid":{"rendered":"https:\/\/blog.ilgiornale.it\/bertirotti\/?p=4492"},"modified":"2022-12-12T07:04:18","modified_gmt":"2022-12-12T05:04:18","slug":"putrefazione","status":"publish","type":"post","link":"https:\/\/blog.ilgiornale.it\/bertirotti\/2022\/12\/12\/putrefazione\/","title":{"rendered":"Putrefazione"},"content":{"rendered":"<p style=\"text-align: justify;margin: 0cm 0cm 18.0pt 0cm\"><span style=\"font-size: 14.0pt;font-family: 'Futura Bk BT',sans-serif\"><a href=\"https:\/\/blog.ilgiornale.it\/bertirotti\/putrefazione_00\/\"><img loading=\"lazy\" class=\"alignleft size-medium wp-image-4491\" src=\"https:\/\/blog.ilgiornale.it\/bertirotti\/files\/2022\/12\/Putrefazione_00-300x132.jpg\" alt=\"\" width=\"300\" height=\"132\" srcset=\"https:\/\/blog.ilgiornale.it\/bertirotti\/files\/2022\/12\/Putrefazione_00-300x132.jpg 300w, https:\/\/blog.ilgiornale.it\/bertirotti\/files\/2022\/12\/Putrefazione_00-1024x449.jpg 1024w, https:\/\/blog.ilgiornale.it\/bertirotti\/files\/2022\/12\/Putrefazione_00-768x337.jpg 768w, https:\/\/blog.ilgiornale.it\/bertirotti\/files\/2022\/12\/Putrefazione_00.jpg 1140w\" sizes=\"(max-width: 300px) 100vw, 300px\" \/><\/a>\u00c8 tutta questione di\u2026 <strong>sporcizia<\/strong>.<\/span><\/p>\n<p style=\"text-align: justify;margin: 0cm 0cm 18.0pt 0cm\"><span style=\"font-size: 14.0pt;font-family: 'Futura Bk BT',sans-serif\">Da alcuni millenni sappiamo perch\u00e9 continua ad essere efficace e in grado di <strong>metterci<\/strong> di fronte alle nostre responsabilit\u00e0, la frase &#8220;chi \u00e8 senza peccato, scagli la prima pietra&#8221;.<\/span><\/p>\n<p style=\"text-align: justify;margin: 0cm 0cm 18.0pt 0cm\"><span style=\"font-size: 14.0pt;font-family: 'Futura Bk BT',sans-serif\">Eppure, di fronte allo scandalo europeo (<strong>Panzeri<\/strong>, <strong>moglie<\/strong> e <strong>figlia<\/strong>), che si sta allargando sempre di pi\u00f9 (<strong>Emma Bonino<\/strong> and &amp; &#8211; nelle ultime ore anche <strong>Marc Tarabella<\/strong>), e che coinvolge il <strong>Qatar<\/strong> e il <strong>Marocco<\/strong>, nonch\u00e9 lo stesso <strong>Parlamento Europeo<\/strong>, \u00e8 difficile reagire come se tutto questo fosse un &#8220;fulmine e ciel sereno&#8221;.<\/span><\/p>\n<p style=\"text-align: justify;margin: 0cm 0cm 18.0pt 0cm\"><span style=\"font-size: 14.0pt;font-family: 'Futura Bk BT',sans-serif\">Sono molti, e si ripetono le conferme scientifiche, gli studi che dimostrano come il cervello di <strong>coloro<\/strong> che esercitano qualsiasi forma di potere (con il quale sia possibile sottomettere altri esseri umani e situazioni) si <strong>modifichi<\/strong> nelle sue connessioni neuronali, dando origine ad una ulteriore modificazione (anche permanente\u2026) del comportamento. Sia sufficiente leggere le ricerche di <span style=\"color: #ff00ff\">Margriet Sitskoorn<\/span>, per citare la ricercatrice olandese che si \u00e8 dedicata a questo tipo di indagini.<\/span><\/p>\n<p style=\"text-align: justify;margin: 0cm 0cm 18.0pt 0cm\"><span style=\"font-size: 14.0pt;font-family: 'Futura Bk BT',sans-serif\">Ebbi l&#8217;occasione, qualche anno fa, di frequentare una valida poetessa romana, <span style=\"color: #ff00ff\">Simonetta Bumbi<\/span>, la quale mi <strong>raccont\u00f2<\/strong> l&#8217;importanza di una frase che venne espressa da una suora, ora deceduta: &#8220;I soldi sono lo sterco del Diavolo, ma concimano i giardini del Signore&#8221;.<\/span><\/p>\n<p style=\"text-align: justify;margin: 0cm 0cm 18.0pt 0cm\"><span style=\"font-size: 14.0pt;font-family: 'Futura Bk BT',sans-serif\">Non sono mai riuscito, da quel momento in poi, ossia da quando ho preso coscienza della atroce verit\u00e0 umana che si <strong>nasconde<\/strong> dietro questa frase, a formulare in me stesso un&#8217;idea permanente ed equilibrata sull&#8217;importanza del denaro.<a href=\"https:\/\/blog.ilgiornale.it\/bertirotti\/putrefazione_01\/\"><img loading=\"lazy\" class=\"alignright size-medium wp-image-4490\" src=\"https:\/\/blog.ilgiornale.it\/bertirotti\/files\/2022\/12\/Putrefazione_01-300x225.jpg\" alt=\"\" width=\"300\" height=\"225\" srcset=\"https:\/\/blog.ilgiornale.it\/bertirotti\/files\/2022\/12\/Putrefazione_01-300x225.jpg 300w, https:\/\/blog.ilgiornale.it\/bertirotti\/files\/2022\/12\/Putrefazione_01.jpg 500w\" sizes=\"(max-width: 300px) 100vw, 300px\" \/><\/a><\/span><\/p>\n<p style=\"text-align: justify;margin: 0cm 0cm 18.0pt 0cm\"><span style=\"font-size: 14.0pt;font-family: 'Futura Bk BT',sans-serif\">Sono per\u00f2 giunto ad una conclusione, sia allora, quando sentii per la <strong>prima<\/strong> volta questa frase, che oggi, quando vi ripenso: sono felice di possedere ci\u00f2 che ritengo mi permetta di vivere un&#8217;esistenza dignitosa, senza la necessit\u00e0 di oltrepassare quel limite che <strong>risulterebbe<\/strong> essere un&#8217;offesa alla povert\u00e0 e alle difficolt\u00e0 di quelli meno fortunati di me.<\/span><\/p>\n<p style=\"text-align: justify;margin: 0cm 0cm 18.0pt 0cm\"><span style=\"font-size: 14.0pt;font-family: 'Futura Bk BT',sans-serif\">In sostanza, so (e in fondo l&#8217;ho sempre saputo, anche e soprattutto <strong>grazie<\/strong> ad una educazione famigliare materna che \u00e8 andata in questa direzione), che il denaro, indissolubilmente legato all&#8217;esercizio del potere, favorisce l&#8217;emergenza del <strong>peggio<\/strong> umano.<\/span><\/p>\n<p style=\"text-align: justify;margin: 0cm 0cm 18.0pt 0cm\"><span style=\"font-size: 14.0pt;font-family: 'Futura Bk BT',sans-serif\">Certo, esistono soluzioni, come ben <strong>descrive<\/strong> nelle sue ricerche la Sitskoorn, e non voglio annoiarvi nel riproporle qui.<\/span><\/p>\n<p style=\"text-align: justify;margin: 0cm 0cm 18.0pt 0cm\"><span style=\"font-size: 14.0pt;font-family: 'Futura Bk BT',sans-serif\">Da parte mia, mi sento sereno cos\u00ec\u2026 senza potere e con i soldi sufficienti per vivere dignitosamente, senza la necessit\u00e0 di comprare persone o viziare cose e situazioni, <span style=\"color: #ff00ff\">per dimostrare di essere lontano dalla morte<\/span>.<\/span><\/p>\n","protected":false},"excerpt":{"rendered":"<p><p>\u00c8 tutta questione di\u2026 sporcizia. Da alcuni millenni sappiamo perch\u00e9 continua ad essere efficace e in grado di metterci di fronte alle nostre responsabilit\u00e0, la frase &#8220;chi \u00e8 senza peccato, scagli la prima pietra&#8221;. Eppure, di fronte allo scandalo europeo (Panzeri, moglie e figlia), che si sta allargando sempre di pi\u00f9 (Emma Bonino and &amp; &#8211; nelle ultime ore anche Marc Tarabella), e che coinvolge il Qatar e il Marocco, nonch\u00e9 lo stesso Parlamento Europeo, \u00e8 difficile reagire come se tutto questo fosse un &#8220;fulmine e ciel sereno&#8221;. Sono molti, e si ripetono le conferme scientifiche, gli studi che dimostrano [&hellip;]<\/p>\n&nbsp;&nbsp;<div class=\"readmore\"><a href=\"https:\/\/blog.ilgiornale.it\/bertirotti\/2022\/12\/12\/putrefazione\/\">Continua a leggere...<\/a><\/div><\/p>","protected":false},"author":1039,"featured_media":4491,"comment_status":"open","ping_status":"closed","sticky":false,"template":"","format":"standard","meta":[],"categories":[40855],"tags":[350334,336059,133,72281,54078,405262,302657,29890,413906,54,63198,458985,66554,29891,17923,387399,16862,3155,405261,218,405276,22937,779,54034,458989,73700,458984,54013,231371,54074],"_links":{"self":[{"href":"https:\/\/blog.ilgiornale.it\/bertirotti\/wp-json\/wp\/v2\/posts\/4492"}],"collection":[{"href":"https:\/\/blog.ilgiornale.it\/bertirotti\/wp-json\/wp\/v2\/posts"}],"about":[{"href":"https:\/\/blog.ilgiornale.it\/bertirotti\/wp-json\/wp\/v2\/types\/post"}],"author":[{"embeddable":true,"href":"https:\/\/blog.ilgiornale.it\/bertirotti\/wp-json\/wp\/v2\/users\/1039"}],"replies":[{"embeddable":true,"href":"https:\/\/blog.ilgiornale.it\/bertirotti\/wp-json\/wp\/v2\/comments?post=4492"}],"version-history":[{"count":3,"href":"https:\/\/blog.ilgiornale.it\/bertirotti\/wp-json\/wp\/v2\/posts\/4492\/revisions"}],"predecessor-version":[{"id":4495,"href":"https:\/\/blog.ilgiornale.it\/bertirotti\/wp-json\/wp\/v2\/posts\/4492\/revisions\/4495"}],"wp:featuredmedia":[{"embeddable":true,"href":"https:\/\/blog.ilgiornale.it\/bertirotti\/wp-json\/wp\/v2\/media\/4491"}],"wp:attachment":[{"href":"https:\/\/blog.ilgiornale.it\/bertirotti\/wp-json\/wp\/v2\/media?parent=4492"}],"wp:term":[{"taxonomy":"category","embeddable":true,"href":"https:\/\/blog.ilgiornale.it\/bertirotti\/wp-json\/wp\/v2\/categories?post=4492"},{"taxonomy":"post_tag","embeddable":true,"href":"https:\/\/blog.ilgiornale.it\/bertirotti\/wp-json\/wp\/v2\/tags?post=4492"}],"curies":[{"name":"wp","href":"https:\/\/api.w.org\/{rel}","templated":true}]}}