{"id":4602,"date":"2023-04-17T08:30:06","date_gmt":"2023-04-17T06:30:06","guid":{"rendered":"https:\/\/blog.ilgiornale.it\/bertirotti\/?p=4602"},"modified":"2023-04-16T18:41:56","modified_gmt":"2023-04-16T16:41:56","slug":"volere-in-italia-impossibile","status":"publish","type":"post","link":"https:\/\/blog.ilgiornale.it\/bertirotti\/2023\/04\/17\/volere-in-italia-impossibile\/","title":{"rendered":"&#8220;Volere&#8221; in Italia? Impossibile"},"content":{"rendered":"<p><a href=\"https:\/\/blog.ilgiornale.it\/bertirotti\/forza-di-volonta\/\"><img loading=\"lazy\" class=\"alignleft size-medium wp-image-4601\" src=\"https:\/\/blog.ilgiornale.it\/bertirotti\/files\/2023\/04\/forza-di-volonta-300x164.jpg\" alt=\"\" width=\"300\" height=\"164\" srcset=\"https:\/\/blog.ilgiornale.it\/bertirotti\/files\/2023\/04\/forza-di-volonta-300x164.jpg 300w, https:\/\/blog.ilgiornale.it\/bertirotti\/files\/2023\/04\/forza-di-volonta-1024x561.jpg 1024w, https:\/\/blog.ilgiornale.it\/bertirotti\/files\/2023\/04\/forza-di-volonta-768x420.jpg 768w, https:\/\/blog.ilgiornale.it\/bertirotti\/files\/2023\/04\/forza-di-volonta.jpg 1200w\" sizes=\"(max-width: 300px) 100vw, 300px\" \/><\/a>\u00c8 tutta questione di\u2026 <strong>avidit\u00e0<\/strong>.<\/p>\n<p>All&#8217;interno del comportamento di una persona, la normale tendenza ad agire dovrebbe derivare dalle <strong>motivazioni<\/strong> personali. Queste ultime sono stimolate da una serie di incentivi situazionali, ossia contingenti e legati alle vicende di vita individuali.<\/p>\n<p>In quest&#8217;ottica, gli obiettivi individuali che ogni persona persegue, all&#8217;interno di un preciso periodo storico, dovrebbero derivare da <strong><em>motivi<\/em><\/strong> e <strong><em>bisogni<\/em><\/strong> persistenti.<\/p>\n<p>Sorge quindi spontanea una <strong>domanda<\/strong>:<span style=\"color: #ff00ff\"> se le nostre azioni sono il frutto di questi motivi e bisogni, a cosa serve attivare un processo di volont\u00e0?<\/span><\/p>\n<p>In realt\u00e0, per compiere azioni che sono il frutto di una relativamente libera scelta non \u00e8 possibile affidarsi esclusivamente alle motivazioni e bisogni personali, perch\u00e9 sono molti gli obiettivi che richiedono il raggiungimento di mete <strong>intermedie<\/strong> repellenti o del tutto spiacevoli.<\/p>\n<p>Se un individuo vuole acquistare potere all&#8217;interno della societ\u00e0 nella quale vive, \u00e8 assai probabile che debba rapportarsi con alcune persone <strong>spiacevoli<\/strong>, oppure sleali e disoneste. In qualche modo, quindi, questo individuo deve essere nelle condizioni di superare quegli ostacoli relazionali che potrebbero allontanarlo dal raggiungimento del suo obiettivo ultimo.<\/p>\n<p>Ecco che il processo volitivo assume un ruolo decisamente importante,\u00a0 che supera il processo motivazionale iniziale. In altre parole, \u00e8 necessario volere arrivare dove ci siamo <strong>prefissati<\/strong> di giungere, &#8220;facendo, spesse volte, buon viso alla cattiva sorte contingente&#8221;.<\/p>\n<p>In sostanza, nella realt\u00e0 quotidiana ci vengono molto spesso offerti incentivi che dobbiamo &#8220;acquistare in blocco&#8221;, perch\u00e9 all\u2019interno del blocco <strong>troviamo<\/strong> compiti che appartengono a tematiche diverse.<a href=\"https:\/\/blog.ilgiornale.it\/bertirotti\/forza-di-volonta_01\/\"><img loading=\"lazy\" class=\"alignright size-medium wp-image-4600\" src=\"https:\/\/blog.ilgiornale.it\/bertirotti\/files\/2023\/04\/forza-di-volonta_01-300x157.jpg\" alt=\"\" width=\"300\" height=\"157\" srcset=\"https:\/\/blog.ilgiornale.it\/bertirotti\/files\/2023\/04\/forza-di-volonta_01-300x157.jpg 300w, https:\/\/blog.ilgiornale.it\/bertirotti\/files\/2023\/04\/forza-di-volonta_01.jpg 650w\" sizes=\"(max-width: 300px) 100vw, 300px\" \/><\/a><\/p>\n<p>Un agire quotidiano coronato da successo non pu\u00f2 prescindere quindi dai processi di volont\u00e0, anche quando si riesce a <strong>mantenere<\/strong> l&#8217;assunzione di base secondo la quale il nostro comportamento \u00e8 in linea di principio guidato da motivazioni personali.<\/p>\n<p>Nell&#8217;attuale societ\u00e0 italiana, \u00e8 legittimo chiedersi se i nostri giovani ritengano opportuno <strong>attivare<\/strong> processi di volont\u00e0 per raggiungere obiettivi che sanno essere tipicamente clientelari e familistici.<\/p>\n<p>Mi sembra quindi relativamente legittimo, da parte loro, abbandonare qualsiasi processo volitivo per dedicarsi a stabilire relazioni inconcludenti, sia dal punto di vista intellettuale che della <strong>soddisfazione<\/strong> personale, ma che permettono di raggiungere gli obiettivi al di l\u00e0 delle proprie competenze e motivazioni.<\/p>\n<p><strong>Ragioniamo<\/strong> e <strong>riflettiamo<\/strong> su come i nostri giovani valutano il mondo che noi abbiamo contribuito a costruire e forse capiremo perch\u00e9 \u00e8 decisamente conveniente per loro, sia dal punto di vista mentale che antropologico, <span style=\"color: #ff00ff\">emigrare<\/span>.<\/p>\n","protected":false},"excerpt":{"rendered":"<p><p>\u00c8 tutta questione di\u2026 avidit\u00e0. All&#8217;interno del comportamento di una persona, la normale tendenza ad agire dovrebbe derivare dalle motivazioni personali. Queste ultime sono stimolate da una serie di incentivi situazionali, ossia contingenti e legati alle vicende di vita individuali. In quest&#8217;ottica, gli obiettivi individuali che ogni persona persegue, all&#8217;interno di un preciso periodo storico, dovrebbero derivare da motivi e bisogni persistenti. Sorge quindi spontanea una domanda: se le nostre azioni sono il frutto di questi motivi e bisogni, a cosa serve attivare un processo di volont\u00e0? In realt\u00e0, per compiere azioni che sono il frutto di una relativamente libera [&hellip;]<\/p>\n&nbsp;&nbsp;<div class=\"readmore\"><a href=\"https:\/\/blog.ilgiornale.it\/bertirotti\/2023\/04\/17\/volere-in-italia-impossibile\/\">Continua a leggere...<\/a><\/div><\/p>","protected":false},"author":1039,"featured_media":4601,"comment_status":"open","ping_status":"closed","sticky":false,"template":"","format":"standard","meta":[],"categories":[63157],"tags":[54071,53957,245037,74568,336059,62,133,87,459124,405262,302657,405344,238,379414,27421,405270,25439,8132,820,26,312910,74562,47034,405261,38689,87692,152345,14074,48,74518],"_links":{"self":[{"href":"https:\/\/blog.ilgiornale.it\/bertirotti\/wp-json\/wp\/v2\/posts\/4602"}],"collection":[{"href":"https:\/\/blog.ilgiornale.it\/bertirotti\/wp-json\/wp\/v2\/posts"}],"about":[{"href":"https:\/\/blog.ilgiornale.it\/bertirotti\/wp-json\/wp\/v2\/types\/post"}],"author":[{"embeddable":true,"href":"https:\/\/blog.ilgiornale.it\/bertirotti\/wp-json\/wp\/v2\/users\/1039"}],"replies":[{"embeddable":true,"href":"https:\/\/blog.ilgiornale.it\/bertirotti\/wp-json\/wp\/v2\/comments?post=4602"}],"version-history":[{"count":1,"href":"https:\/\/blog.ilgiornale.it\/bertirotti\/wp-json\/wp\/v2\/posts\/4602\/revisions"}],"predecessor-version":[{"id":4603,"href":"https:\/\/blog.ilgiornale.it\/bertirotti\/wp-json\/wp\/v2\/posts\/4602\/revisions\/4603"}],"wp:featuredmedia":[{"embeddable":true,"href":"https:\/\/blog.ilgiornale.it\/bertirotti\/wp-json\/wp\/v2\/media\/4601"}],"wp:attachment":[{"href":"https:\/\/blog.ilgiornale.it\/bertirotti\/wp-json\/wp\/v2\/media?parent=4602"}],"wp:term":[{"taxonomy":"category","embeddable":true,"href":"https:\/\/blog.ilgiornale.it\/bertirotti\/wp-json\/wp\/v2\/categories?post=4602"},{"taxonomy":"post_tag","embeddable":true,"href":"https:\/\/blog.ilgiornale.it\/bertirotti\/wp-json\/wp\/v2\/tags?post=4602"}],"curies":[{"name":"wp","href":"https:\/\/api.w.org\/{rel}","templated":true}]}}