{"id":4623,"date":"2023-05-08T08:25:22","date_gmt":"2023-05-08T06:25:22","guid":{"rendered":"https:\/\/blog.ilgiornale.it\/bertirotti\/?p=4623"},"modified":"2023-05-07T10:57:21","modified_gmt":"2023-05-07T08:57:21","slug":"la-cultura","status":"publish","type":"post","link":"https:\/\/blog.ilgiornale.it\/bertirotti\/2023\/05\/08\/la-cultura\/","title":{"rendered":"La cultura"},"content":{"rendered":"<p style=\"text-align: justify;margin: 0cm 0cm 18.0pt 0cm\"><span style=\"font-size: 14.0pt;font-family: 'Futura Bk BT',sans-serif\"><a href=\"https:\/\/blog.ilgiornale.it\/bertirotti\/la_cultura_01\/\"><img loading=\"lazy\" class=\"alignleft size-medium wp-image-4622\" src=\"https:\/\/blog.ilgiornale.it\/bertirotti\/files\/2023\/05\/La_cultura_01-300x164.jpg\" alt=\"\" width=\"300\" height=\"164\" srcset=\"https:\/\/blog.ilgiornale.it\/bertirotti\/files\/2023\/05\/La_cultura_01-300x164.jpg 300w, https:\/\/blog.ilgiornale.it\/bertirotti\/files\/2023\/05\/La_cultura_01.jpg 550w\" sizes=\"(max-width: 300px) 100vw, 300px\" \/><\/a>\u00c8 tutta questione di\u2026 <strong>consapevolezza<\/strong>.<\/span><\/p>\n<p style=\"text-align: justify;margin: 0cm 0cm 18.0pt 0cm\"><span style=\"font-size: 14.0pt;font-family: 'Futura Bk BT',sans-serif\">La cultura \u00e8 l&#8217;insieme di valori, credenze, conoscenze, linguaggi, norme, <strong>comportamenti<\/strong> e oggetti materiali che vengono condivisi all&#8217;interno di un gruppo, e trasmessi socialmente da una generazione all&#8217;altra.<\/span><\/p>\n<p style=\"text-align: justify;margin: 0cm 0cm 18.0pt 0cm\"><span style=\"font-size: 14.0pt;font-family: 'Futura Bk BT',sans-serif\">Essa opera attraverso le quotidiane interazioni individuali, mediante norme organizzative che ritroviamo nelle scuole, negli uffici e in altri gruppi; oppure grazie a <strong>strumenti<\/strong> diffusi in tutta la societ\u00e0, come possono essere i media oppure la stessa comunicazione religiosa.<\/span><\/p>\n<p style=\"text-align: justify;margin: 0cm 0cm 18.0pt 0cm\"><span style=\"font-size: 14.0pt;font-family: 'Futura Bk BT',sans-serif\">In una locuzione possiamo affermare che <span style=\"color: #ff00ff\"><i>la cultura \u00e8 un modo di esistere<\/i><\/span>.<\/span><\/p>\n<p style=\"text-align: justify;margin: 0cm 0cm 18.0pt 0cm\"><span style=\"font-size: 14.0pt;font-family: 'Futura Bk BT',sans-serif\">Per comprendere meglio la sua natura <strong>pervasiva<\/strong> possiamo fare qualche esempio.<\/span><\/p>\n<p style=\"text-align: justify;margin: 0cm 0cm 18.0pt 0cm\"><span style=\"font-size: 14.0pt;font-family: 'Futura Bk BT',sans-serif\">Ognuno di noi sa quando deve essere formale e gentile, probabilmente con i rappresentanti delle istituzioni, e quando invece pu\u00f2 <strong>rilassarsi<\/strong> ed essere informale, con gli amici intimi e la famiglia.<\/span><\/p>\n<p style=\"text-align: justify;margin: 0cm 0cm 18.0pt 0cm\"><span style=\"font-size: 14.0pt;font-family: 'Futura Bk BT',sans-serif\">Quando parliamo con una persona che stiamo conoscendo, il doverla guardare mentre le parliamo \u00e8 un fatto culturale. La maggioranza degli italiani fissa l&#8217;interlocutore, perch\u00e9, nella cultura <strong>occidentale<\/strong>, mirare direttamente negli occhi dell&#8217;altra persona \u00e8 indice di onest\u00e0 e schiettezza, mentre evitare di farlo produce la sensazione nell&#8217;altro di avere noi stessi qualcosa da <strong>nascondere<\/strong>. Invece, in alcuni paesi asiatici il contatto diretto degli occhi \u00e8 molto spesso considerato sgarbato e impertinente, mentre distogliere lo sguardo \u00e8 indice di deferenza e rispetto.<\/span><\/p>\n<p style=\"text-align: justify;margin: 0cm 0cm 18.0pt 0cm\"><span style=\"font-size: 14.0pt;font-family: 'Futura Bk BT',sans-serif\">Con questi due esempi, \u00e8 facile comprendere come il concetto di cultura ci aiuti a interagire in un mondo come il nostro, costituito da <span style=\"color: #ff00ff\"><i>diversit\u00e0 esistenziali<\/i><\/span>, e ci consente cos\u00ec di valutare pi\u00f9 oggettivamente le nostre credenze e comportamenti, i quali molto spesso sono invece considerati <span style=\"color: #ff00ff\"><i>naturali<\/i><\/span>.<a href=\"https:\/\/blog.ilgiornale.it\/bertirotti\/la_cultura_00-2\/\"><img loading=\"lazy\" class=\"alignright size-medium wp-image-4621\" src=\"https:\/\/blog.ilgiornale.it\/bertirotti\/files\/2023\/05\/La_cultura_00-300x157.jpeg\" alt=\"\" width=\"300\" height=\"157\" srcset=\"https:\/\/blog.ilgiornale.it\/bertirotti\/files\/2023\/05\/La_cultura_00-300x157.jpeg 300w, https:\/\/blog.ilgiornale.it\/bertirotti\/files\/2023\/05\/La_cultura_00.jpeg 474w\" sizes=\"(max-width: 300px) 100vw, 300px\" \/><\/a><\/span><\/p>\n<p style=\"text-align: justify;margin: 0cm 0cm 18.0pt 0cm\"><span style=\"font-size: 14.0pt;font-family: 'Futura Bk BT',sans-serif\">In effetti, la cultura non \u00e8 affatto naturale e non possiede una propria base <strong>biologica<\/strong>, a meno che non la si concepisca come frutto esclusivo e diretto della biologia umana. La cultura deve essere trasmessa e va appresa durante il processo definito di <strong>inculturazione<\/strong>.<\/span><\/p>\n<p style=\"text-align: justify;margin: 0cm 0cm 18.0pt 0cm\"><span style=\"font-size: 14.0pt;font-family: 'Futura Bk BT',sans-serif\">Poich\u00e9 le persone devono riprodurre la cultura per garantirne la sopravvivenza, \u00e8 per\u00f2 assai probabile che la modifichino adottando nuovi valori, credenze e comportamenti, <strong>abbandonando<\/strong> quelli pi\u00f9 antichi o spesso definiti tradizionali.<\/span><\/p>\n<p style=\"text-align: justify;margin: 0cm 0cm 18.0pt 0cm\"><span style=\"font-size: 14.0pt;font-family: 'Futura Bk BT',sans-serif\">Questo processo di <strong>evoluzione<\/strong> culturale pu\u00f2 generare conflitti, specialmente laddove alcune persone scelgano di attenersi a valori e modi di vita pi\u00f9 tradizionali, mentre altre abbraccino idee e comportamenti nuovi.<\/span><\/p>\n<p style=\"text-align: justify;margin: 0cm 0cm 18.0pt 0cm\"><span style=\"font-size: 14.0pt;font-family: 'Futura Bk BT',sans-serif\">Di conseguenza<span style=\"color: #ff00ff\"> i conflitti culturali sono relativamente comuni<\/span>.<\/span><\/p>\n<p style=\"text-align: justify;margin: 0cm 0cm 18.0pt 0cm\"><span style=\"font-size: 14.0pt;font-family: 'Futura Bk BT',sans-serif\">Gli <strong>scontri<\/strong> di valori, credenze e modi di vita aiutano ad alimentare questi conflitti, e contribuiscono talvolta anche a scatenare delle vere e proprie guerre.<\/span><\/p>\n<p style=\"text-align: justify;margin: 0cm 0cm 18.0pt 0cm\"><span style=\"font-size: 14.0pt;font-family: 'Futura Bk BT',sans-serif\">In sintesi, possiamo quindi affermare che la cultura \u00e8 un fattore intrinseco della nostra vita <strong>interpersonale<\/strong> e sociale e rappresenta un elemento essenziale per poter analizzare qualsiasi tipo di societ\u00e0 umana<\/span><\/p>\n<p style=\"text-align: justify;margin: 0cm 0cm 18.0pt 0cm\"><span style=\"font-size: 14.0pt;font-family: 'Futura Bk BT',sans-serif\">Penso che queste considerazioni, di natura <strong>prettamente<\/strong> scientifica ed accreditata accademicamente, possano aiutarci a comprendere meglio come, assai spesso, i nostri giudizi sul mondo, le cose e le persone siano tutt&#8217;altro che un fattore di <span style=\"color: #ff00ff\"><i>autonomia cognitiva<\/i><\/span>.<\/span><\/p>\n<p style=\"text-align: justify;margin: 0cm 0cm 18.0pt 0cm\"><span style=\"font-size: 14.0pt;font-family: 'Futura Bk BT',sans-serif\"><span style=\"color: #ff00ff\">Non pensiamo quasi mai con la nostra testa, ma sempre con quella altrui<\/span>.<\/span><\/p>\n<p style=\"text-align: justify;margin: 0cm 0cm 18.0pt 0cm\"><span style=\"font-size: 14.0pt;font-family: 'Futura Bk BT',sans-serif\">Molti sostengono il contrario, e forse \u00e8 questo il motivo per cui siamo ridotti, come cultura <strong>occidentale<\/strong>, non troppo bene.<\/span><\/p>\n","protected":false},"excerpt":{"rendered":"<p><p>\u00c8 tutta questione di\u2026 consapevolezza. La cultura \u00e8 l&#8217;insieme di valori, credenze, conoscenze, linguaggi, norme, comportamenti e oggetti materiali che vengono condivisi all&#8217;interno di un gruppo, e trasmessi socialmente da una generazione all&#8217;altra. Essa opera attraverso le quotidiane interazioni individuali, mediante norme organizzative che ritroviamo nelle scuole, negli uffici e in altri gruppi; oppure grazie a strumenti diffusi in tutta la societ\u00e0, come possono essere i media oppure la stessa comunicazione religiosa. In una locuzione possiamo affermare che la cultura \u00e8 un modo di esistere. Per comprendere meglio la sua natura pervasiva possiamo fare qualche esempio. Ognuno di noi sa [&hellip;]<\/p>\n&nbsp;&nbsp;<div class=\"readmore\"><a href=\"https:\/\/blog.ilgiornale.it\/bertirotti\/2023\/05\/08\/la-cultura\/\">Continua a leggere...<\/a><\/div><\/p>","protected":false},"author":1039,"featured_media":4622,"comment_status":"open","ping_status":"closed","sticky":false,"template":"","format":"standard","meta":[],"categories":[152480],"tags":[344210,387367,53957,302743,54058,59969,38647,196047,399623,389224,501852,405454,405344,344209,27111,413970,420266,420267,387601,20879,8203,34523,38083,35316,364599,260795,364579,13630,6944,59435,186607,502103,501468,8204,52347,501322,741,66657],"_links":{"self":[{"href":"https:\/\/blog.ilgiornale.it\/bertirotti\/wp-json\/wp\/v2\/posts\/4623"}],"collection":[{"href":"https:\/\/blog.ilgiornale.it\/bertirotti\/wp-json\/wp\/v2\/posts"}],"about":[{"href":"https:\/\/blog.ilgiornale.it\/bertirotti\/wp-json\/wp\/v2\/types\/post"}],"author":[{"embeddable":true,"href":"https:\/\/blog.ilgiornale.it\/bertirotti\/wp-json\/wp\/v2\/users\/1039"}],"replies":[{"embeddable":true,"href":"https:\/\/blog.ilgiornale.it\/bertirotti\/wp-json\/wp\/v2\/comments?post=4623"}],"version-history":[{"count":1,"href":"https:\/\/blog.ilgiornale.it\/bertirotti\/wp-json\/wp\/v2\/posts\/4623\/revisions"}],"predecessor-version":[{"id":4624,"href":"https:\/\/blog.ilgiornale.it\/bertirotti\/wp-json\/wp\/v2\/posts\/4623\/revisions\/4624"}],"wp:featuredmedia":[{"embeddable":true,"href":"https:\/\/blog.ilgiornale.it\/bertirotti\/wp-json\/wp\/v2\/media\/4622"}],"wp:attachment":[{"href":"https:\/\/blog.ilgiornale.it\/bertirotti\/wp-json\/wp\/v2\/media?parent=4623"}],"wp:term":[{"taxonomy":"category","embeddable":true,"href":"https:\/\/blog.ilgiornale.it\/bertirotti\/wp-json\/wp\/v2\/categories?post=4623"},{"taxonomy":"post_tag","embeddable":true,"href":"https:\/\/blog.ilgiornale.it\/bertirotti\/wp-json\/wp\/v2\/tags?post=4623"}],"curies":[{"name":"wp","href":"https:\/\/api.w.org\/{rel}","templated":true}]}}