{"id":4634,"date":"2023-05-22T08:16:36","date_gmt":"2023-05-22T06:16:36","guid":{"rendered":"https:\/\/blog.ilgiornale.it\/bertirotti\/?p=4634"},"modified":"2023-05-14T15:24:58","modified_gmt":"2023-05-14T13:24:58","slug":"il-potere","status":"publish","type":"post","link":"https:\/\/blog.ilgiornale.it\/bertirotti\/2023\/05\/22\/il-potere\/","title":{"rendered":"Il potere"},"content":{"rendered":"<p style=\"text-align: justify;margin: 0cm 0cm 18.0pt 0cm\"><span style=\"font-size: 14.0pt;font-family: 'Futura Bk BT',sans-serif\"><a href=\"https:\/\/blog.ilgiornale.it\/bertirotti\/il_potere_01\/\"><img loading=\"lazy\" class=\"alignleft size-medium wp-image-4628\" src=\"https:\/\/blog.ilgiornale.it\/bertirotti\/files\/2023\/05\/Il_potere_01-240x300.jpeg\" alt=\"\" width=\"240\" height=\"300\" srcset=\"https:\/\/blog.ilgiornale.it\/bertirotti\/files\/2023\/05\/Il_potere_01-240x300.jpeg 240w, https:\/\/blog.ilgiornale.it\/bertirotti\/files\/2023\/05\/Il_potere_01.jpeg 440w\" sizes=\"(max-width: 240px) 100vw, 240px\" \/><\/a>\u00c8 tutta questione di\u2026 <strong>realt\u00e0<\/strong>.<\/span><\/p>\n<p style=\"text-align: justify;margin: 0cm 0cm 18.0pt 0cm\"><span style=\"font-size: 14.0pt;font-family: 'Futura Bk BT',sans-serif\">Con il termine potere si intende la capacit\u00e0 di raggiungere un obiettivo prefissato malgrado l&#8217;opposizione di <strong>antagonisti<\/strong> o situazioni avverse.<\/span><\/p>\n<p style=\"text-align: justify;margin: 0cm 0cm 18.0pt 0cm\"><span style=\"font-size: 14.0pt;font-family: 'Futura Bk BT',sans-serif\">Il potere opera ad ogni livello della societ\u00e0, comprese le famiglie, perch\u00e9 i genitori hanno <strong>potere<\/strong> sui figli; a livello delle organizzazioni, poich\u00e9 i dirigenti hanno potere sui sottoposti e delle relazioni nazionali e internazionali, perch\u00e9 i leader esercitano il potere militare ed economico per raggiungere gli <strong>obiettivi<\/strong> del loro Stato.<\/span><\/p>\n<p style=\"text-align: justify;margin: 0cm 0cm 18.0pt 0cm\"><span style=\"font-size: 14.0pt;font-family: 'Futura Bk BT',sans-serif\">Alcune volte, le persone esercitano individualmente il potere per raggiungere un <strong>obiettivo<\/strong>: quando, per esempio, uno studente completa il ciclo di studi per qualificarsi nella realizzazione di una precisa carriera.<\/span><\/p>\n<p style=\"text-align: justify;margin: 0cm 0cm 18.0pt 0cm\"><span style=\"font-size: 14.0pt;font-family: 'Futura Bk BT',sans-serif\">Altre volte, invece, il potere viene utilizzato per influenzare pensieri e comportamenti delle <strong>persone<\/strong>, e persino dominare gli altri. Il rettore dell&#8217;universit\u00e0, assieme al gruppo dirigenziale, pu\u00f2 dettare le regole che i propri dipendenti devono <strong>seguire<\/strong>, ad esempio, nell&#8217;esercizio delle loro mansioni.<\/span><\/p>\n<p style=\"text-align: justify;margin: 0cm 0cm 18.0pt 0cm\"><span style=\"font-size: 14.0pt;font-family: 'Futura Bk BT',sans-serif\">In linea generale, il potere viene utilizzato per distribuire risorse, e in questo caso si tratta di potere <strong>economico<\/strong>; oppure per dettare regole e prendere decisioni, e siamo di fronte al potere politico; oppure ancora per contribuire a definire la realt\u00e0, e in questo caso <strong>parliamo<\/strong> di potere informativo.<\/span><\/p>\n<p style=\"text-align: justify;margin: 0cm 0cm 18.0pt 0cm\"><span style=\"font-size: 14.0pt;font-family: 'Futura Bk BT',sans-serif\">Per tutte queste ragioni, il potere \u00e8 strettamente connesso al concetto di <b>disuguaglianza<\/b>, ovvero alla distribuzione sistematica e iniqua delle risorse fra diversi gruppi di persone.<\/span><\/p>\n<p style=\"text-align: justify;margin: 0cm 0cm 18.0pt 0cm\"><span style=\"font-size: 14.0pt;font-family: 'Futura Bk BT',sans-serif\">In tutte le societ\u00e0 del mondo esiste una qualche forma di disuguaglianza che, molto semplicemente e purtroppo, varia solo per <span style=\"color: #ff00ff\"><i>tipo<\/i><\/span> e <span style=\"color: #ff00ff\"><i>intensit\u00e0<\/i><\/span>. Coloro che possiedono un maggior numero di risorse economiche, politiche e informative hanno ovviamente migliori possibilit\u00e0 di raggiungere i propri obiettivi, e superano difficolt\u00e0 e opposizioni. In altre parole, queste persone hanno <span style=\"color: #ff00ff\"><i>maggiore potere<\/i><\/span>.<a href=\"https:\/\/blog.ilgiornale.it\/bertirotti\/il_potere_00\/\"><img loading=\"lazy\" class=\"alignright size-medium wp-image-4629\" src=\"https:\/\/blog.ilgiornale.it\/bertirotti\/files\/2023\/05\/Il_potere_00-227x300.jpg\" alt=\"\" width=\"227\" height=\"300\" srcset=\"https:\/\/blog.ilgiornale.it\/bertirotti\/files\/2023\/05\/Il_potere_00-227x300.jpg 227w, https:\/\/blog.ilgiornale.it\/bertirotti\/files\/2023\/05\/Il_potere_00.jpg 680w\" sizes=\"(max-width: 227px) 100vw, 227px\" \/><\/a><\/span><\/p>\n<p style=\"text-align: justify;margin: 0cm 0cm 18.0pt 0cm\"><span style=\"font-size: 14.0pt;font-family: 'Futura Bk BT',sans-serif\">Ecco perch\u00e9 diventa importante prestare attenzione al <i>potere<\/i>: ci permette di individuare i <strong>collegamenti<\/strong> e le somiglianze tra le diverse forme di disuguaglianza che coesistono e interagiscono tra di loro.<\/span><\/p>\n<p style=\"text-align: justify;margin: 0cm 0cm 18.0pt 0cm\"><span style=\"font-size: 14.0pt;font-family: 'Futura Bk BT',sans-serif\">Considerare l&#8217;intersezione di etnia, classe e genere si \u00e8 sempre <strong>rivelato<\/strong> particolarmente importante per comprendere le dinamiche che esistono fra il <span style=\"color: #ff00ff\"><i>potere<\/i> <\/span>e la <span style=\"color: #ff00ff\"><i>disuguaglianza<\/i><\/span>.<\/span><\/p>\n<p style=\"text-align: justify;margin: 0cm 0cm 18.0pt 0cm\"><span style=\"font-size: 14.0pt;font-family: 'Futura Bk BT',sans-serif\">Non dobbiamo dimenticare, infatti, che qualsiasi forma di potere pu\u00f2 essere utilizzata per creare o ridurre le <strong>disuguaglianze<\/strong> che, a loro volta, possono ovviamente alterare la <span style=\"color: #ff00ff\">distribuzione del potere stesso<\/span>.<\/span><\/p>\n","protected":false},"excerpt":{"rendered":"<p><p>\u00c8 tutta questione di\u2026 realt\u00e0. Con il termine potere si intende la capacit\u00e0 di raggiungere un obiettivo prefissato malgrado l&#8217;opposizione di antagonisti o situazioni avverse. Il potere opera ad ogni livello della societ\u00e0, comprese le famiglie, perch\u00e9 i genitori hanno potere sui figli; a livello delle organizzazioni, poich\u00e9 i dirigenti hanno potere sui sottoposti e delle relazioni nazionali e internazionali, perch\u00e9 i leader esercitano il potere militare ed economico per raggiungere gli obiettivi del loro Stato. Alcune volte, le persone esercitano individualmente il potere per raggiungere un obiettivo: quando, per esempio, uno studente completa il ciclo di studi per qualificarsi [&hellip;]<\/p>\n&nbsp;&nbsp;<div class=\"readmore\"><a href=\"https:\/\/blog.ilgiornale.it\/bertirotti\/2023\/05\/22\/il-potere\/\">Continua a leggere...<\/a><\/div><\/p>","protected":false},"author":1039,"featured_media":4628,"comment_status":"open","ping_status":"closed","sticky":false,"template":"","format":"standard","meta":[],"categories":[41326],"tags":[344164,372483,53957,507804,405264,74517,505690,507494,389282,389310,65697,43,54041,829,506778,73732,405270,364597,139146,420323,231606,54558,506457,506076,36389,99,16116,69510,507160,414019,7623,74562,414005,54017,47034,405261,387406,69690,507654,38022,420211,54110,409708,45041,420187],"_links":{"self":[{"href":"https:\/\/blog.ilgiornale.it\/bertirotti\/wp-json\/wp\/v2\/posts\/4634"}],"collection":[{"href":"https:\/\/blog.ilgiornale.it\/bertirotti\/wp-json\/wp\/v2\/posts"}],"about":[{"href":"https:\/\/blog.ilgiornale.it\/bertirotti\/wp-json\/wp\/v2\/types\/post"}],"author":[{"embeddable":true,"href":"https:\/\/blog.ilgiornale.it\/bertirotti\/wp-json\/wp\/v2\/users\/1039"}],"replies":[{"embeddable":true,"href":"https:\/\/blog.ilgiornale.it\/bertirotti\/wp-json\/wp\/v2\/comments?post=4634"}],"version-history":[{"count":1,"href":"https:\/\/blog.ilgiornale.it\/bertirotti\/wp-json\/wp\/v2\/posts\/4634\/revisions"}],"predecessor-version":[{"id":4635,"href":"https:\/\/blog.ilgiornale.it\/bertirotti\/wp-json\/wp\/v2\/posts\/4634\/revisions\/4635"}],"wp:featuredmedia":[{"embeddable":true,"href":"https:\/\/blog.ilgiornale.it\/bertirotti\/wp-json\/wp\/v2\/media\/4628"}],"wp:attachment":[{"href":"https:\/\/blog.ilgiornale.it\/bertirotti\/wp-json\/wp\/v2\/media?parent=4634"}],"wp:term":[{"taxonomy":"category","embeddable":true,"href":"https:\/\/blog.ilgiornale.it\/bertirotti\/wp-json\/wp\/v2\/categories?post=4634"},{"taxonomy":"post_tag","embeddable":true,"href":"https:\/\/blog.ilgiornale.it\/bertirotti\/wp-json\/wp\/v2\/tags?post=4634"}],"curies":[{"name":"wp","href":"https:\/\/api.w.org\/{rel}","templated":true}]}}