{"id":4637,"date":"2023-05-29T08:33:47","date_gmt":"2023-05-29T06:33:47","guid":{"rendered":"https:\/\/blog.ilgiornale.it\/bertirotti\/?p=4637"},"modified":"2023-05-22T17:52:49","modified_gmt":"2023-05-22T15:52:49","slug":"i-valori","status":"publish","type":"post","link":"https:\/\/blog.ilgiornale.it\/bertirotti\/2023\/05\/29\/i-valori\/","title":{"rendered":"I valori"},"content":{"rendered":"<p><a href=\"https:\/\/blog.ilgiornale.it\/bertirotti\/i_valori_01\/\"><img loading=\"lazy\" class=\"alignleft size-medium wp-image-4626\" src=\"https:\/\/blog.ilgiornale.it\/bertirotti\/files\/2023\/05\/I_valori_01-300x160.jpg\" alt=\"\" width=\"300\" height=\"160\" srcset=\"https:\/\/blog.ilgiornale.it\/bertirotti\/files\/2023\/05\/I_valori_01-300x160.jpg 300w, https:\/\/blog.ilgiornale.it\/bertirotti\/files\/2023\/05\/I_valori_01.jpg 622w\" sizes=\"(max-width: 300px) 100vw, 300px\" \/><\/a>\u00c8 tutta questione di\u2026 <strong>scienza utile<\/strong>.<\/p>\n<p>Un valore \u00e8 un principio radicato profondamente, oppure uno standard, che viene utilizzato dalle persone per giudicare il mondo, e in particolare per decidere che cosa sia <strong><em>desiderabile<\/em><\/strong> oppure <strong><em>significativo<\/em><\/strong>.<\/p>\n<p>All&#8217;interno di ogni cultura, il grado di importanza di ogni valore \u00e8 determinato dalla quantit\u00e0 di tempo che ogni individuo e gruppo sociale <strong>impiega in fatica<\/strong> per realizzare ci\u00f2 che desidera.<\/p>\n<p>Per esempio, qualora un adolescente dovesse rompere il proprio cellulare, e tornando a casa riuscisse ad ottenerne uno nuovo con una certa semplicit\u00e0-facilit\u00e0 <strong>genitoriale<\/strong>, il valore del cellulare per questo adolescente sarebbe praticamente nullo. In effetti, egli non si troverebbe assolutamente nelle condizioni di dover adoperare la sua personale fatica personale per <strong>ottenerne<\/strong> uno nuovo, poich\u00e9 \u00e8 sufficiente l&#8217;assenso dei genitori di fronte alla sua richiesta.<\/p>\n<p>Ecco perch\u00e9 il nostro cervello \u00e8 biologicamente programmato per porre in relazione la quantit\u00e0 di fatica per ottenere un obiettivo con la gratificazione dopo averlo raggiunto. Si tratta del <strong><em>Sistema Mesolimbico Dopaminergico<\/em><\/strong> che si trova all&#8217;interno del nostro cervello.<\/p>\n<p>Nel ritornare, quindi, al concetto di valore, possiamo, per esempio, affermare che la cultura statunitense \u00e8 estremamente individualistica, perch\u00e9, in genere, le persone reputano la libert\u00e0 e l&#8217;<span style=\"color: #ff00ff\">autonomia individuale<\/span> al di sopra della <span style=\"color: #ff00ff\">responsabilit\u00e0 collettiva<\/span> e dell&#8217;impegno verso la comunit\u00e0.<\/p>\n<p>Al contrario, altre culture attribuiscono un <strong>valore<\/strong> assai maggiore al benessere familiare, oppure al pi\u00f9 vasto bene collettivo, rispetto al traguardo individuale: i giapponesi, ad esempio, danno grande importanza alla solidariet\u00e0 del gruppo e alla lealt\u00e0. E da questo tipo di atteggiamento culturale prende forma l&#8217;idea di che cosa significhi, all&#8217;interno della loro cultura, <strong>avere successo<\/strong>.<\/p>\n<p>La <span style=\"color: #ff00ff\">Cina<\/span>, nonostante abbia una forte tradizione collettivistica, nel XIX secolo ha iniziato un evidente <strong>cambiamento<\/strong> valoriale, e i cinesi sembrano ora avere un&#8217;idea della concorrenza molto pi\u00f9 favorevole dei giapponesi e persino degli statunitensi.<\/p>\n<p>Un altro aspetto <strong>decisamente<\/strong> importante legato ai valori consiste nella loro traducibilit\u00e0 in opere pubbliche e politiche. Per esempio, la percentuale relativamente bassa di tassazione che caratterizza gli Stati Uniti rispecchia qualcosa di pi\u00f9 di una semplice <strong>avversione<\/strong> per le imposte: i cittadini statunitensi non tollerano l&#8217;intervento massiccio dello Stato nelle loro esistenze.<\/p>\n<p>Una delle conseguenze pi\u00f9 evidenti di questa intolleranza \u00e8 la correlazione con un tasso relativamente elevato di povert\u00e0. Invece, in gran parte degli altri <strong>Paesi industrializzati<\/strong> dell&#8217;Occidente, l&#8217;individualismo \u00e8 meno apprezzato, la percentuale di tassazione \u00e8 notevolmente pi\u00f9 alta, ma il tasso di povert\u00e0 \u00e8 altrettanto notevolmente pi\u00f9 basso.<\/p>\n<p>I valori variano tra le diverse culture, anche se le ricerche sociologiche <strong>dimostrano<\/strong> che alcuni di questi possono essere largamente condivisi all&#8217;interno delle diverse concezioni culturali.<\/p>\n<p>Eccovi l&#8217;elenco di quelli condivisi a livello mondiale: <strong>potere<\/strong>; <strong>universalismo<\/strong> (ossia l&#8217;apprezzamento e la preoccupazione per le sorti dell&#8217;intera umanit\u00e0); <strong>successo<\/strong>; <strong>edonismo<\/strong> (la personale ricerca di piacere); <strong>benevolenza<\/strong> (generosit\u00e0 e compassione); <strong>tradizione<\/strong>; <strong>auto-affermazione<\/strong> (la ricerca dell&#8217;emozione e della sfida personale); <strong>conformismo<\/strong> (il desiderio di integrarsi con gli altri e di non essere difformi); <strong>autodeterminazione<\/strong> e <strong>sicurezza<\/strong>.<a href=\"https:\/\/blog.ilgiornale.it\/bertirotti\/i_valori_00-2\/\"><img loading=\"lazy\" class=\"alignright size-medium wp-image-4639\" src=\"https:\/\/blog.ilgiornale.it\/bertirotti\/files\/2023\/05\/I_valori_00-2-300x225.jpg\" alt=\"\" width=\"300\" height=\"225\" srcset=\"https:\/\/blog.ilgiornale.it\/bertirotti\/files\/2023\/05\/I_valori_00-2-300x225.jpg 300w, https:\/\/blog.ilgiornale.it\/bertirotti\/files\/2023\/05\/I_valori_00-2-1024x767.jpg 1024w, https:\/\/blog.ilgiornale.it\/bertirotti\/files\/2023\/05\/I_valori_00-2-768x576.jpg 768w, https:\/\/blog.ilgiornale.it\/bertirotti\/files\/2023\/05\/I_valori_00-2.jpg 1293w\" sizes=\"(max-width: 300px) 100vw, 300px\" \/><\/a><\/p>\n<p>E\u2019 ovvio che l&#8217;importanza relativa di ciascun valore, all&#8217;interno di questo elenco, varia da una <strong>cultura<\/strong> all&#8217;altra, e non sempre questi valori coesistono facilmente. Per esempio, pu\u00f2 risultare difficile attribuire lo stesso valore al potere e alla benevolenza, oppure alla sicurezza e l&#8217;autoaffermazione. Di conseguenza, ciascuna cultura <strong>attribuisce<\/strong> ai valori priorit\u00e0 differenti e ci\u00f2 pu\u00f2 essere motivo di conflitto tra di esse.<\/p>\n<p>Per esempio, le culture teocratiche come quelle dell&#8217;<span style=\"color: #ff00ff\">Iran<\/span> e dell&#8217;<span style=\"color: #ff00ff\">Arabia Saudita<\/span>, governate e dominate da autorit\u00e0 religiose, attribuiscono importanza ai valori della tradizione e del <strong>conformismo<\/strong>. Non apprezzano quelli che ritengono, invece, i valori delle democrazie secolari occidentali (come l&#8217;autodeterminazione, l&#8217;auto-affermazione e l&#8217;edonismo) e pensano che in <strong>Occidente<\/strong> esista una diffusa promozione dei consumi, la prevalenza nei media di contenuti a sfondo sessuale e che tutto ci\u00f2 alimenti un forte individualismo.<\/p>\n<p>Questa differenza di priorit\u00e0 all&#8217;interno dei valori pu\u00f2 determinare conflitti anche all&#8217;interno di una stessa cultura. Per esempio, le diatribe sul <strong>matrimonio<\/strong> fra persone dello stesso sesso sono in effetti conflitti sulle definizioni di matrimonio e di famiglia; quelle su come si debbano insegnare la Storia e l&#8217;Educazione sessuale nelle scuole fanno parte di conflitti pi\u00f9 ampi legati <strong>rispettivamente<\/strong> al patriottismo e alla sessualit\u00e0; oppure ancora, nel mondo dell&#8217;arte si scontrano spesso i valori relativi alla libera espressione con quelli della tradizione.<\/p>\n<p>Si tratta di conflitti culturali e valoriali che si combattono soprattutto a livello di idee, anche se occasionalmente esplodono in atti di <strong>violenza<\/strong>: il mondo Lgbtq+ \u00e8 spesso oggetto di vessazioni e attacchi, come peraltro lo \u00e8 quello della cosiddetta normalit\u00e0 eterosessuale; gli attivisti estremisti, contrari all&#8217;aborto, hanno spesso ostracizzato i medici che lo praticavano e molti medici <strong>obiettori<\/strong> di coscienza, a loro volta, hanno limitato la libert\u00e0 di scelta degli abortisti.<\/p>\n<p>Nella nostra vita quotidiana, possiamo certamente trovare persone con posizioni diverse su qualsiasi <strong>problema<\/strong> della nostra attualit\u00e0, sociale o politica che sia: dal matrimonio gay alle politiche di immigrazione, dalla riforma dell&#8217;assistenza sanitaria alla guerra contro il terrorismo, a seconda dei valori che si ritengono pi\u00f9 importanti.<\/p>\n<p>Eppure, nella <strong>maggioranza<\/strong> dei casi, le persone, pur differendo in quelli che considerano i valori essenziali o cosiddetti inderogabili, non sono necessariamente intolleranti verso le opinioni altrui. Sono relativamente molti gli studiosi che <strong>ritengono<\/strong> siano le \u00e9lite politiche a mettere in evidenza le differenze di valori e a promuovere la polarizzazione dei conflitti e l&#8217;estremismo (Baker W.E., 2005, <em>America&#8217;s crisis of values: Reality and perception<\/em>, Princeton University Press, Princeton N.J.; Fiorina M., 2011, <em>Culture war? <\/em><em>The mith of polarized America<\/em>, Longman Editions, Boston; Koch P.R., Steelman L.C., 2009, <em>From molehills mountains made: An examination of red and blue state cultural stereotypes<\/em>, in &#8220;Cultural Sociology&#8221;, 3(1): 165-189).<\/p>\n<p>In realt\u00e0, i cosiddetti <strong>normali<\/strong> cittadini<span style=\"color: #ff00ff\"> sono molto pi\u00f9 ambivalenti rispetto alle proprie opinioni \u00e8 molto tolleranti nei confronti di quelle altrui<\/span>.<\/p>\n","protected":false},"excerpt":{"rendered":"<p><p>\u00c8 tutta questione di\u2026 scienza utile. Un valore \u00e8 un principio radicato profondamente, oppure uno standard, che viene utilizzato dalle persone per giudicare il mondo, e in particolare per decidere che cosa sia desiderabile oppure significativo. All&#8217;interno di ogni cultura, il grado di importanza di ogni valore \u00e8 determinato dalla quantit\u00e0 di tempo che ogni individuo e gruppo sociale impiega in fatica per realizzare ci\u00f2 che desidera. Per esempio, qualora un adolescente dovesse rompere il proprio cellulare, e tornando a casa riuscisse ad ottenerne uno nuovo con una certa semplicit\u00e0-facilit\u00e0 genitoriale, il valore del cellulare per questo adolescente sarebbe praticamente [&hellip;]<\/p>\n&nbsp;&nbsp;<div class=\"readmore\"><a href=\"https:\/\/blog.ilgiornale.it\/bertirotti\/2023\/05\/29\/i-valori\/\">Continua a leggere...<\/a><\/div><\/p>","protected":false},"author":1039,"featured_media":4626,"comment_status":"open","ping_status":"closed","sticky":false,"template":"","format":"standard","meta":[],"categories":[54090],"tags":[53957,245037,79480,508971,13307,509520,508761,16174,235592,191871,389310,409610,405262,4802,100503,238,379414,125,379703,405267,38062,34523,302651,508309,47034,405261,387406,218,38072,509833,413807,54110,53,509223,59435,70792,13269,52347,508416],"_links":{"self":[{"href":"https:\/\/blog.ilgiornale.it\/bertirotti\/wp-json\/wp\/v2\/posts\/4637"}],"collection":[{"href":"https:\/\/blog.ilgiornale.it\/bertirotti\/wp-json\/wp\/v2\/posts"}],"about":[{"href":"https:\/\/blog.ilgiornale.it\/bertirotti\/wp-json\/wp\/v2\/types\/post"}],"author":[{"embeddable":true,"href":"https:\/\/blog.ilgiornale.it\/bertirotti\/wp-json\/wp\/v2\/users\/1039"}],"replies":[{"embeddable":true,"href":"https:\/\/blog.ilgiornale.it\/bertirotti\/wp-json\/wp\/v2\/comments?post=4637"}],"version-history":[{"count":1,"href":"https:\/\/blog.ilgiornale.it\/bertirotti\/wp-json\/wp\/v2\/posts\/4637\/revisions"}],"predecessor-version":[{"id":4640,"href":"https:\/\/blog.ilgiornale.it\/bertirotti\/wp-json\/wp\/v2\/posts\/4637\/revisions\/4640"}],"wp:featuredmedia":[{"embeddable":true,"href":"https:\/\/blog.ilgiornale.it\/bertirotti\/wp-json\/wp\/v2\/media\/4626"}],"wp:attachment":[{"href":"https:\/\/blog.ilgiornale.it\/bertirotti\/wp-json\/wp\/v2\/media?parent=4637"}],"wp:term":[{"taxonomy":"category","embeddable":true,"href":"https:\/\/blog.ilgiornale.it\/bertirotti\/wp-json\/wp\/v2\/categories?post=4637"},{"taxonomy":"post_tag","embeddable":true,"href":"https:\/\/blog.ilgiornale.it\/bertirotti\/wp-json\/wp\/v2\/tags?post=4637"}],"curies":[{"name":"wp","href":"https:\/\/api.w.org\/{rel}","templated":true}]}}