{"id":4700,"date":"2023-07-31T07:46:33","date_gmt":"2023-07-31T05:46:33","guid":{"rendered":"https:\/\/blog.ilgiornale.it\/bertirotti\/?p=4700"},"modified":"2023-07-29T10:47:26","modified_gmt":"2023-07-29T08:47:26","slug":"ideologia-e-potere","status":"publish","type":"post","link":"https:\/\/blog.ilgiornale.it\/bertirotti\/2023\/07\/31\/ideologia-e-potere\/","title":{"rendered":"Ideologia e potere"},"content":{"rendered":"<p style=\"text-align: justify;margin: 0cm 0cm 18.0pt 0cm\"><span style=\"font-size: 14.0pt;font-family: 'Futura Bk BT',sans-serif\"><a href=\"https:\/\/blog.ilgiornale.it\/bertirotti\/ideologia_potere_01\/\"><img loading=\"lazy\" class=\"alignleft size-medium wp-image-4695\" src=\"https:\/\/blog.ilgiornale.it\/bertirotti\/files\/2023\/07\/Ideologia_potere_01-300x200.jpg\" alt=\"\" width=\"300\" height=\"200\" srcset=\"https:\/\/blog.ilgiornale.it\/bertirotti\/files\/2023\/07\/Ideologia_potere_01-300x200.jpg 300w, https:\/\/blog.ilgiornale.it\/bertirotti\/files\/2023\/07\/Ideologia_potere_01-768x512.jpg 768w, https:\/\/blog.ilgiornale.it\/bertirotti\/files\/2023\/07\/Ideologia_potere_01.jpg 1000w\" sizes=\"(max-width: 300px) 100vw, 300px\" \/><\/a>\u00c8 tutta questione di\u2026 <strong>realismo<\/strong><\/span><\/p>\n<p style=\"text-align: justify;margin: 0cm 0cm 18.0pt 0cm\"><span style=\"font-size: 14.0pt;font-family: 'Futura Bk BT',sans-serif\">Nei precedenti articoli abbiamo visto come il <span style=\"color: #ff00ff\"><i>sistema della cultura<\/i><\/span> permetta di definire il nostro mondo, fornendo modelli di <strong>atteggiamenti<\/strong> e comportamenti che sono ritenuti pi\u00f9 appropriati da adottare e mantenere nel tempo. Ad esempio, proprio questo sistema fornisce i comportamenti di riferimento circa il nostro modo di vestire e di parlare, le nostre idee su coloro che possono <strong>suscitare<\/strong> ammirazione o disprezzo, le modalit\u00e0 con cui viviamo un determinato lutto, oppure celebriamo le festivit\u00e0.<\/span><\/p>\n<p style=\"text-align: justify;margin: 0cm 0cm 18.0pt 0cm\"><span style=\"font-size: 14.0pt;font-family: 'Futura Bk BT',sans-serif\">Ognuno di noi vive immerso all&#8217;interno della propria cultura, a un punto tale che \u00e8 difficile cogliere i fondamenti che ne costituiscono la base. Gli antropologi culturali, insieme ad una quota di <strong>sociologi<\/strong>, affermano che per conoscere gli aspetti pi\u00f9 reconditi di una qualsiasi cultura (e forma di potere\u2026) \u00e8 necessario osservare tutto ci\u00f2 che all&#8217;interno di quel sistema viene dato per scontato.<\/span><\/p>\n<p style=\"text-align: justify;margin: 0cm 0cm 18.0pt 0cm\"><span style=\"font-size: 14.0pt;font-family: 'Futura Bk BT',sans-serif\">Insomma, l&#8217;<strong><i>ovvio<\/i><\/strong> e il <strong><i>normale<\/i> <\/strong>devono essere attentamente indagati per comprendere ci\u00f2 che regge l\u2019articolato sistema culturale di ogni popolazione, oppure di gruppi di essa.<\/span><\/p>\n<p style=\"text-align: justify;margin: 0cm 0cm 18.0pt 0cm\"><span style=\"font-size: 14.0pt;font-family: 'Futura Bk BT',sans-serif\">Un metodo assai fruttuoso per comprendere il rapporto fra <strong><i>cultura<\/i> <\/strong>e <strong><i>potere<\/i> <\/strong>\u00e8 lo studio del <span style=\"color: #ff00ff\"><i>sistema ideologico<\/i><\/span> che regge tale rapporto.<\/span><\/p>\n<p style=\"text-align: justify;margin: 0cm 0cm 18.0pt 0cm\"><span style=\"font-size: 14.0pt;font-family: 'Futura Bk BT',sans-serif\">Il termine <b><i>ideologia<\/i><\/b> \u00e8 senz&#8217;altro un vocabolo insidioso al quale vengono attribuite molte e diverse connotazioni. Da un punto di vista generale, gli antropologi e i sociologi affermano che l&#8217;ideologia \u00e8 un <span style=\"color: #ff00ff\"><i>sistema di significati e significanti che aiuta a definire e spiegare il mondo, con la possibilit\u00e0 di formulare giudizi di valore su di esso<\/i><\/span>.<\/span><\/p>\n<p style=\"text-align: justify;margin: 0cm 0cm 18.0pt 0cm\"><span style=\"font-size: 14.0pt;font-family: 'Futura Bk BT',sans-serif\">All&#8217;interno di ogni cultura esiste un&#8217;ideologia che potremmo definire <i><strong>generalizzante<\/strong> e <strong>generalizzata<\/strong><\/i>, ossia un insieme di affermazioni ampiamente condivise, che vengono regolarmente rafforzate e che generalmente <strong>sostengono<\/strong> il sistema sociale, perch\u00e9 utili agli interessi dell&#8217;<i>autorit\u00e0<\/i> e del <i>potere<\/i>. Alcuni sociologi tendono a definire questo sistema con il termine <i>dominante<\/i>, ma personalmente preferisco non attribuire un giudizio di valore gerarchico.<\/span><\/p>\n<p style=\"text-align: justify;margin: 0cm 0cm 18.0pt 0cm\"><span style=\"font-size: 14.0pt;font-family: 'Futura Bk BT',sans-serif\">La presenza di un&#8217;<span style=\"color: #ff00ff\"><i>ideologia generalizzante e generalizzata<\/i><\/span>, che potremmo definire anche <i>di massa<\/i>, non esclude l&#8217;esistenza di visioni ideologiche alternative. Anzi, le diverse prospettive ideologiche, che rappresentano interessi diversificati e dotati di vari gradi di potere, sono profondamente <strong>coinvolte<\/strong> all&#8217;interno di una sorta di disputa socioculturale continua e cangiante.<\/span><\/p>\n<p style=\"text-align: justify;margin: 0cm 0cm 18.0pt 0cm\"><span style=\"font-size: 14.0pt;font-family: 'Futura Bk BT',sans-serif\">Ci\u00f2 che \u00e8 importante <strong>sottolineare<\/strong>, dal mio punto di vista, \u00e8 il fatto che alcune idee e pratiche ci sono talmente familiari che esaminarle in modo critico, o immaginare ad esse delle alternative, ci risulta oltremodo difficile. In effetti, nel considerare come la cultura si esprima attraverso l&#8217;ideologia <strong>dobbiamo<\/strong> ricordare che molte nostre affermazioni e pratiche sono dettate da ci\u00f2 che viene definito <i>buon senso<\/i> (l&#8217;insieme delle cose che diamo per scontate, valide e giuste), e che indicano, in realt\u00e0, un modo particolare di intendere il mondo sociale, con la <strong>presenza<\/strong> di conseguenze importanti.<a href=\"https:\/\/blog.ilgiornale.it\/bertirotti\/ideologia_potere_00\/\"><img loading=\"lazy\" class=\"alignright size-medium wp-image-4694\" src=\"https:\/\/blog.ilgiornale.it\/bertirotti\/files\/2023\/07\/Ideologia_potere_00-300x200.jpg\" alt=\"\" width=\"300\" height=\"200\" srcset=\"https:\/\/blog.ilgiornale.it\/bertirotti\/files\/2023\/07\/Ideologia_potere_00-300x200.jpg 300w, https:\/\/blog.ilgiornale.it\/bertirotti\/files\/2023\/07\/Ideologia_potere_00-768x512.jpg 768w, https:\/\/blog.ilgiornale.it\/bertirotti\/files\/2023\/07\/Ideologia_potere_00.jpg 960w\" sizes=\"(max-width: 300px) 100vw, 300px\" \/><\/a><\/span><\/p>\n<p style=\"text-align: justify;margin: 0cm 0cm 18.0pt 0cm\"><span style=\"font-size: 14.0pt;font-family: 'Futura Bk BT',sans-serif\">Ad esempio, in Europa e in generale nel mondo occidentale, molte persone <strong>credono<\/strong> che sia una questione di semplice buon senso la pratica educativa dei figli affidata alle femmine umane, piuttosto che ai maschi umani, e che l&#8217;istruzione sia il mezzo migliore per ottenere un successo economico. Questa visione \u00e8 frutto di un insieme di <span style=\"color: #ff00ff\"><i>credenze<\/i><\/span>, che vanno a formare l&#8217;apparato ideologico educativo generale, ma che traggono origine dalla tradizione <strong>storicamente<\/strong> determinata di quella stessa cultura, in assenza di una riflessione sul valore educativo che potrebbe svolgere il maschio.<\/span><\/p>\n<p style=\"text-align: justify;margin: 0cm 0cm 18.0pt 0cm\"><span style=\"font-size: 14.0pt;font-family: 'Futura Bk BT',sans-serif\">Ecco perch\u00e9, come ci ricorda <strong>Stefania Contesini<\/strong> nel suo ultimo testo (che sto proponendo a coloro che mi seguono nella piattaforma <\/span><a href=\"https:\/\/patreon.com\/alessandrobertirotti?utm_medium=clipboard_copy&amp;utm_source=copyLink&amp;utm_campaign=creatorshare_creator&amp;utm_content=join_link\"><span style=\"font-size: 14.0pt;font-family: 'Futura Bk BT',sans-serif\">Patreon<\/span><\/a><span style=\"font-size: 14.0pt;font-family: 'Futura Bk BT',sans-serif\">) allenare il pensiero pratico significa innanzi tutto attivare in noi il <b><i>pensiero riflessivo<\/i><\/b>.<\/span><\/p>\n","protected":false},"excerpt":{"rendered":"<p><p>\u00c8 tutta questione di\u2026 realismo Nei precedenti articoli abbiamo visto come il sistema della cultura permetta di definire il nostro mondo, fornendo modelli di atteggiamenti e comportamenti che sono ritenuti pi\u00f9 appropriati da adottare e mantenere nel tempo. Ad esempio, proprio questo sistema fornisce i comportamenti di riferimento circa il nostro modo di vestire e di parlare, le nostre idee su coloro che possono suscitare ammirazione o disprezzo, le modalit\u00e0 con cui viviamo un determinato lutto, oppure celebriamo le festivit\u00e0. Ognuno di noi vive immerso all&#8217;interno della propria cultura, a un punto tale che \u00e8 difficile cogliere i fondamenti che [&hellip;]<\/p>\n&nbsp;&nbsp;<div class=\"readmore\"><a href=\"https:\/\/blog.ilgiornale.it\/bertirotti\/2023\/07\/31\/ideologia-e-potere\/\">Continua a leggere...<\/a><\/div><\/p>","protected":false},"author":1039,"featured_media":4695,"comment_status":"open","ping_status":"closed","sticky":false,"template":"","format":"standard","meta":[],"categories":[152369],"tags":[452721,53957,459250,62,536577,60861,87,38,231672,405262,42,29885,16157,57380,379722,54076,7498,52295,13612,20879,522873,452713,536350,344197,409574,387446,405285,87768,399563,405273,59435,420393,52347,54009],"_links":{"self":[{"href":"https:\/\/blog.ilgiornale.it\/bertirotti\/wp-json\/wp\/v2\/posts\/4700"}],"collection":[{"href":"https:\/\/blog.ilgiornale.it\/bertirotti\/wp-json\/wp\/v2\/posts"}],"about":[{"href":"https:\/\/blog.ilgiornale.it\/bertirotti\/wp-json\/wp\/v2\/types\/post"}],"author":[{"embeddable":true,"href":"https:\/\/blog.ilgiornale.it\/bertirotti\/wp-json\/wp\/v2\/users\/1039"}],"replies":[{"embeddable":true,"href":"https:\/\/blog.ilgiornale.it\/bertirotti\/wp-json\/wp\/v2\/comments?post=4700"}],"version-history":[{"count":2,"href":"https:\/\/blog.ilgiornale.it\/bertirotti\/wp-json\/wp\/v2\/posts\/4700\/revisions"}],"predecessor-version":[{"id":4702,"href":"https:\/\/blog.ilgiornale.it\/bertirotti\/wp-json\/wp\/v2\/posts\/4700\/revisions\/4702"}],"wp:featuredmedia":[{"embeddable":true,"href":"https:\/\/blog.ilgiornale.it\/bertirotti\/wp-json\/wp\/v2\/media\/4695"}],"wp:attachment":[{"href":"https:\/\/blog.ilgiornale.it\/bertirotti\/wp-json\/wp\/v2\/media?parent=4700"}],"wp:term":[{"taxonomy":"category","embeddable":true,"href":"https:\/\/blog.ilgiornale.it\/bertirotti\/wp-json\/wp\/v2\/categories?post=4700"},{"taxonomy":"post_tag","embeddable":true,"href":"https:\/\/blog.ilgiornale.it\/bertirotti\/wp-json\/wp\/v2\/tags?post=4700"}],"curies":[{"name":"wp","href":"https:\/\/api.w.org\/{rel}","templated":true}]}}