{"id":684,"date":"2015-02-05T14:40:06","date_gmt":"2015-02-05T12:40:06","guid":{"rendered":"https:\/\/blog.ilgiornale.it\/bertirotti\/?p=684"},"modified":"2015-02-05T14:44:34","modified_gmt":"2015-02-05T12:44:34","slug":"siamo-tutti-terroristi","status":"publish","type":"post","link":"https:\/\/blog.ilgiornale.it\/bertirotti\/2015\/02\/05\/siamo-tutti-terroristi\/","title":{"rendered":"Siamo tutti terroristi"},"content":{"rendered":"<p><a href=\"https:\/\/blog.ilgiornale.it\/bertirotti\/files\/2015\/02\/774148_10200280634529239_572171133_o.jpg\"><img loading=\"lazy\" class=\"alignleft size-thumbnail wp-image-687\" src=\"https:\/\/blog.ilgiornale.it\/bertirotti\/files\/2015\/02\/774148_10200280634529239_572171133_o-150x150.jpg\" alt=\"\" width=\"150\" height=\"150\" \/><\/a>\u00c8 tutta questione di\u2026 <strong>terrorismo mondiale<\/strong>.<\/p>\n<p>Forse non tutti gradiranno leggere ci\u00f2 che \u00e8 scritto in queste righe, ma ho pensato che sarebbe stato mio dovere puntualizzare alcune riflessioni, partendo dal <strong>titolo <\/strong>ma anche attraverso le considerazioni che seguono.<\/p>\n<p>Si <strong>bruciano<\/strong> i rami secchi, mentre si lasciano vivere gli alberi che portano frutto; si bruciano gli uomini che non servono a nulla, come nella nostra storia abbiamo bruciato quelle donne che erano considerate streghe, ma all&#8217;epoca non c&#8217;erano i quotidiani telematici n\u00e9 Youtube.<\/p>\n<p>Quando brucia un <strong>Uomo<\/strong>, brucia l&#8217;intera umanit\u00e0, perch\u00e9 si tratta di un vero e proprio crimine contro l&#8217;umanit\u00e0 intera, come \u00e8 accaduto di fronte ad altre uccisioni: nei lager sovietici e nazisti, a Guantanamo come nella ex Iugoslavia, durante la Santa Inquisizione e in Nigeria, e cos\u00ec via.<\/p>\n<p>Da molto tempo questa umanit\u00e0 sta <strong>bruciando<\/strong>, e questo accade quando alcune persone pensano che per liberare il mondo dal male occorra infliggere altro male, sostituendosi a quel dio (volutamente scritto minuscolo) che si osanna proprio durante tali eccidi.<\/p>\n<p>Ma perch\u00e9 <strong>andiamo<\/strong> a fuoco?<\/p>\n<p>Si va a fuoco quando non si lavora, quando non si costruisce nessun tipo di futuro, ossia quando si ha<strong> <\/strong>&#8220;tempo da perdere con dio&#8221;, mentre qualsiasi vero <strong>Dio<\/strong> dell&#8217;Uomo \u00e8 un monumento all&#8217;occupazione, al lavoro per tutti, perch\u00e9 \u00e8 un diritto di tutti gli uomini poter lavorare, ossia costruire e farlo in pace. Solo la pace permette di costruire, altrimenti da qualche parte del mondo si opera, mentre da un\u2019altra parte di distrugge.<\/p>\n<p>Senza lavoro per tutti <strong>continueremo<\/strong> a bruciare e in diverse parti del mondo, fino a quando il fuoco aggredir\u00e0 i corpi di tutti noi. Ci sar\u00e0, sempre meno lavoro per tutti e precariet\u00e0 per molti. Non brucia nessuno in quei luoghi arabi in cui si stipulano contratti con le compagnie aree occidentali, oppure si alimentano club calcistici: c&#8217;\u00e8 lavoro o quantomeno benessere per tutti, guadagni stratosferici per l&#8217;Occidente e l&#8217;Oriente.<\/p>\n<p>Si fa presto a tornare al <strong>medioevo<\/strong> peggiore della nostra storia: creando califfati che imitino e realizzino quelle differenze fra clan economicamente rilevanti, proprio come accade nella totalit\u00e0 del globo. Oggi, non si tratta pi\u00f9 solo di ignoranza, ma di calcoli economici secondo<strong> <\/strong>i quali tutto deve portare a guadagni sicuri, anche bruciando.<\/p>\n<p>In realt\u00e0, i primi <strong>infedeli<\/strong> sono i<a name=\"_GoBack\"><\/a> terroristi che uccidono con modalit\u00e0 sempre pi\u00f9 atroci, i secondi coloro che ci guadagnano a tenerli attivi ed assassini, i terzi tutti noi che crediamo di essere migliori affamando altri come noi. Dobbiamo tutti assieme prendere la decisione di allontanarci progressivamente dal benessere derivante dal potere e dal denaro, perch\u00e9 siamo talmente involuti da credere che ognuno di noi sia legittimato ad essere pi\u00f9 ricco dei propri simili.<\/p>\n<p>E scrivo &#8220;<strong>simili<\/strong>&#8221; apposta, per essere chiaro sul fatto che non possiamo alleggerirci<strong> <\/strong>la coscienza condannando gli altri, oppure rispondendo con altre uccisioni, perch\u00e9 ognuno di noi \u00e8 sempre un altro rispetto a qualcuno.<\/p>\n","protected":false},"excerpt":{"rendered":"<p><p>\u00c8 tutta questione di\u2026 terrorismo mondiale. Forse non tutti gradiranno leggere ci\u00f2 che \u00e8 scritto in queste righe, ma ho pensato che sarebbe stato mio dovere puntualizzare alcune riflessioni, partendo dal titolo ma anche attraverso le considerazioni che seguono. Si bruciano i rami secchi, mentre si lasciano vivere gli alberi che portano frutto; si bruciano gli uomini che non servono a nulla, come nella nostra storia abbiamo bruciato quelle donne che erano considerate streghe, ma all&#8217;epoca non c&#8217;erano i quotidiani telematici n\u00e9 Youtube. Quando brucia un Uomo, brucia l&#8217;intera umanit\u00e0, perch\u00e9 si tratta di un vero e proprio crimine contro [&hellip;]<\/p>\n&nbsp;&nbsp;<div class=\"readmore\"><a href=\"https:\/\/blog.ilgiornale.it\/bertirotti\/2015\/02\/05\/siamo-tutti-terroristi\/\">Continua a leggere...<\/a><\/div><\/p>","protected":false},"author":1039,"featured_media":0,"comment_status":"open","ping_status":"closed","sticky":false,"template":"","format":"standard","meta":[],"categories":[63089],"tags":[53957,5316,47456,13252,82,63091],"_links":{"self":[{"href":"https:\/\/blog.ilgiornale.it\/bertirotti\/wp-json\/wp\/v2\/posts\/684"}],"collection":[{"href":"https:\/\/blog.ilgiornale.it\/bertirotti\/wp-json\/wp\/v2\/posts"}],"about":[{"href":"https:\/\/blog.ilgiornale.it\/bertirotti\/wp-json\/wp\/v2\/types\/post"}],"author":[{"embeddable":true,"href":"https:\/\/blog.ilgiornale.it\/bertirotti\/wp-json\/wp\/v2\/users\/1039"}],"replies":[{"embeddable":true,"href":"https:\/\/blog.ilgiornale.it\/bertirotti\/wp-json\/wp\/v2\/comments?post=684"}],"version-history":[{"count":8,"href":"https:\/\/blog.ilgiornale.it\/bertirotti\/wp-json\/wp\/v2\/posts\/684\/revisions"}],"predecessor-version":[{"id":693,"href":"https:\/\/blog.ilgiornale.it\/bertirotti\/wp-json\/wp\/v2\/posts\/684\/revisions\/693"}],"wp:attachment":[{"href":"https:\/\/blog.ilgiornale.it\/bertirotti\/wp-json\/wp\/v2\/media?parent=684"}],"wp:term":[{"taxonomy":"category","embeddable":true,"href":"https:\/\/blog.ilgiornale.it\/bertirotti\/wp-json\/wp\/v2\/categories?post=684"},{"taxonomy":"post_tag","embeddable":true,"href":"https:\/\/blog.ilgiornale.it\/bertirotti\/wp-json\/wp\/v2\/tags?post=684"}],"curies":[{"name":"wp","href":"https:\/\/api.w.org\/{rel}","templated":true}]}}