{"id":494,"date":"2026-04-03T11:50:12","date_gmt":"2026-04-03T09:50:12","guid":{"rendered":"https:\/\/blog.ilgiornale.it\/dessi\/?p=494"},"modified":"2026-04-03T11:58:53","modified_gmt":"2026-04-03T09:58:53","slug":"piantedosiconte-il-voyeurismo-della-sinistra","status":"publish","type":"post","link":"https:\/\/blog.ilgiornale.it\/dessi\/2026\/04\/03\/piantedosiconte-il-voyeurismo-della-sinistra\/","title":{"rendered":"Piantedosi&amp;Conte, il voyeurismo della sinistra"},"content":{"rendered":"<p class=\"p1\"><span class=\"s1\">Mentre Donald Trump bombarda l&#8217;Iran, i prezzi dei carburanti sono alle stelle e oggi ci dicono che a maggio potremmo non partire pi\u00f9 con l&#8217;aereo perch\u00e9 ci sarebbero le scorte di carburante a rischio la sinistra che fa?<\/span><\/p>\n<div id=\"attachment_492\" style=\"width: 246px\" class=\"wp-caption alignnone\"><a href=\"https:\/\/blog.ilgiornale.it\/dessi\/files\/2026\/04\/IMG_4360.jpeg\"><img aria-describedby=\"caption-attachment-492\" loading=\"lazy\" class=\"size-medium wp-image-492\" src=\"https:\/\/blog.ilgiornale.it\/dessi\/files\/2026\/04\/IMG_4360-236x300.jpeg\" alt=\"\" width=\"236\" height=\"300\" srcset=\"https:\/\/blog.ilgiornale.it\/dessi\/files\/2026\/04\/IMG_4360-236x300.jpeg 236w, https:\/\/blog.ilgiornale.it\/dessi\/files\/2026\/04\/IMG_4360-807x1024.jpeg 807w, https:\/\/blog.ilgiornale.it\/dessi\/files\/2026\/04\/IMG_4360-768x974.jpeg 768w, https:\/\/blog.ilgiornale.it\/dessi\/files\/2026\/04\/IMG_4360.jpeg 1206w\" sizes=\"(max-width: 236px) 100vw, 236px\" \/><\/a><p id=\"caption-attachment-492\" class=\"wp-caption-text\">Screenshot<\/p><\/div>\n<p><a href=\"https:\/\/fb.watch\/GfiedpmBDP\/?\"><strong>IL VIDEO<\/strong><\/a><\/p>\n<p class=\"p1\"><span class=\"s1\">Pensa alla signorina Claudia Conte e al ministro dell&#8217;interno Matteo Piantedosi. Entra nella camera da letto del ministro dell\u2019Interno e, addirittura, spia dal buco della serratura. Cerca di approfondire, di andare a vedere con interrogazioni parlamentari se la signorina Conte abbia avuto dei benefici dai rapporti con il ministro Piantedosi che, giustamente, ha detto a Giorgia Meloni: \u201ccara Giorgia, questi sono fatti privati\u201d.<\/span><\/p>\n<div id=\"attachment_491\" style=\"width: 289px\" class=\"wp-caption alignnone\"><a href=\"https:\/\/blog.ilgiornale.it\/dessi\/files\/2026\/04\/IMG_4361.jpeg\"><img aria-describedby=\"caption-attachment-491\" loading=\"lazy\" class=\"size-medium wp-image-491\" src=\"https:\/\/blog.ilgiornale.it\/dessi\/files\/2026\/04\/IMG_4361-279x300.jpeg\" alt=\"\" width=\"279\" height=\"300\" srcset=\"https:\/\/blog.ilgiornale.it\/dessi\/files\/2026\/04\/IMG_4361-279x300.jpeg 279w, https:\/\/blog.ilgiornale.it\/dessi\/files\/2026\/04\/IMG_4361-953x1024.jpeg 953w, https:\/\/blog.ilgiornale.it\/dessi\/files\/2026\/04\/IMG_4361-768x825.jpeg 768w, https:\/\/blog.ilgiornale.it\/dessi\/files\/2026\/04\/IMG_4361.jpeg 1206w\" sizes=\"(max-width: 279px) 100vw, 279px\" \/><\/a><p id=\"caption-attachment-491\" class=\"wp-caption-text\">Screenshot<\/p><\/div>\n<p class=\"p1\"><span class=\"s1\">Ad onore della verit\u00e0, Claudia Conte per il suo mestiere di giornalista ( ha anche una societ\u00e0) ha avuto due incarichi come consulente a titolo gratuito della commissione parlamentare sulla sicurezza e un incarico retribuito (parliamo di 200 euro lordi) come madrina alla festa della polizia. Ecco, piuttosto io contesterei questo: perch\u00e9 Claudia Conte \u00e8 madrina alla festa della polizia? Boh!<\/span><\/p>\n<div id=\"attachment_493\" style=\"width: 310px\" class=\"wp-caption alignnone\"><a href=\"https:\/\/blog.ilgiornale.it\/dessi\/files\/2026\/04\/IMG_4359.jpeg\"><img aria-describedby=\"caption-attachment-493\" loading=\"lazy\" class=\"size-medium wp-image-493\" src=\"https:\/\/blog.ilgiornale.it\/dessi\/files\/2026\/04\/IMG_4359-300x219.jpeg\" alt=\"\" width=\"300\" height=\"219\" srcset=\"https:\/\/blog.ilgiornale.it\/dessi\/files\/2026\/04\/IMG_4359-300x219.jpeg 300w, https:\/\/blog.ilgiornale.it\/dessi\/files\/2026\/04\/IMG_4359-1024x746.jpeg 1024w, https:\/\/blog.ilgiornale.it\/dessi\/files\/2026\/04\/IMG_4359-768x560.jpeg 768w, https:\/\/blog.ilgiornale.it\/dessi\/files\/2026\/04\/IMG_4359.jpeg 1206w\" sizes=\"(max-width: 300px) 100vw, 300px\" \/><\/a><p id=\"caption-attachment-493\" class=\"wp-caption-text\">Screenshot<\/p><\/div>\n<p class=\"p1\"><span class=\"s1\">Al di l\u00e0 di questo, la sinistra che oggi continua ad attaccare (anche attraverso i giornali di sinistra) dimentica, o meglio, fa finta di dimenticare e di non vedere gli incarichi che Claudia Conte ha ricevuto (ben pagata) dalla sinistra. Da giunte di sinistra. C\u2019\u00e8 lo racconta Pasquale Napolitano su Il Giornale. Si tratta di affidamenti diretti che vanno dai 5.000 ai 35.000 euro. Uno per gli Stati generali dell&#8217;ambiente della Campania e, un altro, per moderare un panel.<\/span><\/p>\n<div id=\"attachment_490\" style=\"width: 310px\" class=\"wp-caption alignnone\"><a href=\"https:\/\/blog.ilgiornale.it\/dessi\/files\/2026\/04\/IMG_4368.jpeg\"><img aria-describedby=\"caption-attachment-490\" loading=\"lazy\" class=\"size-medium wp-image-490\" src=\"https:\/\/blog.ilgiornale.it\/dessi\/files\/2026\/04\/IMG_4368-300x135.jpeg\" alt=\"\" width=\"300\" height=\"135\" srcset=\"https:\/\/blog.ilgiornale.it\/dessi\/files\/2026\/04\/IMG_4368-300x135.jpeg 300w, https:\/\/blog.ilgiornale.it\/dessi\/files\/2026\/04\/IMG_4368-1024x459.jpeg 1024w, https:\/\/blog.ilgiornale.it\/dessi\/files\/2026\/04\/IMG_4368-768x345.jpeg 768w, https:\/\/blog.ilgiornale.it\/dessi\/files\/2026\/04\/IMG_4368.jpeg 1206w\" sizes=\"(max-width: 300px) 100vw, 300px\" \/><\/a><p id=\"caption-attachment-490\" class=\"wp-caption-text\">Screenshot<\/p><\/div>\n<p class=\"p1\"><span class=\"s1\">Di cosa stiamo parlando? Le verit\u00e0 o si raccontano o non si raccontano; o si dice tutto o niente. Io non ci vedo nessuno scandalo. Una giornalista che ha una societ\u00e0 riceve dei soldi per fare degli eventi. Al di l\u00e0 se da destra o da sinistra. Quello che mi scandalizza di pi\u00f9 \u00e8 che la signorina Conte abbia ammesso candidamente in un podcast la sua relazione con Piantedosi. Qui il problema non \u00e8 nostro, di noi italiani, ma di Matteo Piantedosi che deve dare conto a sua moglie e alle sue due figlie.<\/span><\/p>\n","protected":false},"excerpt":{"rendered":"<p><p>Mentre Donald Trump bombarda l&#8217;Iran, i prezzi dei carburanti sono alle stelle e oggi ci dicono che a maggio potremmo non partire pi\u00f9 con l&#8217;aereo perch\u00e9 ci sarebbero le scorte di carburante a rischio la sinistra che fa? IL VIDEO Pensa alla signorina Claudia Conte e al ministro dell&#8217;interno Matteo Piantedosi. Entra nella camera da letto del ministro dell\u2019Interno e, addirittura, spia dal buco della serratura. Cerca di approfondire, di andare a vedere con interrogazioni parlamentari se la signorina Conte abbia avuto dei benefici dai rapporti con il ministro Piantedosi che, giustamente, ha detto a Giorgia Meloni: \u201ccara Giorgia, questi [&hellip;]<\/p>\n&nbsp;&nbsp;<div class=\"readmore\"><a href=\"https:\/\/blog.ilgiornale.it\/dessi\/2026\/04\/03\/piantedosiconte-il-voyeurismo-della-sinistra\/\">Continua a leggere...<\/a><\/div><\/p>","protected":false},"author":1082,"featured_media":492,"comment_status":"open","ping_status":"open","sticky":false,"template":"","format":"standard","meta":[],"categories":[34304,64],"tags":[598936,51207,459491,22957],"_links":{"self":[{"href":"https:\/\/blog.ilgiornale.it\/dessi\/wp-json\/wp\/v2\/posts\/494"}],"collection":[{"href":"https:\/\/blog.ilgiornale.it\/dessi\/wp-json\/wp\/v2\/posts"}],"about":[{"href":"https:\/\/blog.ilgiornale.it\/dessi\/wp-json\/wp\/v2\/types\/post"}],"author":[{"embeddable":true,"href":"https:\/\/blog.ilgiornale.it\/dessi\/wp-json\/wp\/v2\/users\/1082"}],"replies":[{"embeddable":true,"href":"https:\/\/blog.ilgiornale.it\/dessi\/wp-json\/wp\/v2\/comments?post=494"}],"version-history":[{"count":3,"href":"https:\/\/blog.ilgiornale.it\/dessi\/wp-json\/wp\/v2\/posts\/494\/revisions"}],"predecessor-version":[{"id":497,"href":"https:\/\/blog.ilgiornale.it\/dessi\/wp-json\/wp\/v2\/posts\/494\/revisions\/497"}],"wp:featuredmedia":[{"embeddable":true,"href":"https:\/\/blog.ilgiornale.it\/dessi\/wp-json\/wp\/v2\/media\/492"}],"wp:attachment":[{"href":"https:\/\/blog.ilgiornale.it\/dessi\/wp-json\/wp\/v2\/media?parent=494"}],"wp:term":[{"taxonomy":"category","embeddable":true,"href":"https:\/\/blog.ilgiornale.it\/dessi\/wp-json\/wp\/v2\/categories?post=494"},{"taxonomy":"post_tag","embeddable":true,"href":"https:\/\/blog.ilgiornale.it\/dessi\/wp-json\/wp\/v2\/tags?post=494"}],"curies":[{"name":"wp","href":"https:\/\/api.w.org\/{rel}","templated":true}]}}