{"id":101,"date":"2014-02-20T22:36:27","date_gmt":"2014-02-20T22:36:27","guid":{"rendered":"https:\/\/blog.ilgiornale.it\/ferrara\/?p=101"},"modified":"2014-02-20T22:36:27","modified_gmt":"2014-02-20T22:36:27","slug":"i-burocrati-del-fisco-sono-dei-robot","status":"publish","type":"post","link":"https:\/\/blog.ilgiornale.it\/ferrara\/2014\/02\/20\/i-burocrati-del-fisco-sono-dei-robot\/","title":{"rendered":"I burocrati del Fisco sono dei robot"},"content":{"rendered":"<p>Hai voglia a parlare di <strong>Fisco<\/strong> amico, di sportello aperto al cittadino e di chiarezza comunicazionale. La verit\u00e0 \u00e8 che per interfacciarsi con il personale dell&#8217;<strong>Agenzia delle Entrate<\/strong> (ma badate bene che lo stesso discorso potrebbe valere anche per altri settori di quel contorto e immenso ginepraio dell&#8217;Amministrazione pubblica) servirebbe un traduttore o un sistema che permetta di decifrare uno dei linguaggi pi\u00f9 complessi con cui cittadini e imprenditori si trovano a dover fare i conti tutti i giorni.<\/p>\n<p>Di che parlo? Del <strong>burocratese<\/strong>.<\/p>\n<p><a href=\"https:\/\/blog.ilgiornale.it\/ferrara\/files\/2014\/02\/agenzia-entrate.jpg\"><img loading=\"lazy\" class=\"alignleft size-medium wp-image-102\" src=\"https:\/\/blog.ilgiornale.it\/ferrara\/files\/2014\/02\/agenzia-entrate-300x167.jpg\" alt=\"\" width=\"300\" height=\"167\" srcset=\"https:\/\/blog.ilgiornale.it\/ferrara\/files\/2014\/02\/agenzia-entrate-300x167.jpg 300w, https:\/\/blog.ilgiornale.it\/ferrara\/files\/2014\/02\/agenzia-entrate.jpg 680w\" sizes=\"(max-width: 300px) 100vw, 300px\" \/><\/a>Per capire di che si tratta, riporto qui la segnalazione di Paolo Federici, titolare di una azienda che gestisce trasporti internazionali. Lui ne ha scritto sul suo <strong><a href=\"http:\/\/lanavedeisogni.wordpress.com\/2014\/02\/20\/il-burocratese\/\" target=\"_blank\">blog<\/a><\/strong>, ma vale la pena portare alla luce il caso anche qui.<\/p>\n<p>Succede che l&#8217;<strong>imprenditore<\/strong> si pone questa domanda: &#8220;Se devo fatturare un\u2019operazione di trasporto ad un mio corrispondente giapponese, sulla fattura ci andr\u00e0 applicato il <strong>bollo<\/strong> da due euro s\u00ec o no?&#8221;.<\/p>\n<p>Un dubbio che nasce dall&#8217;esigenza di voler rispettare le norme fiscali e soprattutto di non rischiare di incorrere in sanzioni. E quindi Federici che fa? La cosa pi\u00f9 logica, almeno nei paesi pi\u00f9 evoluti: scrive agli organi competenti.<\/p>\n<p>Prima all&#8217;Associazione commercio estero che, probabilmente dopo aver sentito il parere dell&#8217;Agenzia delle Entrate, risponde cos\u00ec:<\/p>\n<blockquote><p><em>Le fatture superiori al 77.47 euro <\/em><br \/>\n<em>NON sono soggette a imposta di bollo se:<\/em><br \/>\n<em>&#8211; Operazioni non imponibili art. 8a \u2013 art. 8b \u00a0<\/em><br \/>\n<em>&#8211; Operazioni non imponibili art. 9 (solo se servizi internazionali diretti a esportazioni di merci) <\/em><br \/>\n<em>Sono soggette a imposta di bollo se:<\/em><br \/>\n<em>&#8211; Operazioni non imponibili art. art. 8 c \u2013 art. 8bis (escluse se dirette all\u2019esportazione) <\/em><br \/>\n<em>&#8211; Operazioni fuori campo iva art. 7<\/em><br \/>\n<em>&#8211; Operazioni escluse art. 15 <\/em><br \/>\n<em>&#8211; Operazioni non imponibili art. 9 (negli altri casi)<\/em><\/p><\/blockquote>\n<p>Che vuol dire? Ah, saperlo.<\/p>\n<p><a href=\"https:\/\/blog.ilgiornale.it\/ferrara\/files\/2014\/02\/fisco1.jpg\"><img loading=\"lazy\" class=\"alignleft size-medium wp-image-106\" src=\"https:\/\/blog.ilgiornale.it\/ferrara\/files\/2014\/02\/fisco1-300x187.jpg\" alt=\"\" width=\"300\" height=\"187\" srcset=\"https:\/\/blog.ilgiornale.it\/ferrara\/files\/2014\/02\/fisco1-300x187.jpg 300w, https:\/\/blog.ilgiornale.it\/ferrara\/files\/2014\/02\/fisco1.jpg 738w\" sizes=\"(max-width: 300px) 100vw, 300px\" \/><\/a>Non contento, Federici stavolta scrive direttamente all&#8217;Agenzia dell&#8217;Entrate. Che risponde cos\u00ec:<\/p>\n<p><em>\u00c8\u00a0 soggetto all\u2019imposta di bollo di 2 euro fin dall\u2019origine ciascun esemplare di fatture, cartacee ed elettroniche, nonch\u00e9 i documenti aventi un importo complessivo superiore a 77,47 euro emessi per le seguenti operazioni: <\/em><br \/>\n<em>\u00b7 operazioni escluse dal campo di applicazione dell\u2019Iva ai sensi dell\u2019articolo 15 del Dpr 633\/1972<\/em><br \/>\n<em>\u00b7 operazioni esenti ai sensi dell\u2019articolo 10 del Dpr 633\/1972<\/em><br \/>\n<em>\u00b7 operazioni fuori campo Iva per carenza del presupposto soggettivo, oggettivo o territoriale (7 ter)<\/em><br \/>\n<em>\u00b7 operazioni non imponibili relative a operazioni assimilate alle esportazioni, ai servizi internazionali, ai servizi connessi agli scambi internazionali, le cessioni agli esportatori abituali o esportazioni indirette.<\/em> <em>Nel caso in cui nella fattura vengano evidenziati sia importi assoggettati a Iva sia importi non assoggettati, con l\u2019importo non assoggettato di ammontare superiore a 77,47 euro, come indicato nella circolare ministeriale 1\/301333 del 1984 e nella 98\/2001, il bollo \u00e8 dovuto.<\/em><\/p>\n<p>Ci vorrebbe un pool di commercialisti per decifrare la risposta. Comunque, non c&#8217;\u00e8 due senza tre e cos\u00ec l&#8217;imprenditore continua a chiedere lumi. E scrive alla Direzione dell&#8217;Agenzia delle Entrate. La risposta \u00e8 il capolavoro del parossismo:<\/p>\n<blockquote><p>&#8220;Gentile contribuente, fermo restante la correttezza della risposta precedentemente fornita, considerando che sul punto esistono delle perplessit\u00e0 formulate dai vari operatori del settore, Le consigliamo di presentare apposita istanza di interpello ordinario ai sensi dell\u2019art. 11 delle legge n. 2012\/2000&#8221;.<\/p><\/blockquote>\n<p>Insomma, alla fine Federici non ha ottenuto una risposta chiara. Eppure sarebbe bastato un s\u00ec o un no.<\/p>\n<p>C&#8217;\u00e8 da indignarsi o no?<\/p>\n","protected":false},"excerpt":{"rendered":"<p><p>Hai voglia a parlare di Fisco amico, di sportello aperto al cittadino e di chiarezza comunicazionale. La verit\u00e0 \u00e8 che per interfacciarsi con il personale dell&#8217;Agenzia delle Entrate (ma badate bene che lo stesso discorso potrebbe valere anche per altri settori di quel contorto e immenso ginepraio dell&#8217;Amministrazione pubblica) servirebbe un traduttore o un sistema che permetta di decifrare uno dei linguaggi pi\u00f9 complessi con cui cittadini e imprenditori si trovano a dover fare i conti tutti i giorni. Di che parlo? Del burocratese. Per capire di che si tratta, riporto qui la segnalazione di Paolo Federici, titolare di una [&hellip;]<\/p>\n&nbsp;&nbsp;<div class=\"readmore\"><a href=\"https:\/\/blog.ilgiornale.it\/ferrara\/2014\/02\/20\/i-burocrati-del-fisco-sono-dei-robot\/\">Continua a leggere...<\/a><\/div><\/p>","protected":false},"author":1030,"featured_media":0,"comment_status":"open","ping_status":"closed","sticky":false,"template":"","format":"standard","meta":[],"categories":[44955],"tags":[17134,12461,30,18965,45006,11709,44958,12090],"_links":{"self":[{"href":"https:\/\/blog.ilgiornale.it\/ferrara\/wp-json\/wp\/v2\/posts\/101"}],"collection":[{"href":"https:\/\/blog.ilgiornale.it\/ferrara\/wp-json\/wp\/v2\/posts"}],"about":[{"href":"https:\/\/blog.ilgiornale.it\/ferrara\/wp-json\/wp\/v2\/types\/post"}],"author":[{"embeddable":true,"href":"https:\/\/blog.ilgiornale.it\/ferrara\/wp-json\/wp\/v2\/users\/1030"}],"replies":[{"embeddable":true,"href":"https:\/\/blog.ilgiornale.it\/ferrara\/wp-json\/wp\/v2\/comments?post=101"}],"version-history":[{"count":6,"href":"https:\/\/blog.ilgiornale.it\/ferrara\/wp-json\/wp\/v2\/posts\/101\/revisions"}],"predecessor-version":[{"id":109,"href":"https:\/\/blog.ilgiornale.it\/ferrara\/wp-json\/wp\/v2\/posts\/101\/revisions\/109"}],"wp:attachment":[{"href":"https:\/\/blog.ilgiornale.it\/ferrara\/wp-json\/wp\/v2\/media?parent=101"}],"wp:term":[{"taxonomy":"category","embeddable":true,"href":"https:\/\/blog.ilgiornale.it\/ferrara\/wp-json\/wp\/v2\/categories?post=101"},{"taxonomy":"post_tag","embeddable":true,"href":"https:\/\/blog.ilgiornale.it\/ferrara\/wp-json\/wp\/v2\/tags?post=101"}],"curies":[{"name":"wp","href":"https:\/\/api.w.org\/{rel}","templated":true}]}}