{"id":203,"date":"2014-06-24T19:48:05","date_gmt":"2014-06-24T19:48:05","guid":{"rendered":"https:\/\/blog.ilgiornale.it\/ferrara\/?p=203"},"modified":"2014-06-24T19:48:05","modified_gmt":"2014-06-24T19:48:05","slug":"tutta-colpa-di-prandelli","status":"publish","type":"post","link":"https:\/\/blog.ilgiornale.it\/ferrara\/2014\/06\/24\/tutta-colpa-di-prandelli\/","title":{"rendered":"Tutta colpa di Prandelli"},"content":{"rendered":"<p>Non prendiamoci in giro. L&#8217;arbitro, gli infortuni e il clima non c&#8217;entrano niente. Al massimo sono soltanto concause. Smettiamola di piangerci addosso e di raccattare alibi. E soprattutto piantiamola con il politically correct. La verit\u00e0 \u00e8 che l&#8217;unico vero colpevole della disfatta azzurra \u00e8 <strong>Cesare Prandelli<\/strong>. Punto. Lui che \u00e8 proprio l&#8217;emblema del politically correct. <a href=\"https:\/\/blog.ilgiornale.it\/ferrara\/files\/2014\/06\/prandelli2-2.jpg\"><img loading=\"lazy\" class=\"alignleft size-thumbnail wp-image-204\" src=\"https:\/\/blog.ilgiornale.it\/ferrara\/files\/2014\/06\/prandelli2-2-150x150.jpg\" alt=\"\" width=\"150\" height=\"150\" \/><\/a><\/p>\n<p>Il ct ha fallito su tutta la linea. Ha plasmato la squadra a sua immagine e somiglianza: elegante, leggera, \u201cpulita\u201d, ma soprattutto arida, priva di grinta e di cuore, oltre che di idee.<\/p>\n<p>Ha difeso, puntato tutto e insistito con<strong> Balotelli<\/strong>, ha illuso un Giuseppe Rossi che avrebbe avuto pi\u00f9 voglia e furore di tutti gli altri suoi compagni messi assieme, ha lasciato a casa gente con pi\u00f9 esperienza (vedi Toni e Gilardino), ha dato una prima chance a <strong>Cassano<\/strong> per poi ridargliela nonostante avesse gi\u00e0 deluso contro il Costa Rica.<\/p>\n<p>Perch\u00e9 Prandelli \u00e8 cos\u00ec: misericordioso e incapace di serbare rancore. Oggi ha messo Immobile soltanto perch\u00e9 l&#8217;opinione pubblica lo ha costretto a farlo. Poi ha messo Cassano quando magari sarebbe stato pi\u00f9 utile sfruttare le ripartenze di Cerci o di Insigne.<\/p>\n<p>Ma come si pu\u00f2 pensare di andare avanti se in tre partite la <strong>Nazionale<\/strong> ha tirato in porta solo cinque volte?<\/p>\n<p>Brutta senz&#8217;anima. L&#8217;<strong>Italia<\/strong> di Prandelli \u00e8 stata questa. Statica, svuotata di inventiva (eccetto quella di Pirlo), incapace di dare una scossa. Mancavano i leader, mancava la grinta. Amen. Appuntamento tra quattro anni. Senza Prandelli. Che quantomeno ha avuto la decenza di farsi da parte. Politically correct, appunto.<\/p>\n","protected":false},"excerpt":{"rendered":"<p><p>Non prendiamoci in giro. L&#8217;arbitro, gli infortuni e il clima non c&#8217;entrano niente. Al massimo sono soltanto concause. Smettiamola di piangerci addosso e di raccattare alibi. E soprattutto piantiamola con il politically correct. La verit\u00e0 \u00e8 che l&#8217;unico vero colpevole della disfatta azzurra \u00e8 Cesare Prandelli. Punto. Lui che \u00e8 proprio l&#8217;emblema del politically correct. Il ct ha fallito su tutta la linea. Ha plasmato la squadra a sua immagine e somiglianza: elegante, leggera, \u201cpulita\u201d, ma soprattutto arida, priva di grinta e di cuore, oltre che di idee. Ha difeso, puntato tutto e insistito con Balotelli, ha illuso un Giuseppe [&hellip;]<\/p>\n&nbsp;&nbsp;<div class=\"readmore\"><a href=\"https:\/\/blog.ilgiornale.it\/ferrara\/2014\/06\/24\/tutta-colpa-di-prandelli\/\">Continua a leggere...<\/a><\/div><\/p>","protected":false},"author":1030,"featured_media":0,"comment_status":"open","ping_status":"closed","sticky":false,"template":"","format":"standard","meta":[],"categories":[2543],"tags":[782,97,51301,26,17916,3787,51299],"_links":{"self":[{"href":"https:\/\/blog.ilgiornale.it\/ferrara\/wp-json\/wp\/v2\/posts\/203"}],"collection":[{"href":"https:\/\/blog.ilgiornale.it\/ferrara\/wp-json\/wp\/v2\/posts"}],"about":[{"href":"https:\/\/blog.ilgiornale.it\/ferrara\/wp-json\/wp\/v2\/types\/post"}],"author":[{"embeddable":true,"href":"https:\/\/blog.ilgiornale.it\/ferrara\/wp-json\/wp\/v2\/users\/1030"}],"replies":[{"embeddable":true,"href":"https:\/\/blog.ilgiornale.it\/ferrara\/wp-json\/wp\/v2\/comments?post=203"}],"version-history":[{"count":3,"href":"https:\/\/blog.ilgiornale.it\/ferrara\/wp-json\/wp\/v2\/posts\/203\/revisions"}],"predecessor-version":[{"id":207,"href":"https:\/\/blog.ilgiornale.it\/ferrara\/wp-json\/wp\/v2\/posts\/203\/revisions\/207"}],"wp:attachment":[{"href":"https:\/\/blog.ilgiornale.it\/ferrara\/wp-json\/wp\/v2\/media?parent=203"}],"wp:term":[{"taxonomy":"category","embeddable":true,"href":"https:\/\/blog.ilgiornale.it\/ferrara\/wp-json\/wp\/v2\/categories?post=203"},{"taxonomy":"post_tag","embeddable":true,"href":"https:\/\/blog.ilgiornale.it\/ferrara\/wp-json\/wp\/v2\/tags?post=203"}],"curies":[{"name":"wp","href":"https:\/\/api.w.org\/{rel}","templated":true}]}}