{"id":218,"date":"2014-09-12T19:32:13","date_gmt":"2014-09-12T19:32:13","guid":{"rendered":"https:\/\/blog.ilgiornale.it\/ferrara\/?p=218"},"modified":"2014-09-12T19:34:02","modified_gmt":"2014-09-12T19:34:02","slug":"paghero-il-pizzo-devo-pur-vivere","status":"publish","type":"post","link":"https:\/\/blog.ilgiornale.it\/ferrara\/2014\/09\/12\/paghero-il-pizzo-devo-pur-vivere\/","title":{"rendered":"&#8220;Pagher\u00f2 il pizzo. Devo pur vivere&#8230;&#8221;"},"content":{"rendered":"<p><strong>Premessa: pubblico lo sfogo di un ragazzo siciliano che vuole fare impresa a Palermo. Non aggiungo alcun commento perch\u00e9 penso che giudicare senza vivere una determinata situazione sia molto pi\u00f9 facile che viverla in prima persona. Tuttavia, penso possa essere una testimonianza utile quantomeno per far capire che non esiste solo il bianco e il nero e che spesso \u00e8 semplice lasciarsi andare a distinzioni manichee, a contrapposizioni tra buoni e cattivi, tra onesti e disonesti senza provare a comprendere che nel mezzo di tutto ci\u00f2 spesso c&#8217;\u00e8 la realt\u00e0, la vita vissuta, il contingente, l&#8217;arrendevolezza, la disperazione, la paura.<\/strong><\/p>\n<blockquote><p>&#8220;Mi hanno rubato sette motorini e, ogni volta che andavo in caserma a denunciare, l\u2019agente mi guardava tra lo sconsolato e il menefreghista e mi diceva: \u201cSe ne faccia una ragione\u201d. Lo Stato in Sicilia non c\u2019\u00e8. Ho rilevato un locale nel centro storico di Palermo e gi\u00e0 so a chi dovr\u00f2 pagare il pizzo e quanto sar\u00e0 l\u2019importo. Mille euro al mese. So che \u00e8 triste, ma alla fine credo che li pagher\u00f2.<\/p>\n<p>Un popolo che paga il pizzo \u00e8 un popolo senza dignit\u00e0. Conosco questa frase e posso essere pure d\u2019accordo. Ma dopo che investo i miei unici soldi per intraprendere un\u2019attivit\u00e0, non posso rischiare di rimanere senza niente in mano. Posso denunciare, \u00e8 vero, ma dopo che succede? Mi bruceranno il locale o mi ruberanno l\u2019incasso della giornata o peggio ancora mi daranno una bella lezione. E cosa avr\u00f2 risolto?<\/p>\n<p><a href=\"https:\/\/blog.ilgiornale.it\/ferrara\/files\/2014\/09\/soldi-32.jpg\"><img loading=\"lazy\" class=\"alignleft size-full wp-image-227\" src=\"https:\/\/blog.ilgiornale.it\/ferrara\/files\/2014\/09\/soldi-32.jpg\" alt=\"\" width=\"290\" height=\"192\" \/><\/a>\u00c8 lo stesso discorso dei motorini. Se vai a denunciare, ti danno una bella pacca sulla spalla e ti dicono: se lo dimentichi. Non fanno neanche la finta di interessarsi al tuo caso. Se invece chiami l\u2019amico dell\u2019amico che conosce il capo della zona invece lo ritrovi e te lo restituiscono, a volte pagando, altre volte no.<\/p>\n<p>L\u2019altra sera sono andato a ballare, ho posteggiato l\u2019auto e mi si \u00e8 presentato davanti un uomo alto due metri e largo uguale. Mi ha detto in siciliano stretto: \u201cM\u2019addare tri euro\u201d. Tre euro? Io ho solo un euro, gli ho detto. Poi alla fine glieli ho dati, per stare tranquillo. Al ritorno tre macchine accanto alla mia avevano tutte il finestrino rotto.<\/p>\n<p>Cosa voglio dire? Che se lo Stato fosse presente porrebbe un argine anche a questo piccolo ma grande fenomeno che poi altro non \u00e8 che le fondamenta su cui si regge la mafia: ricatto e paura. E io per tre euro devo rischiare di farmi distruggere l\u2019auto? Ripeto, \u00e8 triste, ma \u00e8 cos\u00ec. E se per lavorare nella mia citt\u00e0 devo pagare un prezzo, lo faccio. Ma almeno posso dormire tranquillo. Spero&#8221;.<\/p><\/blockquote>\n","protected":false},"excerpt":{"rendered":"<p><p>Premessa: pubblico lo sfogo di un ragazzo siciliano che vuole fare impresa a Palermo. Non aggiungo alcun commento perch\u00e9 penso che giudicare senza vivere una determinata situazione sia molto pi\u00f9 facile che viverla in prima persona. Tuttavia, penso possa essere una testimonianza utile quantomeno per far capire che non esiste solo il bianco e il nero e che spesso \u00e8 semplice lasciarsi andare a distinzioni manichee, a contrapposizioni tra buoni e cattivi, tra onesti e disonesti senza provare a comprendere che nel mezzo di tutto ci\u00f2 spesso c&#8217;\u00e8 la realt\u00e0, la vita vissuta, il contingente, l&#8217;arrendevolezza, la disperazione, la paura. [&hellip;]<\/p>\n&nbsp;&nbsp;<div class=\"readmore\"><a href=\"https:\/\/blog.ilgiornale.it\/ferrara\/2014\/09\/12\/paghero-il-pizzo-devo-pur-vivere\/\">Continua a leggere...<\/a><\/div><\/p>","protected":false},"author":1030,"featured_media":0,"comment_status":"open","ping_status":"closed","sticky":false,"template":"","format":"standard","meta":[],"categories":[247],"tags":[44985,16170,8192,51310,4667,45041],"_links":{"self":[{"href":"https:\/\/blog.ilgiornale.it\/ferrara\/wp-json\/wp\/v2\/posts\/218"}],"collection":[{"href":"https:\/\/blog.ilgiornale.it\/ferrara\/wp-json\/wp\/v2\/posts"}],"about":[{"href":"https:\/\/blog.ilgiornale.it\/ferrara\/wp-json\/wp\/v2\/types\/post"}],"author":[{"embeddable":true,"href":"https:\/\/blog.ilgiornale.it\/ferrara\/wp-json\/wp\/v2\/users\/1030"}],"replies":[{"embeddable":true,"href":"https:\/\/blog.ilgiornale.it\/ferrara\/wp-json\/wp\/v2\/comments?post=218"}],"version-history":[{"count":11,"href":"https:\/\/blog.ilgiornale.it\/ferrara\/wp-json\/wp\/v2\/posts\/218\/revisions"}],"predecessor-version":[{"id":232,"href":"https:\/\/blog.ilgiornale.it\/ferrara\/wp-json\/wp\/v2\/posts\/218\/revisions\/232"}],"wp:attachment":[{"href":"https:\/\/blog.ilgiornale.it\/ferrara\/wp-json\/wp\/v2\/media?parent=218"}],"wp:term":[{"taxonomy":"category","embeddable":true,"href":"https:\/\/blog.ilgiornale.it\/ferrara\/wp-json\/wp\/v2\/categories?post=218"},{"taxonomy":"post_tag","embeddable":true,"href":"https:\/\/blog.ilgiornale.it\/ferrara\/wp-json\/wp\/v2\/tags?post=218"}],"curies":[{"name":"wp","href":"https:\/\/api.w.org\/{rel}","templated":true}]}}